{"id":15480,"date":"2011-07-22T09:01:01","date_gmt":"2011-07-22T12:01:01","guid":{"rendered":"http:\/\/www.elsindical.com.ar\/notas\/?p=15480"},"modified":"2011-07-22T09:01:01","modified_gmt":"2011-07-22T12:01:01","slug":"almagro-otro-secuestro-express-a-manos-de-un-delincuente-menor","status":"publish","type":"post","link":"https:\/\/www.elsindical.com.ar\/notas\/almagro-otro-secuestro-express-a-manos-de-un-delincuente-menor\/","title":{"rendered":"Almagro: otro secuestro express a manos de un delincuente menor"},"content":{"rendered":"<p style=\"text-align: justify;\"><em><a href=\"http:\/\/www.elsindical.com.ar\/notas\/var\/www\/html\/notas\/wp-content\/uploads\/2010\/05\/detenidos-gen\u00e9ricos.jpg\"><img loading=\"lazy\" decoding=\"async\" class=\"alignleft size-full wp-image-6583\" title=\"detenidos-gen\u00e9ricos\" src=\"http:\/\/www.elsindical.com.ar\/notas\/var\/www\/html\/notas\/wp-content\/uploads\/2010\/05\/detenidos-gen\u00e9ricos.jpg\" alt=\"\" width=\"255\" height=\"129\" \/><\/a>El hecho ocurri\u00f3 <strong>anoche,<\/strong> cuando <strong>un hombre y una mujer fueron interceptados por dos ladrones armados<\/strong>, uno de ellos menor de edad, quienes los llevaron a <strong>recorrer cajeros autom\u00e1ticos<\/strong> en el auto de una de las v\u00edctimas. La polic\u00eda pudo atraparlos y recuperaron parte del dinero robado.<\/em><\/p>\n<p style=\"text-align: justify;\">Todo comenz\u00f3 pasadas las 21:00 hs., cuando un hombre, de unos 40 a\u00f1os, hab\u00eda ido a la casa de su cu\u00f1ada \u2013en Francisco Acu\u00f1a de Figueroa al 400, en el barrio porte\u00f1o de Almagro\u2013 para pedirle herramientas prestadas.<\/p>\n<p style=\"text-align: justify;\">Cuando la mujer baj\u00f3 a atenderlo, ambos fueron interceptados en la puerta del edificio por dos delincuentes armados, uno de los cuales es menor de edad, seg\u00fan informaron fuentes policiales.<\/p>\n<p style=\"text-align: justify;\">Los ladrones obligaron a las v\u00edctimas a subir al auto de uno de ellos, un Volkswagen Golf, y los llevaron a recorrer cajeros autom\u00e1ticos. El due\u00f1o del aveh\u00edculo manejaba, uno de los delincuentes iba del lado del acompa\u00f1ante y el menor de edad junto a la mujer en el asiento de atr\u00e1s.<\/p>\n<p style=\"text-align: justify;\">La primera parada fue en la avenida D\u00edaz V\u00e9lez, donde retiraron aproximadamente dos mil pesos. A pocas cuadras de all\u00ed, hubo un encuentro con otra mujer que llevaba un beb\u00e9 en brazos y los delincuentes le dieron parte del dinero a esa se\u00f1ora, tras lo cual continuaron la marcha.<\/p>\n<p style=\"text-align: justify;\">En la zona de Caballito, en el cruce de Hidalgo y avenida Rivadavia, decidieron liberar al due\u00f1o del rodado, mientras que la cu\u00f1ada continu\u00f3 como reh\u00e9n y el menor de edad tom\u00f3 el volante, precisaron los agentes.<\/p>\n<p style=\"text-align: justify;\">El hombre liberado alert\u00f3 a un patrullero, los oficiales pidieron refuerzos y comenz\u00f3 la b\u00fasqueda del auto. Finalmente, el mismo fue interceptado en la esquina de Yerbal y Boyac\u00e1, en el barrio de Flores, por dos m\u00f3viles dela Polic\u00edaFederal, uno de la comisar\u00eda 12 y otro de la 38.<\/p>\n<p style=\"text-align: justify;\">Los ladrones se entregaron sin ofrecer demasiada resistencia y la mujer fue liberada. S\u00f3lo recuperaron parte del dinero, aunque no precisaron cu\u00e1nto.<\/p>\n","protected":false},"excerpt":{"rendered":"<p>El hecho ocurri\u00f3 anoche, cuando un hombre y una mujer fueron interceptados por dos ladrones armados, uno de ellos menor de edad, quienes los llevaron a recorrer cajeros autom\u00e1ticos en el auto de una de las v\u00edctimas. La polic\u00eda pudo atraparlos y recuperaron parte del dinero robado. Todo comenz\u00f3 pasadas las 21:00 hs., cuando un&hellip;<\/p>\n","protected":false},"author":1,"featured_media":0,"comment_status":"open","ping_status":"open","sticky":false,"template":"","format":"standard","meta":{"footnotes":""},"categories":[22],"tags":[1729,400,1879,742,123,1514,7562,240,958,7563,1174,7564],"class_list":["post-15480","post","type-post","status-publish","format-standard","hentry","category-policiales","tag-almagro","tag-caballito","tag-cajeros","tag-detenidos","tag-dinero","tag-flores","tag-menores-de-edad","tag-pareja","tag-policia-federal","tag-recorrida","tag-robos","tag-secuestros-express"],"_links":{"self":[{"href":"https:\/\/www.elsindical.com.ar\/notas\/wp-json\/wp\/v2\/posts\/15480","targetHints":{"allow":["GET"]}}],"collection":[{"href":"https:\/\/www.elsindical.com.ar\/notas\/wp-json\/wp\/v2\/posts"}],"about":[{"href":"https:\/\/www.elsindical.com.ar\/notas\/wp-json\/wp\/v2\/types\/post"}],"author":[{"embeddable":true,"href":"https:\/\/www.elsindical.com.ar\/notas\/wp-json\/wp\/v2\/users\/1"}],"replies":[{"embeddable":true,"href":"https:\/\/www.elsindical.com.ar\/notas\/wp-json\/wp\/v2\/comments?post=15480"}],"version-history":[{"count":2,"href":"https:\/\/www.elsindical.com.ar\/notas\/wp-json\/wp\/v2\/posts\/15480\/revisions"}],"predecessor-version":[{"id":15482,"href":"https:\/\/www.elsindical.com.ar\/notas\/wp-json\/wp\/v2\/posts\/15480\/revisions\/15482"}],"wp:attachment":[{"href":"https:\/\/www.elsindical.com.ar\/notas\/wp-json\/wp\/v2\/media?parent=15480"}],"wp:term":[{"taxonomy":"category","embeddable":true,"href":"https:\/\/www.elsindical.com.ar\/notas\/wp-json\/wp\/v2\/categories?post=15480"},{"taxonomy":"post_tag","embeddable":true,"href":"https:\/\/www.elsindical.com.ar\/notas\/wp-json\/wp\/v2\/tags?post=15480"}],"curies":[{"name":"wp","href":"https:\/\/api.w.org\/{rel}","templated":true}]}}