{"id":15443,"date":"2011-07-20T15:39:24","date_gmt":"2011-07-20T18:39:24","guid":{"rendered":"http:\/\/www.elsindical.com.ar\/notas\/?p=15443"},"modified":"2011-07-20T15:39:24","modified_gmt":"2011-07-20T18:39:24","slug":"palermodiscapacidad-y-respeto-de-la-ley-de-transito","status":"publish","type":"post","link":"https:\/\/www.elsindical.com.ar\/notas\/palermodiscapacidad-y-respeto-de-la-ley-de-transito\/","title":{"rendered":"Palermo:Discapacidad y respeto de la Ley de Tr\u00e1nsito"},"content":{"rendered":"<p style=\"text-align: justify;\"><em>\u00a0 <a href=\"http:\/\/www.elsindical.com.ar\/notas\/var\/www\/html\/notas\/wp-content\/uploads\/2011\/07\/discapacitada-en-infracci\u00f3n.jpg\"><img loading=\"lazy\" decoding=\"async\" class=\"alignleft size-medium wp-image-15444\" title=\"discapacitada-en-infracci\u00f3n\" src=\"http:\/\/www.elsindical.com.ar\/notas\/var\/www\/html\/notas\/wp-content\/uploads\/2011\/07\/discapacitada-en-infracci\u00f3n-300x205.jpg\" alt=\"\" width=\"300\" height=\"205\" srcset=\"https:\/\/www.elsindical.com.ar\/notas\/var\/www\/html\/notas\/wp-content\/uploads\/2011\/07\/discapacitada-en-infracci\u00f3n-300x205.jpg 300w, https:\/\/www.elsindical.com.ar\/notas\/var\/www\/html\/notas\/wp-content\/uploads\/2011\/07\/discapacitada-en-infracci\u00f3n.jpg 531w\" sizes=\"auto, (max-width: 300px) 100vw, 300px\" \/><\/a>El martes 19 de julio, a las 13:23 hs. en la Av. Santa Fe y Juan B. Justo, un veh\u00edculo gris, marca Honda, modelo Fit, patente<strong> HZG 123<\/strong>, con distintivos de usuario con discapacidad, era conducido imprudentemente por una se\u00f1ora mayor que circulaba utilizando una mano y habl\u00e1ndo por tel\u00e9fono celular.<\/em><\/p>\n<p style=\"text-align: justify;\">Son muchas las ocasiones en que las ONG y personas con discapacidad, suelen denunciar el incumplimiento de los beneficios que poseen las personas con discapacidad y el cupo para formar parte de la administraci\u00f3n p\u00fablica. Destacan correctamente que no siempre encuentran respeto en los dem\u00e1s ciudadanos, cuando se estaciona obstruyendo las rampas en las esquinas, o la prioridad en colas, atenci\u00f3n o circulaci\u00f3n.<\/p>\n<p style=\"text-align: justify;\">Si bien la Ley 22.431, enumera varios privilegios para las personas con discapacidad, esto no contempla el violar las normas b\u00e1sicas de tr\u00e1nsito, obligatorias para todos los ciudadanos. Esto es, que existe un permiso amplio de estacionamiento, conducir hablando por celular, no solo constituye un acto irresponsable y reprochable administrtiva y judicialmente, sino tambi\u00e9n una exposici\u00f3n para terceros, ajenos a la conducta desaprensiva de quien la realiza, que bien puede terminar en un accidente de tr\u00e1nsito con consecuencias impredicibles.<\/p>\n<p style=\"text-align: justify;\">Si el requisito en los veh\u00edculos identificados con distintivos sobre discapacidad, incluye en la mayor\u00eda de los casos, requisitos de modificaci\u00f3n del auto a utilizar, el riesgo de conducir con una sola mano, aumenta el riesgo de accidente.<\/p>\n<p style=\"text-align: justify;\">Es mi opini\u00f3n personal, que el respeto siempre debe ser mutuo, y nadie puede creer que los privilegios que el Estado reconoce para un sector por su discapacidad, se puede extender, a una especie de inmunidad, cuando el concepto de inclusi\u00f3n es justamente igualar a las personas, igualdad que entiendo, se debe respetar sin privilegios.<\/p>\n<p style=\"text-align: justify;\"><a href=\"http:\/\/www.elsindical.com.ar\/notas\/var\/www\/html\/notas\/wp-content\/uploads\/2011\/07\/discapacitada-zoom.jpg\"><img loading=\"lazy\" decoding=\"async\" class=\"alignleft size-medium wp-image-15445\" title=\"discapacitada-zoom\" src=\"http:\/\/www.elsindical.com.ar\/notas\/var\/www\/html\/notas\/wp-content\/uploads\/2011\/07\/discapacitada-zoom-300x240.jpg\" alt=\"\" width=\"300\" height=\"240\" srcset=\"https:\/\/www.elsindical.com.ar\/notas\/var\/www\/html\/notas\/wp-content\/uploads\/2011\/07\/discapacitada-zoom-300x240.jpg 300w, https:\/\/www.elsindical.com.ar\/notas\/var\/www\/html\/notas\/wp-content\/uploads\/2011\/07\/discapacitada-zoom.jpg 531w\" sizes=\"auto, (max-width: 300px) 100vw, 300px\" \/><\/a><\/p>\n<p style=\"text-align: justify;\">\u00a0<\/p>\n<p style=\"text-align: justify;\">\u00a0<\/p>\n<p style=\"text-align: justify;\">\u00a0<\/p>\n<p style=\"text-align: justify;\">\u00a0<\/p>\n<p style=\"text-align: justify;\">\u00a0<\/p>\n<p style=\"text-align: justify;\">\u00a0<\/p>\n<p style=\"text-align: justify;\">\u00a0<\/p>\n<p style=\"text-align: justify;\"><a href=\"http:\/\/www.elsindical.com.ar\/notas\/var\/www\/html\/notas\/wp-content\/uploads\/2011\/07\/patente-discapacitada.jpg\"><img loading=\"lazy\" decoding=\"async\" class=\"alignleft size-medium wp-image-15446\" title=\"patente-discapacitada\" src=\"http:\/\/www.elsindical.com.ar\/notas\/var\/www\/html\/notas\/wp-content\/uploads\/2011\/07\/patente-discapacitada-300x245.jpg\" alt=\"\" width=\"300\" height=\"245\" srcset=\"https:\/\/www.elsindical.com.ar\/notas\/var\/www\/html\/notas\/wp-content\/uploads\/2011\/07\/patente-discapacitada-300x245.jpg 300w, https:\/\/www.elsindical.com.ar\/notas\/var\/www\/html\/notas\/wp-content\/uploads\/2011\/07\/patente-discapacitada.jpg 531w\" sizes=\"auto, (max-width: 300px) 100vw, 300px\" \/><\/a><\/p>\n<p style=\"text-align: justify;\"><em><strong>Por Marcelo Ricardo Hawrylciw<\/strong><\/em><\/p>\n","protected":false},"excerpt":{"rendered":"<p>\u00a0 El martes 19 de julio, a las 13:23 hs. en la Av. Santa Fe y Juan B. Justo, un veh\u00edculo gris, marca Honda, modelo Fit, patente HZG 123, con distintivos de usuario con discapacidad, era conducido imprudentemente por una se\u00f1ora mayor que circulaba utilizando una mano y habl\u00e1ndo por tel\u00e9fono celular. Son muchas las&hellip;<\/p>\n","protected":false},"author":3,"featured_media":0,"comment_status":"open","ping_status":"open","sticky":false,"template":"","format":"standard","meta":{"footnotes":""},"categories":[6],"tags":[990,7544,519,4806,2057,7545,41,7546,1898,1337,3013],"class_list":["post-15443","post","type-post","status-publish","format-standard","hentry","category-denuncias","tag-accidente","tag-av-santa-fe","tag-celular","tag-discapacitada","tag-infraccion","tag-juan-b-justo","tag-justicia","tag-ley-22-431","tag-ley-de-transito","tag-palermo","tag-vehiculo"],"_links":{"self":[{"href":"https:\/\/www.elsindical.com.ar\/notas\/wp-json\/wp\/v2\/posts\/15443","targetHints":{"allow":["GET"]}}],"collection":[{"href":"https:\/\/www.elsindical.com.ar\/notas\/wp-json\/wp\/v2\/posts"}],"about":[{"href":"https:\/\/www.elsindical.com.ar\/notas\/wp-json\/wp\/v2\/types\/post"}],"author":[{"embeddable":true,"href":"https:\/\/www.elsindical.com.ar\/notas\/wp-json\/wp\/v2\/users\/3"}],"replies":[{"embeddable":true,"href":"https:\/\/www.elsindical.com.ar\/notas\/wp-json\/wp\/v2\/comments?post=15443"}],"version-history":[{"count":1,"href":"https:\/\/www.elsindical.com.ar\/notas\/wp-json\/wp\/v2\/posts\/15443\/revisions"}],"predecessor-version":[{"id":15447,"href":"https:\/\/www.elsindical.com.ar\/notas\/wp-json\/wp\/v2\/posts\/15443\/revisions\/15447"}],"wp:attachment":[{"href":"https:\/\/www.elsindical.com.ar\/notas\/wp-json\/wp\/v2\/media?parent=15443"}],"wp:term":[{"taxonomy":"category","embeddable":true,"href":"https:\/\/www.elsindical.com.ar\/notas\/wp-json\/wp\/v2\/categories?post=15443"},{"taxonomy":"post_tag","embeddable":true,"href":"https:\/\/www.elsindical.com.ar\/notas\/wp-json\/wp\/v2\/tags?post=15443"}],"curies":[{"name":"wp","href":"https:\/\/api.w.org\/{rel}","templated":true}]}}