{"id":1534,"date":"2009-11-05T19:52:28","date_gmt":"2009-11-05T22:52:28","guid":{"rendered":"http:\/\/www.elsindical.com.ar\/notas\/?p=1534"},"modified":"2009-11-05T19:52:28","modified_gmt":"2009-11-05T22:52:28","slug":"murio-felix-luna","status":"publish","type":"post","link":"https:\/\/www.elsindical.com.ar\/notas\/murio-felix-luna\/","title":{"rendered":"Muri\u00f3 F\u00e9lix Luna"},"content":{"rendered":"<p style=\"text-align: justify;\"><em><img loading=\"lazy\" decoding=\"async\" class=\"alignleft size-full wp-image-1535\" title=\"F\u00e9lix-Luna\" src=\"http:\/\/www.elsindical.com.ar\/notas\/var\/www\/html\/notas\/wp-content\/uploads\/2009\/11\/F\u00e9lix-Luna.jpg\" alt=\"F\u00e9lix-Luna\" width=\"227\" height=\"182\" \/>Abogado, historiador, escritor, artista y pol\u00edtico argentino. Fue el fundador y director de la revista <strong>Todo es Historia<\/strong>. Falleci\u00f3 a los 84 a\u00f1os. El lunes hab\u00eda sido distinguidpo por la Academia del Folklore de la Rep\u00fablica Argentina.<\/em><\/p>\n<p style=\"text-align: justify;\">El destacado historiador y folklorista argentino F\u00e9lix Luna falleci\u00f3 hoy en esta capital a los 84 a\u00f1os de edad, v\u00edctima de una prolongada enfermedad, anunciaron medios de prensa.<\/p>\n<p>Como una doloros\u00edsima e irreparable p\u00e9rdida para la cultura nacional calific\u00f3 el presidente de la Academia del Folklore, Antonio Rodr\u00edguez Villar, el deceso de Luna, quien era Miembro de Honor de esa instituci\u00f3n.<\/p>\n<p>Por su parte, el historiador y escritor Pacho ODonnell dijo a la agencia de noticias T\u00e9lam que Luna fue \u00abun gran divulgador, el mejor de todos, y nos ense\u00f1\u00f3 a argentinas y argentinos a amar y comprender a nuestra Patria y sus pr\u00f3ceres\u00bb.<\/p>\n<p>El historiador y escritor F\u00e9lix Luna, quien naci\u00f3 aqu\u00ed el 30 de septiembre de 1925, escribi\u00f3 m\u00e1s de 20 obras, entre ellas Historia de los argentinos; Yrigoyen; La fusilaci\u00f3n; Alvear; Di\u00e1logos con Frondizi, y Los caudillos.<\/p>\n<p>Fue un reconocido abogado, historiador, escritor, artista y pol\u00edtico argentino, miembro de la Uni\u00f3n C\u00edvica Radical. Fundador y director de la revista Todo es Historia.<\/p>\n<p>Entre sus libros se encuentran El 45, Los caudillos, Ortiz: reportaje a la Argentina opulenta, De Per\u00f3n a Lanusse, Soy Roca, etc. Junto a Ariel Ramirez compuso la poes\u00eda de obras musicales como los \u00e1lbumes Navidad Nuestra (1964), Mujeres Argentinas (1969, donde se destaca su canci\u00f3n \u00abAlfonsina y el mar\u00bb) y Cantata Sudamericana.<\/p>\n<p>El abuelo de F\u00e9lix Luna fue el fundador de la Uni\u00f3n C\u00edvica Radical de La Rioja y su t\u00edo, Pelagio Luna, fue vicepresidente de la Naci\u00f3n acompa\u00f1ando a Hip\u00f3lito Yrigoyen.<\/p>\n<p>Se recibi\u00f3 de abogado en 1951 en la Universidad de Buenos Aires. Escribi\u00f3 numerosas obras de historia, ensayo, ficci\u00f3n, period\u00edsticas y musicales. Entre 1956 y 1958 fue Director de la Obra Social del Ministerio de Trabajo de la Naci\u00f3n.<\/p>\n<p>En 1957 recibi\u00f3 su primer premio, otorgado por la Direcci\u00f3n de Cultura de la Naci\u00f3n, al mejor cuento costumbrista por La fusilaci\u00f3n. Ha desempe\u00f1ado cargos p\u00fablicos y acad\u00e9micos de relevancia. Entre 1963 y 1976 ejerci\u00f3 la docencia como profesor de \u00abHistoria de las Instituciones\u00bb en la Facultad de Derecho de la UBA. Dict\u00f3 \u00abHistoria Contempor\u00e1nea\u00bb en la Facultad de Humanidades de la Universidad de Belgrano (1967-1986) e \u00abHistoria Argentina\u00bb en la Facultad de Ciencias Pol\u00edticas de la Universidad del Salvador (1977). Fue Secretario de Cultura de la Municipalidad de la Ciudad de Buenos Aires entre 1986 y 1989.<\/p>\n<p>Ha recibido distinciones de los gobiernos de Francia, Per\u00fa y Brasil, en 1994 recibi\u00f3 el Premio Konex en el rubro \u00abbiograf\u00edas hist\u00f3ricas\u00bb, adem\u00e1s de ser nombrado ciudadano ilustre de la ciudad de Buenos Aires en 1996.<\/p>\n<p>Como historiador ha escrito gran cantidad de libros entre los que se destacan cl\u00e1sicos como Yrigoyen, El 45, Los Caudillos, y Per\u00f3n y su tiempo.<\/p>\n<p>Fue fundador y director de la importante revista Todo es Historia publicada sin interrupciones desde 1967, y ha influido decisivamente en la construcci\u00f3n de la historiograf\u00eda argentina. A trav\u00e9s de esa revista tuvo especial difusi\u00f3n la corriente revisionista, a la que Luna no perteneci\u00f3, y de la cual se fue alejando con el paso del tiempo.<\/p>\n<p>Asimismo ha conducido varios programas radiales y televisivos relacionados con la difusi\u00f3n de la historia.<\/p>\n<p>Como artista se ha destacado componiendo la letra de obras musicales como Navidad Nuestra, Cantata Sudamericana y Mujeres Argentinas, incluyendo las famosas canciones de Alfonsina y el mar y Juana Azurduy. Ha escrito tambi\u00e9n libros de ficci\u00f3n, como el premiado \u00abLa fusilaci\u00f3n\u00bb.<\/p>\n<p>Esta semana, m\u00e1s precisamente el 2 de noviembre, hab\u00eda sido distinguido. \u00abPap\u00e1 siempre fue un agradecido a lo que la m\u00fasica y el folklore le dieron\u00bb, dijo Felicitas Luna al recibir en nombre de su padre un premio de la Academia del Folklore de la Rep\u00fablica Argentina, que le entreg\u00f3 Chango Far\u00edas G\u00f3mez en un acto en la Legislatura.<\/p>\n","protected":false},"excerpt":{"rendered":"<p>Abogado, historiador, escritor, artista y pol\u00edtico argentino. Fue el fundador y director de la revista Todo es Historia. Falleci\u00f3 a los 84 a\u00f1os. El lunes hab\u00eda sido distinguidpo por la Academia del Folklore de la Rep\u00fablica Argentina. El destacado historiador y folklorista argentino F\u00e9lix Luna falleci\u00f3 hoy en esta capital a los 84 a\u00f1os de&hellip;<\/p>\n","protected":false},"author":1,"featured_media":0,"comment_status":"open","ping_status":"open","sticky":false,"template":"","format":"standard","meta":{"footnotes":""},"categories":[25],"tags":[501,857,858],"class_list":["post-1534","post","type-post","status-publish","format-standard","hentry","category-sociedad","tag-abogado","tag-felix-luna","tag-historiador"],"_links":{"self":[{"href":"https:\/\/www.elsindical.com.ar\/notas\/wp-json\/wp\/v2\/posts\/1534","targetHints":{"allow":["GET"]}}],"collection":[{"href":"https:\/\/www.elsindical.com.ar\/notas\/wp-json\/wp\/v2\/posts"}],"about":[{"href":"https:\/\/www.elsindical.com.ar\/notas\/wp-json\/wp\/v2\/types\/post"}],"author":[{"embeddable":true,"href":"https:\/\/www.elsindical.com.ar\/notas\/wp-json\/wp\/v2\/users\/1"}],"replies":[{"embeddable":true,"href":"https:\/\/www.elsindical.com.ar\/notas\/wp-json\/wp\/v2\/comments?post=1534"}],"version-history":[{"count":2,"href":"https:\/\/www.elsindical.com.ar\/notas\/wp-json\/wp\/v2\/posts\/1534\/revisions"}],"predecessor-version":[{"id":1537,"href":"https:\/\/www.elsindical.com.ar\/notas\/wp-json\/wp\/v2\/posts\/1534\/revisions\/1537"}],"wp:attachment":[{"href":"https:\/\/www.elsindical.com.ar\/notas\/wp-json\/wp\/v2\/media?parent=1534"}],"wp:term":[{"taxonomy":"category","embeddable":true,"href":"https:\/\/www.elsindical.com.ar\/notas\/wp-json\/wp\/v2\/categories?post=1534"},{"taxonomy":"post_tag","embeddable":true,"href":"https:\/\/www.elsindical.com.ar\/notas\/wp-json\/wp\/v2\/tags?post=1534"}],"curies":[{"name":"wp","href":"https:\/\/api.w.org\/{rel}","templated":true}]}}