{"id":15235,"date":"2011-07-12T17:04:31","date_gmt":"2011-07-12T20:04:31","guid":{"rendered":"http:\/\/www.elsindical.com.ar\/notas\/?p=15235"},"modified":"2011-07-12T17:04:31","modified_gmt":"2011-07-12T20:04:31","slug":"mar-del-platagrave-denuncia-de-abuso-sexual-en-centro-de-menores","status":"publish","type":"post","link":"https:\/\/www.elsindical.com.ar\/notas\/mar-del-platagrave-denuncia-de-abuso-sexual-en-centro-de-menores\/","title":{"rendered":"Mar del Plata:Grave denuncia de abuso sexual en centro de menores"},"content":{"rendered":"<p style=\"text-align: justify;\"><em>\u00a0<a href=\"http:\/\/www.elsindical.com.ar\/notas\/var\/www\/html\/notas\/wp-content\/uploads\/2011\/07\/Cerrado-de-Menores-de-Bat\u00e1n.jpg\"><img loading=\"lazy\" decoding=\"async\" class=\"alignleft size-medium wp-image-15236\" title=\"Cerrado-de-Menores-de-Bat\u00e1n\" src=\"http:\/\/www.elsindical.com.ar\/notas\/var\/www\/html\/notas\/wp-content\/uploads\/2011\/07\/Cerrado-de-Menores-de-Bat\u00e1n-300x193.jpg\" alt=\"\" width=\"300\" height=\"193\" srcset=\"https:\/\/www.elsindical.com.ar\/notas\/var\/www\/html\/notas\/wp-content\/uploads\/2011\/07\/Cerrado-de-Menores-de-Bat\u00e1n-300x193.jpg 300w, https:\/\/www.elsindical.com.ar\/notas\/var\/www\/html\/notas\/wp-content\/uploads\/2011\/07\/Cerrado-de-Menores-de-Bat\u00e1n.jpg 443w\" sizes=\"auto, (max-width: 300px) 100vw, 300px\" \/><\/a> Un menor de 16 a\u00f1os, que se encuentra alojado en un Centro Cerrado de Menores en la localidad de Bat\u00e1n, Mar del Plata, denunci\u00f3 que un mayor masculino de 19 a\u00f1os, lo someti\u00f3 sexualmente, oblig\u00e1ndolo a practicarle sexo oral. La denuncia tiene gravedad adem\u00e1s de por el abuso, porque el acusado de 19 a\u00f1os, deber\u00eda haber sido trasladado a una unidad penal y no al centro de menores, vale recordar que actualmente,\u00a0la mayor\u00eda de edad es a los 18 a\u00f1os.<\/em><\/p>\n<p style=\"text-align: justify;\">El hecho habr\u00eda sido perpetrado por un joven de 19 a\u00f1os que fue llevado desde Azul al Centro de Menores, cuando por ser mayor de edad pudo haber sido incorporado al sistema carcelario de adultos.<\/p>\n<p style=\"text-align: justify;\">El director del establecimiento de menores radic\u00f3 la denuncia y tom\u00f3 intervenci\u00f3n la Fiscal de Mar del Plata <strong>Andrea G\u00f3mez<\/strong>, quien confirm\u00f3 hoy el episodio y precis\u00f3 que se produjo el domingo \u00faltimo por la noche.<\/p>\n<p style=\"text-align: justify;\">El interno mayor, se\u00f1al\u00f3, habr\u00eda obligado a un chico a practicarle sexo oral, dentro de las instalaciones del Centro. La Fiscal afirm\u00f3 esta ma\u00f1ana a<em> Radio Brisas<\/em> de Mar del Plata que todav\u00eda no hab\u00eda tomado declaraci\u00f3n al adolescente agredido y advirti\u00f3 que el hecho de que un mayor se encuentre dentro de un centro para menores <em>\u201cdepende de los legisladores\u201d<\/em>. <em>\u201cNosotros somos instrumentos operativos del sistema, debemos tratar los casos y dar las garant\u00edas respectivas, las respuestas de por qu\u00e9 un mayor, con 19 a\u00f1os de edad, se encuentra alojado en un centro de contenci\u00f3n de menores, la deben dar los legisladores\u201d<\/em>, sostuvo.<\/p>\n<p style=\"text-align: justify;\">La Fiscal G\u00f3mez asegur\u00f3 que el ataque <em>\u201cocurri\u00f3 el domingo por la noche, pero reci\u00e9n se dio a conocer el lunes por la ma\u00f1ana cuando el menor abusado le coment\u00f3 la novedad al director, quien a su vez hizo la denuncia\u201d. \u201cTodav\u00eda no le tom\u00e9 declaraci\u00f3n al menor abusado, de manera que a\u00fan no se si en el hecho medi\u00f3 una amenaza con armas\u201d,<\/em> manifest\u00f3.<\/p>\n<p style=\"text-align: justify;\">Si bien la Fiscal deslind\u00f3 responsabilidades por parte de las autoridades judiciales que ordenaron el traslado del mayor al instituto de menores, no son los legisladores quienes deben interpretar la Ley, y es la Ley 26.579 la que determina la mayor\u00eda de edad de los ciudadanos, hoy 18 a\u00f1os, y son los funcionarios judiciales y pol\u00edticos, los que deben adecuar seg\u00fan el caso las medidas a adoptar, es decir, el director del lugar deber\u00eda advertir a quien dispone el traslado que la medida no es correcta por la edad del detenido y el riesgo de que abuse de los menores, justamente por su mayor\u00eda de edad.<\/p>\n<p style=\"text-align: justify;\">No se puede admitir cualquier respuesta, provenga de un funcionario judicial o pol\u00edtico, ya que de lo contrario tendremos una justicia inoperante y una prensa tonta.<\/p>\n","protected":false},"excerpt":{"rendered":"<p>\u00a0 Un menor de 16 a\u00f1os, que se encuentra alojado en un Centro Cerrado de Menores en la localidad de Bat\u00e1n, Mar del Plata, denunci\u00f3 que un mayor masculino de 19 a\u00f1os, lo someti\u00f3 sexualmente, oblig\u00e1ndolo a practicarle sexo oral. La denuncia tiene gravedad adem\u00e1s de por el abuso, porque el acusado de 19 a\u00f1os,&hellip;<\/p>\n","protected":false},"author":1,"featured_media":0,"comment_status":"open","ping_status":"open","sticky":false,"template":"","format":"standard","meta":{"footnotes":""},"categories":[1,19],"tags":[783,7377,7376,1602,792,41,1673,3163,252,2445],"class_list":["post-15235","post","type-post","status-publish","format-standard","hentry","category-destacadas","category-intramuros","tag-abuso-sexual","tag-batan","tag-centro-cerrado-de-menores","tag-director","tag-fiscal","tag-justicia","tag-mar-del-plata","tag-mayores","tag-menores","tag-sexo-oral"],"_links":{"self":[{"href":"https:\/\/www.elsindical.com.ar\/notas\/wp-json\/wp\/v2\/posts\/15235","targetHints":{"allow":["GET"]}}],"collection":[{"href":"https:\/\/www.elsindical.com.ar\/notas\/wp-json\/wp\/v2\/posts"}],"about":[{"href":"https:\/\/www.elsindical.com.ar\/notas\/wp-json\/wp\/v2\/types\/post"}],"author":[{"embeddable":true,"href":"https:\/\/www.elsindical.com.ar\/notas\/wp-json\/wp\/v2\/users\/1"}],"replies":[{"embeddable":true,"href":"https:\/\/www.elsindical.com.ar\/notas\/wp-json\/wp\/v2\/comments?post=15235"}],"version-history":[{"count":1,"href":"https:\/\/www.elsindical.com.ar\/notas\/wp-json\/wp\/v2\/posts\/15235\/revisions"}],"predecessor-version":[{"id":15237,"href":"https:\/\/www.elsindical.com.ar\/notas\/wp-json\/wp\/v2\/posts\/15235\/revisions\/15237"}],"wp:attachment":[{"href":"https:\/\/www.elsindical.com.ar\/notas\/wp-json\/wp\/v2\/media?parent=15235"}],"wp:term":[{"taxonomy":"category","embeddable":true,"href":"https:\/\/www.elsindical.com.ar\/notas\/wp-json\/wp\/v2\/categories?post=15235"},{"taxonomy":"post_tag","embeddable":true,"href":"https:\/\/www.elsindical.com.ar\/notas\/wp-json\/wp\/v2\/tags?post=15235"}],"curies":[{"name":"wp","href":"https:\/\/api.w.org\/{rel}","templated":true}]}}