{"id":15221,"date":"2011-07-12T14:35:01","date_gmt":"2011-07-12T17:35:01","guid":{"rendered":"http:\/\/www.elsindical.com.ar\/notas\/?p=15221"},"modified":"2011-07-12T14:35:01","modified_gmt":"2011-07-12T17:35:01","slug":"nunca-pense-que-iba-a-convertirme-en-una-madre-del-dolor","status":"publish","type":"post","link":"https:\/\/www.elsindical.com.ar\/notas\/nunca-pense-que-iba-a-convertirme-en-una-madre-del-dolor\/","title":{"rendered":"\u00abNunca pens\u00e9 que iba a convertirme en una madre del dolor\u00bb"},"content":{"rendered":"<p style=\"text-align: justify;\"><em><a href=\"http:\/\/www.elsindical.com.ar\/notas\/var\/www\/html\/notas\/wp-content\/uploads\/2011\/07\/Diana-Cohen-Agrest-exposici.jpg\"><img loading=\"lazy\" decoding=\"async\" class=\"alignleft size-full wp-image-15222\" title=\"Diana-Cohen-Agrest-exposici\" src=\"http:\/\/www.elsindical.com.ar\/notas\/var\/www\/html\/notas\/wp-content\/uploads\/2011\/07\/Diana-Cohen-Agrest-exposici.jpg\" alt=\"\" width=\"295\" height=\"255\" \/><\/a>As\u00ed lo afirm\u00f3 Diana Cohen Agrest, la fil\u00f3sofa y madre de <strong>Ezequiel Agrest<\/strong>, el joven asesinado de dos balazos el viernes pasado en medio de un asalto, en el barrio de Caballito.<\/em><\/p>\n<p style=\"text-align: justify;\">De acuerdo con una investigaci\u00f3n, el asesino ya estar\u00eda identificado y se tratar\u00eda de un joven de 25 a\u00f1os e hijo de un miembro de la Polic\u00eda Federal. Al parecer, el padre del sospechoso habr\u00eda colaborado con la pesquisa.<\/p>\n<p style=\"text-align: justify;\"><strong>\u00abSi es posible dar un sentido a este sin sentido, la muerte de mi hijo, es que esos actos gratuitos no se repitan nunca, nunca m\u00e1s\u00bb,<\/strong> dijo al diario La Naci\u00f3n la madre de Ezequiel.<\/p>\n<p style=\"text-align: justify;\">Fuentes policiales revelaron que el joven <strong>Ezequiel<\/strong>, de 26 a\u00f1os y estudiante de cine, se encontraba el viernes pasado por la tarde con compa\u00f1eros para preparar un cortometraje en la casa de\u00a0uno de ellos cuando fue asesinado a balazos por un delincuente que intent\u00f3 robar en el inmueble,\u00a0ubicado en <strong>Bertres al 500. <\/strong><strong>La v\u00edctima recibi\u00f3 los disparos cuando intent\u00f3 defender a una amiga.<\/strong><\/p>\n<p style=\"text-align: justify;\"><strong>Asimismo, dijo al diario clar\u00edn que <\/strong>\u201cestamos ante algo m\u00e1s que un caso puntual&#8230;<strong>estamos ante una sociedad enferma donde se ha perdido el valor de la vida. Hoy es uno, ma\u00f1ana otro&#8230; esta vez nos toc\u00f3 a nosotros<\/strong>\u201d, \u201cDe esto no te salva encerrarte en un country ni en una torre de marfil, porque <strong>no es algo contra lo que se pueda luchar individualmente<\/strong>\u201d, a\u00f1adi\u00f3 la fil\u00f3sofa.<\/p>\n<p style=\"text-align: justify;\">En tanto, Cohen Agrest dijo que \u201cla inseguridad est\u00e1 m\u00e1s all\u00e1 del dinero, del poder y de la voluntad de uno. Estamos en una sociedad que devora a sus propios hijos: primero fueron los desaparecidos, despu\u00e9s Malvinas, ahora el paco y el gatillo f\u00e1cil\u201d.<\/p>\n","protected":false},"excerpt":{"rendered":"<p>As\u00ed lo afirm\u00f3 Diana Cohen Agrest, la fil\u00f3sofa y madre de Ezequiel Agrest, el joven asesinado de dos balazos el viernes pasado en medio de un asalto, en el barrio de Caballito. De acuerdo con una investigaci\u00f3n, el asesino ya estar\u00eda identificado y se tratar\u00eda de un joven de 25 a\u00f1os e hijo de un&hellip;<\/p>\n","protected":false},"author":1,"featured_media":0,"comment_status":"open","ping_status":"open","sticky":false,"template":"","format":"standard","meta":{"footnotes":""},"categories":[25],"tags":[2547,39,400,508,7336,7335,7369,4345,41,921,7370,2643,2553,958,116,198],"class_list":["post-15221","post","type-post","status-publish","format-standard","hentry","category-sociedad","tag-amiga","tag-asesinado","tag-caballito","tag-desaparecidos","tag-diana-cohen-agrest","tag-ezequiel-agrest","tag-filosofa","tag-gatillo-facil","tag-justicia","tag-madre","tag-madre-del-dolor","tag-malvinas","tag-paco","tag-policia-federal","tag-robo","tag-victima"],"_links":{"self":[{"href":"https:\/\/www.elsindical.com.ar\/notas\/wp-json\/wp\/v2\/posts\/15221","targetHints":{"allow":["GET"]}}],"collection":[{"href":"https:\/\/www.elsindical.com.ar\/notas\/wp-json\/wp\/v2\/posts"}],"about":[{"href":"https:\/\/www.elsindical.com.ar\/notas\/wp-json\/wp\/v2\/types\/post"}],"author":[{"embeddable":true,"href":"https:\/\/www.elsindical.com.ar\/notas\/wp-json\/wp\/v2\/users\/1"}],"replies":[{"embeddable":true,"href":"https:\/\/www.elsindical.com.ar\/notas\/wp-json\/wp\/v2\/comments?post=15221"}],"version-history":[{"count":2,"href":"https:\/\/www.elsindical.com.ar\/notas\/wp-json\/wp\/v2\/posts\/15221\/revisions"}],"predecessor-version":[{"id":15224,"href":"https:\/\/www.elsindical.com.ar\/notas\/wp-json\/wp\/v2\/posts\/15221\/revisions\/15224"}],"wp:attachment":[{"href":"https:\/\/www.elsindical.com.ar\/notas\/wp-json\/wp\/v2\/media?parent=15221"}],"wp:term":[{"taxonomy":"category","embeddable":true,"href":"https:\/\/www.elsindical.com.ar\/notas\/wp-json\/wp\/v2\/categories?post=15221"},{"taxonomy":"post_tag","embeddable":true,"href":"https:\/\/www.elsindical.com.ar\/notas\/wp-json\/wp\/v2\/tags?post=15221"}],"curies":[{"name":"wp","href":"https:\/\/api.w.org\/{rel}","templated":true}]}}