{"id":15209,"date":"2011-07-12T00:39:24","date_gmt":"2011-07-12T03:39:24","guid":{"rendered":"http:\/\/www.elsindical.com.ar\/notas\/?p=15209"},"modified":"2011-07-12T00:39:24","modified_gmt":"2011-07-12T03:39:24","slug":"plan-de-lucha-en-el-bauen","status":"publish","type":"post","link":"https:\/\/www.elsindical.com.ar\/notas\/plan-de-lucha-en-el-bauen\/","title":{"rendered":"Plan de lucha en el Bauen"},"content":{"rendered":"<p style=\"text-align: justify;\"><em><a href=\"http:\/\/www.elsindical.com.ar\/notas\/var\/www\/html\/notas\/wp-content\/uploads\/2011\/07\/Cooperativa-Bauen.jpg\"><img loading=\"lazy\" decoding=\"async\" class=\"alignleft size-medium wp-image-15210\" title=\"Cooperativa-Bauen\" src=\"http:\/\/www.elsindical.com.ar\/notas\/var\/www\/html\/notas\/wp-content\/uploads\/2011\/07\/Cooperativa-Bauen-250x300.jpg\" alt=\"\" width=\"250\" height=\"300\" srcset=\"https:\/\/www.elsindical.com.ar\/notas\/var\/www\/html\/notas\/wp-content\/uploads\/2011\/07\/Cooperativa-Bauen-250x300.jpg 250w, https:\/\/www.elsindical.com.ar\/notas\/var\/www\/html\/notas\/wp-content\/uploads\/2011\/07\/Cooperativa-Bauen.jpg 325w\" sizes=\"auto, (max-width: 250px) 100vw, 250px\" \/><\/a>La Cooperativa Bauen, que gestiona el hotel del mismo nombre recuperado por sus trabajadores, reclam\u00f3 una \u00absoluci\u00f3n pol\u00edtica\u00bb y la sanci\u00f3n de una ley de expropiaci\u00f3n frente al fallo adverso de la Corte Suprema de Justicia de la Naci\u00f3n \u00abque clausura el camino legal\u00bb.<\/em><\/p>\n<p style=\"text-align: justify;\">Los trabajadores anunciaron el inicio de un plan de lucha que incluye campa\u00f1as de difusi\u00f3n, actos p\u00fablicos y actividades culturales para cuyo armado convocaron a una reuni\u00f3n para esta tarde en el hotel.<\/p>\n<p style=\"text-align: justify;\">La Corte Suprema rechaz\u00f3 el recurso de queja presentado por la cooperativa del Bauen en el 2009, tras varios intentos de desalojos que los trabajadores resistieron.<\/p>\n<p style=\"text-align: justify;\">\u00abCon esta resoluci\u00f3n, se agotan las instancias legales para continuar la pelea que llevamos adelante desde marzo de 2003, y luego de que el hotel estuviera cerrado m\u00e1s de dos a\u00f1os, cuando nos hicimos cargo de la Cooperativa\u00bb, se\u00f1al\u00f3 un comunicado de prensa de los trabajadores.<\/p>\n<p style=\"text-align: justify;\">Agregan que bajo la direcci\u00f3n de los trabajadores, el lugar se posicion\u00f3 como un referente de autogesti\u00f3n y, adem\u00e1s del servicio de hotel, \u00abes actualmente un lugar para realizar eventos, exposiciones, conferencias y seminarios al que se acercan movimientos, cooperativas y empresas recuperadas de todo el pa\u00eds\u00bb.<\/p>\n<p style=\"text-align: justify;\">Analizaron que el fallo \u00abcontra la Cooperativa nos obliga m\u00e1s que nunca a encontrar la soluci\u00f3n pol\u00edtica\u00bb que pasa, entienden los trabajadores del Bauen, por la sanci\u00f3n de la Ley de Expropiaci\u00f3n presentada por ellos en el Congreso Nacional.<\/p>\n","protected":false},"excerpt":{"rendered":"<p>La Cooperativa Bauen, que gestiona el hotel del mismo nombre recuperado por sus trabajadores, reclam\u00f3 una \u00absoluci\u00f3n pol\u00edtica\u00bb y la sanci\u00f3n de una ley de expropiaci\u00f3n frente al fallo adverso de la Corte Suprema de Justicia de la Naci\u00f3n \u00abque clausura el camino legal\u00bb. Los trabajadores anunciaron el inicio de un plan de lucha que&hellip;<\/p>\n","protected":false},"author":1,"featured_media":0,"comment_status":"open","ping_status":"open","sticky":false,"template":"","format":"standard","meta":{"footnotes":""},"categories":[16],"tags":[7362,7363,7361,7364],"class_list":["post-15209","post","type-post","status-publish","format-standard","hentry","category-gremiales","tag-bauen","tag-cooperativa","tag-corte-suprema-de-justicia","tag-expropiacion"],"_links":{"self":[{"href":"https:\/\/www.elsindical.com.ar\/notas\/wp-json\/wp\/v2\/posts\/15209","targetHints":{"allow":["GET"]}}],"collection":[{"href":"https:\/\/www.elsindical.com.ar\/notas\/wp-json\/wp\/v2\/posts"}],"about":[{"href":"https:\/\/www.elsindical.com.ar\/notas\/wp-json\/wp\/v2\/types\/post"}],"author":[{"embeddable":true,"href":"https:\/\/www.elsindical.com.ar\/notas\/wp-json\/wp\/v2\/users\/1"}],"replies":[{"embeddable":true,"href":"https:\/\/www.elsindical.com.ar\/notas\/wp-json\/wp\/v2\/comments?post=15209"}],"version-history":[{"count":1,"href":"https:\/\/www.elsindical.com.ar\/notas\/wp-json\/wp\/v2\/posts\/15209\/revisions"}],"predecessor-version":[{"id":15211,"href":"https:\/\/www.elsindical.com.ar\/notas\/wp-json\/wp\/v2\/posts\/15209\/revisions\/15211"}],"wp:attachment":[{"href":"https:\/\/www.elsindical.com.ar\/notas\/wp-json\/wp\/v2\/media?parent=15209"}],"wp:term":[{"taxonomy":"category","embeddable":true,"href":"https:\/\/www.elsindical.com.ar\/notas\/wp-json\/wp\/v2\/categories?post=15209"},{"taxonomy":"post_tag","embeddable":true,"href":"https:\/\/www.elsindical.com.ar\/notas\/wp-json\/wp\/v2\/tags?post=15209"}],"curies":[{"name":"wp","href":"https:\/\/api.w.org\/{rel}","templated":true}]}}