{"id":15198,"date":"2011-07-11T21:16:04","date_gmt":"2011-07-12T00:16:04","guid":{"rendered":"http:\/\/www.elsindical.com.ar\/notas\/?p=15198"},"modified":"2011-07-11T21:16:04","modified_gmt":"2011-07-12T00:16:04","slug":"corrientesrescataron-a-nueve-mujeres-obligadas-a-prostituirse","status":"publish","type":"post","link":"https:\/\/www.elsindical.com.ar\/notas\/corrientesrescataron-a-nueve-mujeres-obligadas-a-prostituirse\/","title":{"rendered":"Corrientes:Rescataron a nueve mujeres obligadas a prostituirse"},"content":{"rendered":"<div id=\"bajada\">\n<p style=\"text-align: justify;\"><em><a href=\"http:\/\/www.elsindical.com.ar\/notas\/var\/www\/html\/notas\/wp-content\/uploads\/2011\/07\/rescate-prost\u00edbulo-de-Santo.jpg\"><img loading=\"lazy\" decoding=\"async\" class=\"alignleft size-medium wp-image-15199\" title=\"rescate-prost\u00edbulo-de-Santo\" src=\"http:\/\/www.elsindical.com.ar\/notas\/var\/www\/html\/notas\/wp-content\/uploads\/2011\/07\/rescate-prost\u00edbulo-de-Santo-300x225.jpg\" alt=\"\" width=\"300\" height=\"225\" srcset=\"https:\/\/www.elsindical.com.ar\/notas\/var\/www\/html\/notas\/wp-content\/uploads\/2011\/07\/rescate-prost\u00edbulo-de-Santo-300x225.jpg 300w, https:\/\/www.elsindical.com.ar\/notas\/var\/www\/html\/notas\/wp-content\/uploads\/2011\/07\/rescate-prost\u00edbulo-de-Santo.jpg 413w\" sizes=\"auto, (max-width: 300px) 100vw, 300px\" \/><\/a>Las mujeres, de entre 18 y 27 a\u00f1os, eran obligadas a trabajar en el lugar nocturno en la ciudad correntina de Santo Tom\u00e9.<\/em><\/p>\n<\/div>\n<div id=\"texto\">\n<p style=\"text-align: justify;\">Nueve mujeres de entre 18 y 27 a\u00f1os que eran obligadas a ejercer la prostituci\u00f3n en un local nocturno de la ciudad correntina de Santo Tom\u00e9 fueron rescatadas por efectivos de Gendarmer\u00eda Nacional, que arrestaron a la encargada del lugar.<\/p>\n<p style=\"text-align: justify;\">Voceros de la polic\u00eda fronteriza informaron que en la madrugada del s\u00e1bado agentes del Escuadr\u00f3n 57 de Gendarmer\u00eda allan\u00f3 un local nocturno de Santo Tom\u00e9 y personal femenino de la fuerza brind\u00f3 asistencia a las v\u00edctimas.<\/p>\n<p style=\"text-align: justify;\">Las mujeres tambi\u00e9n fueron atendidas por la Subsecretar\u00eda de Igualdad de Oportunidades, que depende del Ministerio de Derechos Humanos de la provincia, destacaron los informantes.<\/p>\n<p style=\"text-align: justify;\">Gendarmer\u00eda dio intervenci\u00f3n en el caso a la Jueza <strong>Gladis Mabel Borda<\/strong>, titular del Juzgado Federal de Paso de Los Libres, que instruy\u00f3 actuaciones por \u201cinfracci\u00f3n a la ley 23.364\u201d, que reprime la trata de personas.<\/p>\n<\/div>\n","protected":false},"excerpt":{"rendered":"<p>Las mujeres, de entre 18 y 27 a\u00f1os, eran obligadas a trabajar en el lugar nocturno en la ciudad correntina de Santo Tom\u00e9. Nueve mujeres de entre 18 y 27 a\u00f1os que eran obligadas a ejercer la prostituci\u00f3n en un local nocturno de la ciudad correntina de Santo Tom\u00e9 fueron rescatadas por efectivos de Gendarmer\u00eda&hellip;<\/p>\n","protected":false},"author":1,"featured_media":0,"comment_status":"open","ping_status":"open","sticky":false,"template":"","format":"standard","meta":{"footnotes":""},"categories":[22],"tags":[281,1429,7357,59,491,7356,7355],"class_list":["post-15198","post","type-post","status-publish","format-standard","hentry","category-policiales","tag-corrientes","tag-gendarmeria-nacional","tag-ministerio-de-derechos-humanos-de-la-provincia","tag-mujeres","tag-prostitucion","tag-rescata","tag-santo-tome"],"_links":{"self":[{"href":"https:\/\/www.elsindical.com.ar\/notas\/wp-json\/wp\/v2\/posts\/15198","targetHints":{"allow":["GET"]}}],"collection":[{"href":"https:\/\/www.elsindical.com.ar\/notas\/wp-json\/wp\/v2\/posts"}],"about":[{"href":"https:\/\/www.elsindical.com.ar\/notas\/wp-json\/wp\/v2\/types\/post"}],"author":[{"embeddable":true,"href":"https:\/\/www.elsindical.com.ar\/notas\/wp-json\/wp\/v2\/users\/1"}],"replies":[{"embeddable":true,"href":"https:\/\/www.elsindical.com.ar\/notas\/wp-json\/wp\/v2\/comments?post=15198"}],"version-history":[{"count":2,"href":"https:\/\/www.elsindical.com.ar\/notas\/wp-json\/wp\/v2\/posts\/15198\/revisions"}],"predecessor-version":[{"id":15201,"href":"https:\/\/www.elsindical.com.ar\/notas\/wp-json\/wp\/v2\/posts\/15198\/revisions\/15201"}],"wp:attachment":[{"href":"https:\/\/www.elsindical.com.ar\/notas\/wp-json\/wp\/v2\/media?parent=15198"}],"wp:term":[{"taxonomy":"category","embeddable":true,"href":"https:\/\/www.elsindical.com.ar\/notas\/wp-json\/wp\/v2\/categories?post=15198"},{"taxonomy":"post_tag","embeddable":true,"href":"https:\/\/www.elsindical.com.ar\/notas\/wp-json\/wp\/v2\/tags?post=15198"}],"curies":[{"name":"wp","href":"https:\/\/api.w.org\/{rel}","templated":true}]}}