{"id":15137,"date":"2011-07-08T00:32:04","date_gmt":"2011-07-08T03:32:04","guid":{"rendered":"http:\/\/www.elsindical.com.ar\/notas\/?p=15137"},"modified":"2011-07-08T00:32:04","modified_gmt":"2011-07-08T03:32:04","slug":"moronprision-perpetua-para-el-marido-de-la-docente-asesinada-en-castelar","status":"publish","type":"post","link":"https:\/\/www.elsindical.com.ar\/notas\/moronprision-perpetua-para-el-marido-de-la-docente-asesinada-en-castelar\/","title":{"rendered":"Mor\u00f3n:Prisi\u00f3n perpetua para el marido de la docente asesinada en Castelar"},"content":{"rendered":"<p style=\"text-align: justify;\"><em><a href=\"http:\/\/www.elsindical.com.ar\/notas\/var\/www\/html\/notas\/wp-content\/uploads\/2011\/07\/reclamo-asesinato-Andrea-Pa.jpg\"><img loading=\"lazy\" decoding=\"async\" class=\"alignleft size-medium wp-image-15138\" title=\"reclamo-asesinato-Andrea-Pa\" src=\"http:\/\/www.elsindical.com.ar\/notas\/var\/www\/html\/notas\/wp-content\/uploads\/2011\/07\/reclamo-asesinato-Andrea-Pa-300x225.jpg\" alt=\"\" width=\"300\" height=\"225\" srcset=\"https:\/\/www.elsindical.com.ar\/notas\/var\/www\/html\/notas\/wp-content\/uploads\/2011\/07\/reclamo-asesinato-Andrea-Pa-300x225.jpg 300w, https:\/\/www.elsindical.com.ar\/notas\/var\/www\/html\/notas\/wp-content\/uploads\/2011\/07\/reclamo-asesinato-Andrea-Pa.jpg 413w\" sizes=\"auto, (max-width: 300px) 100vw, 300px\" \/><\/a>Se trata de <strong>Claudio Sartal<\/strong> quien fue condenado por el delito de \u00abhomicidio triplemente calificado por el v\u00ednculo, promesa remuneratoria y la participaci\u00f3n de dos o m\u00e1s personas\u00bb. Adem\u00e1s, el Tribunal Oral Criminal 3 de Mor\u00f3n orden\u00f3 la \u00abinmediata detenci\u00f3n\u00bb de Sartal y adem\u00e1s hicieron saber que contin\u00faa la investigaci\u00f3n para hallar al autor material del crimen.<\/em><\/p>\n<p style=\"text-align: justify;\">El Tribunal Oral Criminal 3 de mor\u00f3n conden\u00f3 a un hombre a prisi\u00f3n perpetua al ser considerado instigador del crimen de su ex mujer, la docente Andrea Paj\u00f3n, atacada a balazos en Castelar.<\/p>\n<p>Claudio Sartal fue condenado por el delito de \u00abhomicidio triplemente calificado por el v\u00ednculo, promesa remuneratoria y la participaci\u00f3n de dos o m\u00e1s personas\u00bb.<\/p>\n<p>Al mismo juicio hab\u00eda llegado acusado de la autor\u00eda material del crimen Gabriel Varas, quien no fue acusado por la fiscal\u00eda.<\/p>\n<p>El Tribunal orden\u00f3 la \u00abinmediata detenci\u00f3n\u00bb de Sartal y adem\u00e1s hicieron saber que contin\u00faa la investigaci\u00f3n para hallar al autor material del crimen.<\/p>\n","protected":false},"excerpt":{"rendered":"<p>Se trata de Claudio Sartal quien fue condenado por el delito de \u00abhomicidio triplemente calificado por el v\u00ednculo, promesa remuneratoria y la participaci\u00f3n de dos o m\u00e1s personas\u00bb. Adem\u00e1s, el Tribunal Oral Criminal 3 de Mor\u00f3n orden\u00f3 la \u00abinmediata detenci\u00f3n\u00bb de Sartal y adem\u00e1s hicieron saber que contin\u00faa la investigaci\u00f3n para hallar al autor material&hellip;<\/p>\n","protected":false},"author":1,"featured_media":0,"comment_status":"open","ping_status":"open","sticky":false,"template":"","format":"standard","meta":{"footnotes":""},"categories":[20],"tags":[],"class_list":["post-15137","post","type-post","status-publish","format-standard","hentry","category-judiciales"],"_links":{"self":[{"href":"https:\/\/www.elsindical.com.ar\/notas\/wp-json\/wp\/v2\/posts\/15137","targetHints":{"allow":["GET"]}}],"collection":[{"href":"https:\/\/www.elsindical.com.ar\/notas\/wp-json\/wp\/v2\/posts"}],"about":[{"href":"https:\/\/www.elsindical.com.ar\/notas\/wp-json\/wp\/v2\/types\/post"}],"author":[{"embeddable":true,"href":"https:\/\/www.elsindical.com.ar\/notas\/wp-json\/wp\/v2\/users\/1"}],"replies":[{"embeddable":true,"href":"https:\/\/www.elsindical.com.ar\/notas\/wp-json\/wp\/v2\/comments?post=15137"}],"version-history":[{"count":1,"href":"https:\/\/www.elsindical.com.ar\/notas\/wp-json\/wp\/v2\/posts\/15137\/revisions"}],"predecessor-version":[{"id":15139,"href":"https:\/\/www.elsindical.com.ar\/notas\/wp-json\/wp\/v2\/posts\/15137\/revisions\/15139"}],"wp:attachment":[{"href":"https:\/\/www.elsindical.com.ar\/notas\/wp-json\/wp\/v2\/media?parent=15137"}],"wp:term":[{"taxonomy":"category","embeddable":true,"href":"https:\/\/www.elsindical.com.ar\/notas\/wp-json\/wp\/v2\/categories?post=15137"},{"taxonomy":"post_tag","embeddable":true,"href":"https:\/\/www.elsindical.com.ar\/notas\/wp-json\/wp\/v2\/tags?post=15137"}],"curies":[{"name":"wp","href":"https:\/\/api.w.org\/{rel}","templated":true}]}}