{"id":15077,"date":"2011-07-05T00:24:43","date_gmt":"2011-07-05T03:24:43","guid":{"rendered":"http:\/\/www.elsindical.com.ar\/notas\/?p=15077"},"modified":"2011-07-05T00:24:43","modified_gmt":"2011-07-05T03:24:43","slug":"asumen-las-nuevas-autoridades-del-sadop","status":"publish","type":"post","link":"https:\/\/www.elsindical.com.ar\/notas\/asumen-las-nuevas-autoridades-del-sadop\/","title":{"rendered":"Asumen las nuevas autoridades del SADOP"},"content":{"rendered":"<p style=\"text-align: justify;\"><em><a href=\"http:\/\/www.elsindical.com.ar\/notas\/var\/www\/html\/notas\/wp-content\/uploads\/2011\/07\/Sec.Gral_.-SADOP-Mario-Almir.jpg\"><img loading=\"lazy\" decoding=\"async\" class=\"alignleft size-medium wp-image-15078\" title=\"Sec.Gral.-SADOP-Mario-Almir\" src=\"http:\/\/www.elsindical.com.ar\/notas\/var\/www\/html\/notas\/wp-content\/uploads\/2011\/07\/Sec.Gral_.-SADOP-Mario-Almir-300x179.jpg\" alt=\"\" width=\"300\" height=\"179\" srcset=\"https:\/\/www.elsindical.com.ar\/notas\/var\/www\/html\/notas\/wp-content\/uploads\/2011\/07\/Sec.Gral_.-SADOP-Mario-Almir-300x179.jpg 300w, https:\/\/www.elsindical.com.ar\/notas\/var\/www\/html\/notas\/wp-content\/uploads\/2011\/07\/Sec.Gral_.-SADOP-Mario-Almir.jpg 325w\" sizes=\"auto, (max-width: 300px) 100vw, 300px\" \/><\/a>El Sindicato Argentino de Docentes Privados (SADOP) renovar\u00e1 este martes sus autoridades nacionales y Mario Almir\u00f3n asumir\u00e1 su cargo como nuevo Secretario General. <\/em><\/p>\n<p style=\"text-align: justify;\">Tambi\u00e9n asumir\u00e1 Juan Carlos Cuy\u00e1s como Secretario Adjunto y Administrativo de SADOP mientras que Horacio Ghilini ser\u00e1 el Secretario de Relaciones Institucionales.<\/p>\n<p style=\"text-align: justify;\">\u00abAgradezco todas las muestras de respaldo y afecto recibidas, las que nos motivan a trabajar cada vez m\u00e1s para defender los leg\u00edtimos derechos e intereses de los docentes\u00bb, dijo Almir\u00f3n a trav\u00e9s de un comunicado.<\/p>\n<p style=\"text-align: justify;\">El acto se realizar\u00e1 a las 17.30 en la sede central de ese sindicato en la calle Teniente General Per\u00f3n 2625.<\/p>\n","protected":false},"excerpt":{"rendered":"<p>El Sindicato Argentino de Docentes Privados (SADOP) renovar\u00e1 este martes sus autoridades nacionales y Mario Almir\u00f3n asumir\u00e1 su cargo como nuevo Secretario General. Tambi\u00e9n asumir\u00e1 Juan Carlos Cuy\u00e1s como Secretario Adjunto y Administrativo de SADOP mientras que Horacio Ghilini ser\u00e1 el Secretario de Relaciones Institucionales. \u00abAgradezco todas las muestras de respaldo y afecto recibidas, las&hellip;<\/p>\n","protected":false},"author":1,"featured_media":0,"comment_status":"open","ping_status":"open","sticky":false,"template":"","format":"standard","meta":{"footnotes":""},"categories":[16],"tags":[7280,371,7281,778,1382],"class_list":["post-15077","post","type-post","status-publish","format-standard","hentry","category-gremiales","tag-asuncion","tag-autoridades","tag-mario-almiron","tag-sadop","tag-secretario-general"],"_links":{"self":[{"href":"https:\/\/www.elsindical.com.ar\/notas\/wp-json\/wp\/v2\/posts\/15077","targetHints":{"allow":["GET"]}}],"collection":[{"href":"https:\/\/www.elsindical.com.ar\/notas\/wp-json\/wp\/v2\/posts"}],"about":[{"href":"https:\/\/www.elsindical.com.ar\/notas\/wp-json\/wp\/v2\/types\/post"}],"author":[{"embeddable":true,"href":"https:\/\/www.elsindical.com.ar\/notas\/wp-json\/wp\/v2\/users\/1"}],"replies":[{"embeddable":true,"href":"https:\/\/www.elsindical.com.ar\/notas\/wp-json\/wp\/v2\/comments?post=15077"}],"version-history":[{"count":1,"href":"https:\/\/www.elsindical.com.ar\/notas\/wp-json\/wp\/v2\/posts\/15077\/revisions"}],"predecessor-version":[{"id":15079,"href":"https:\/\/www.elsindical.com.ar\/notas\/wp-json\/wp\/v2\/posts\/15077\/revisions\/15079"}],"wp:attachment":[{"href":"https:\/\/www.elsindical.com.ar\/notas\/wp-json\/wp\/v2\/media?parent=15077"}],"wp:term":[{"taxonomy":"category","embeddable":true,"href":"https:\/\/www.elsindical.com.ar\/notas\/wp-json\/wp\/v2\/categories?post=15077"},{"taxonomy":"post_tag","embeddable":true,"href":"https:\/\/www.elsindical.com.ar\/notas\/wp-json\/wp\/v2\/tags?post=15077"}],"curies":[{"name":"wp","href":"https:\/\/api.w.org\/{rel}","templated":true}]}}