{"id":15051,"date":"2011-07-03T01:06:01","date_gmt":"2011-07-03T04:06:01","guid":{"rendered":"http:\/\/www.elsindical.com.ar\/notas\/?p=15051"},"modified":"2011-07-03T01:06:01","modified_gmt":"2011-07-03T04:06:01","slug":"denuncian-penalmente-a-diego-santili","status":"publish","type":"post","link":"https:\/\/www.elsindical.com.ar\/notas\/denuncian-penalmente-a-diego-santili\/","title":{"rendered":"Denuncian penalmente a Diego Santili"},"content":{"rendered":"<p style=\"text-align: justify;\"><em><a href=\"http:\/\/www.elsindical.com.ar\/notas\/var\/www\/html\/notas\/wp-content\/uploads\/2011\/07\/Diego-Santili.jpg\"><img loading=\"lazy\" decoding=\"async\" class=\"alignleft size-medium wp-image-15052\" title=\"Diego-Santili\" src=\"http:\/\/www.elsindical.com.ar\/notas\/var\/www\/html\/notas\/wp-content\/uploads\/2011\/07\/Diego-Santili-300x240.jpg\" alt=\"\" width=\"300\" height=\"240\" srcset=\"https:\/\/www.elsindical.com.ar\/notas\/var\/www\/html\/notas\/wp-content\/uploads\/2011\/07\/Diego-Santili-300x240.jpg 300w, https:\/\/www.elsindical.com.ar\/notas\/var\/www\/html\/notas\/wp-content\/uploads\/2011\/07\/Diego-Santili.jpg 413w\" sizes=\"auto, (max-width: 300px) 100vw, 300px\" \/><\/a>El Ministro de Ambiente y Espacio P\u00fablico del Gobierno porte\u00f1o y referente del PRO fue acusado de incumplimiento de deberes, por lo que deber\u00e1 dar explicaciones ante la Justicia.<\/em><\/p>\n<p style=\"text-align: justify;\">El ministro de Ambiente y Espacio P\u00fablico del Gobierno porte\u00f1o, <strong>Diego Santilli<\/strong>, podr\u00eda ser llamado a declarar en la Justicia a ra\u00edz de una denuncia penal que pesa en su contra por presunto Incumplimiento de sus deberes de funcionario p\u00fablico y violaci\u00f3n a la ley 25.188 de \u00e9tica p\u00fablica.<\/p>\n<p style=\"text-align: justify;\">La denuncia fue radicada en noviembre de 2010 ante el titular del Juzgado Federal N\u00ba 10, <strong>Juli\u00e1n Ercolini<\/strong>, por la ONG Defendamos Buenos Aires, por la propaganda que Santilli habr\u00eda hecho de su persona a trav\u00e9s de numerosos afiches de difusi\u00f3n de su gesti\u00f3n al frente de la cartera de Espacio P\u00fablico.<\/p>\n<p style=\"text-align: justify;\">Seg\u00fan consigna la citada ONG, Santilli se autopromocion\u00f3 en cientos de miles de afiches correspondientes a 34 campa\u00f1as diferentes, entre las que se cuentan la referida a la poda de \u00e1rboles, el arreglo de veredas, los nuevos sem\u00e1foros, las ferias barriales, entre otras.<\/p>\n<p style=\"text-align: justify;\">En estos afiches, pagados con los impuestos de los porte\u00f1os, se puede ver la imagen del ministro, con su nombre y su firma, e incluso en algunos casos aparecieron su mail, su tel\u00e9fono y sus cuentas de Facebook y Twitter.<\/p>\n<p style=\"text-align: justify;\">Cabe recordar que hasta que Macri decidi\u00f3 bajarse de la carrera presidencial y postularse a la reelecci\u00f3n junto a <strong>Mar\u00eda Eugenia Vidal<\/strong>, Santilli ten\u00eda serias intenciones de integrar la f\u00f3rmula del PRO en la Ciudad, para lo cual necesitaba difundir su imagen.<\/p>\n<p style=\"text-align: justify;\"><em>\u201cSantilli hizo todo tipo de afiches sobre diferentes obras del gobierno, y en todos aparec\u00eda su nombre, su cara y hasta su firma\u201d<\/em>, coment\u00f3 indignado el letrado <strong>Javier Miglino<\/strong>, titular de la ONG denunciante.<\/p>\n<p style=\"text-align: justify;\"><em>\u201cNo se pueden utilizar nombres y apellidos ni im\u00e1genes para publicitarse\u201d<\/em>, asegur\u00f3 el abogado, para luego remarcar: <em>\u201cSantilli incumpli\u00f3 la ley nacional de \u00e9tica p\u00fablica con la intenci\u00f3n de traccionarse propaganda a s\u00ed mismo. Recordemos que ten\u00eda intenciones de postularse a vicejefe de gobierno\u201d<\/em>.<\/p>\n<p style=\"text-align: justify;\">La ley de \u00e9tica p\u00fablica, mencionada por Miglino, dice que <em>\u201cla publicidad de los actos, programas, obras, servicios y campa\u00f1as de los \u00f3rganos p\u00fablicos deber\u00e1 tener car\u00e1cter educativo, informativo o de orientaci\u00f3n social, no pudiendo constar en ella nombres, s\u00edmbolos o im\u00e1genes que supongan promoci\u00f3n personal de las autoridades o funcionarios p\u00fablicos\u201d<\/em>.<\/p>\n<p style=\"text-align: justify;\">Los afiches de Santilli parecen tomar el texto de la ley al pie de la letra, pero para incumplirlo en su totalidad.<\/p>\n<p style=\"text-align: justify;\"><em>\u201cHa llegado la hora de que tanta impunidad y tanto abuso sean investigados por la Justicia Federal a la luz de la presunta comisi\u00f3n, entre otros, del delito de Incumplimiento de los deberes de funcionario p\u00fablico (art\u00edculo 248 del C\u00f3digo Penal), con hasta dos a\u00f1os de prisi\u00f3n\u201d<\/em>, reza parte de la denuncia, que se tramita en el expediente 12646\/10 en el Juzgado Nacional en lo Criminal y Correccional Federal N\u00ba 10.<\/p>\n<p style=\"text-align: justify;\">En este contexto, los integrantes de Defendamos Buenos Aires se preguntan de d\u00f3nde provinieron los fondos para solventar las campa\u00f1as \u201cpro Santilli\u201d, debido a que <em>\u201ctambi\u00e9n podr\u00edamos encontrarnos con el delito de peculado\u201d<\/em>, asever\u00f3 Miglino, prendiendo las alarmas.<\/p>\n<p style=\"text-align: justify;\">Esta figura penal implica la sustracci\u00f3n de fondos p\u00fablicos para otros fines.<\/p>\n<p style=\"text-align: justify;\">Sobre la causa, Miglino resumi\u00f3: <em>\u201cLo \u00faltimo que supimos fue que el juez estaba recopilando informaci\u00f3n y que llamar\u00eda a Santilli a declarar en cualquier momento\u201d<\/em>.<\/p>\n","protected":false},"excerpt":{"rendered":"<p>El Ministro de Ambiente y Espacio P\u00fablico del Gobierno porte\u00f1o y referente del PRO fue acusado de incumplimiento de deberes, por lo que deber\u00e1 dar explicaciones ante la Justicia. El ministro de Ambiente y Espacio P\u00fablico del Gobierno porte\u00f1o, Diego Santilli, podr\u00eda ser llamado a declarar en la Justicia a ra\u00edz de una denuncia penal&hellip;<\/p>\n","protected":false},"author":1,"featured_media":0,"comment_status":"open","ping_status":"open","sticky":false,"template":"","format":"standard","meta":{"footnotes":""},"categories":[6],"tags":[7268,7269,775,41,7270,328],"class_list":["post-15051","post","type-post","status-publish","format-standard","hentry","category-denuncias","tag-denuncia-penal","tag-diego-santili","tag-gobierno-porteno","tag-justicia","tag-ministro-de-ambiente-y-espacio-publico","tag-pro"],"_links":{"self":[{"href":"https:\/\/www.elsindical.com.ar\/notas\/wp-json\/wp\/v2\/posts\/15051","targetHints":{"allow":["GET"]}}],"collection":[{"href":"https:\/\/www.elsindical.com.ar\/notas\/wp-json\/wp\/v2\/posts"}],"about":[{"href":"https:\/\/www.elsindical.com.ar\/notas\/wp-json\/wp\/v2\/types\/post"}],"author":[{"embeddable":true,"href":"https:\/\/www.elsindical.com.ar\/notas\/wp-json\/wp\/v2\/users\/1"}],"replies":[{"embeddable":true,"href":"https:\/\/www.elsindical.com.ar\/notas\/wp-json\/wp\/v2\/comments?post=15051"}],"version-history":[{"count":1,"href":"https:\/\/www.elsindical.com.ar\/notas\/wp-json\/wp\/v2\/posts\/15051\/revisions"}],"predecessor-version":[{"id":15053,"href":"https:\/\/www.elsindical.com.ar\/notas\/wp-json\/wp\/v2\/posts\/15051\/revisions\/15053"}],"wp:attachment":[{"href":"https:\/\/www.elsindical.com.ar\/notas\/wp-json\/wp\/v2\/media?parent=15051"}],"wp:term":[{"taxonomy":"category","embeddable":true,"href":"https:\/\/www.elsindical.com.ar\/notas\/wp-json\/wp\/v2\/categories?post=15051"},{"taxonomy":"post_tag","embeddable":true,"href":"https:\/\/www.elsindical.com.ar\/notas\/wp-json\/wp\/v2\/tags?post=15051"}],"curies":[{"name":"wp","href":"https:\/\/api.w.org\/{rel}","templated":true}]}}