{"id":15001,"date":"2011-06-28T00:59:47","date_gmt":"2011-06-28T03:59:47","guid":{"rendered":"http:\/\/www.elsindical.com.ar\/notas\/?p=15001"},"modified":"2011-06-28T00:59:47","modified_gmt":"2011-06-28T03:59:47","slug":"crio-gral-de-la-bonaerense-candidato-a-diputado-con-de-narvaez","status":"publish","type":"post","link":"https:\/\/www.elsindical.com.ar\/notas\/crio-gral-de-la-bonaerense-candidato-a-diputado-con-de-narvaez\/","title":{"rendered":"Crio.Gral de la bonaerense candidato a diputado con De Narv\u00e1ez"},"content":{"rendered":"<p style=\"text-align: justify;\"><em><a href=\"http:\/\/www.elsindical.com.ar\/notas\/var\/www\/html\/notas\/wp-content\/uploads\/2011\/06\/Crio.Gral_.-Guillermo-Britos.jpg\"><img loading=\"lazy\" decoding=\"async\" class=\"alignleft size-medium wp-image-15002\" title=\"Crio.Gral.-Guillermo-Britos\" src=\"http:\/\/www.elsindical.com.ar\/notas\/var\/www\/html\/notas\/wp-content\/uploads\/2011\/06\/Crio.Gral_.-Guillermo-Britos-300x213.jpg\" alt=\"\" width=\"300\" height=\"213\" srcset=\"https:\/\/www.elsindical.com.ar\/notas\/var\/www\/html\/notas\/wp-content\/uploads\/2011\/06\/Crio.Gral_.-Guillermo-Britos-300x213.jpg 300w, https:\/\/www.elsindical.com.ar\/notas\/var\/www\/html\/notas\/wp-content\/uploads\/2011\/06\/Crio.Gral_.-Guillermo-Britos.jpg 413w\" sizes=\"auto, (max-width: 300px) 100vw, 300px\" \/><\/a>Se trata del Comisario General <strong>Guillermo Britos,<\/strong> Superintendente de la <strong>Zona Norte<\/strong> de la\u00a0fuerza\u00a0de seguridad de\u00a0la\u00a0Provincia. Participar\u00e1 en\u00a0las pr\u00f3ximas elecciones por el denarva\u00edsmo, por lo cual <strong>pidi\u00f3 una licencia por seis meses<\/strong>, la que le fue concedida.<\/em><\/p>\n<p style=\"text-align: justify;\">Britos, <strong>de Chivilcoy,<\/strong> e<strong>st\u00e1 inscripto como segundo candidato a diputado provincial<\/strong> por la cuarta secci\u00f3n electoral en la lista que lidera como candidato a gobernador <strong>Francisco De Narv\u00e1ez.<\/strong><\/p>\n<p style=\"text-align: justify;\">El Comisario General, de <strong>46 a\u00f1os<\/strong>, tiene como referente al diputado nacional Gustavo Ferrari, mano derecha de De Narv\u00e1ez, tambi\u00e9n de Chivilcoy.<\/p>\n<p style=\"text-align: justify;\">El jefe policial \u00abpidi\u00f3 una licencia por seis meses, hasta diciembre, que le fue concedida\u00bb, dijeron voceros a la <em>agencia DyN.<\/em><\/p>\n<p style=\"text-align: justify;\">Britos cumpli\u00f3 funciones policiales en Chivilcoy, Vicente L\u00f3pez, Mar del Plata, San Miguel, San Mart\u00edn, Necochea, Z\u00e1rate, San Pedro, Mercedes y Lan\u00fas, entre otros distritos, y en los \u00faltimos meses lleg\u00f3 a la m\u00e1xima jerarqu\u00eda, la de Comisario General, despu\u00e9s de una extensa carrera de casi tres d\u00e9cadas.<\/p>\n","protected":false},"excerpt":{"rendered":"<p>Se trata del Comisario General Guillermo Britos, Superintendente de la Zona Norte de la\u00a0fuerza\u00a0de seguridad de\u00a0la\u00a0Provincia. Participar\u00e1 en\u00a0las pr\u00f3ximas elecciones por el denarva\u00edsmo, por lo cual pidi\u00f3 una licencia por seis meses, la que le fue concedida. Britos, de Chivilcoy, est\u00e1 inscripto como segundo candidato a diputado provincial por la cuarta secci\u00f3n electoral en la&hellip;<\/p>\n","protected":false},"author":1,"featured_media":0,"comment_status":"open","ping_status":"open","sticky":false,"template":"","format":"standard","meta":{"footnotes":""},"categories":[13],"tags":[5673,7250,676,855,749,7251],"class_list":["post-15001","post","type-post","status-publish","format-standard","hentry","category-politica","tag-candidato","tag-crio-gral-jorge-britos","tag-de-narvaez","tag-licencia","tag-policia-bonaerense","tag-superintendente-zona-norte"],"_links":{"self":[{"href":"https:\/\/www.elsindical.com.ar\/notas\/wp-json\/wp\/v2\/posts\/15001","targetHints":{"allow":["GET"]}}],"collection":[{"href":"https:\/\/www.elsindical.com.ar\/notas\/wp-json\/wp\/v2\/posts"}],"about":[{"href":"https:\/\/www.elsindical.com.ar\/notas\/wp-json\/wp\/v2\/types\/post"}],"author":[{"embeddable":true,"href":"https:\/\/www.elsindical.com.ar\/notas\/wp-json\/wp\/v2\/users\/1"}],"replies":[{"embeddable":true,"href":"https:\/\/www.elsindical.com.ar\/notas\/wp-json\/wp\/v2\/comments?post=15001"}],"version-history":[{"count":1,"href":"https:\/\/www.elsindical.com.ar\/notas\/wp-json\/wp\/v2\/posts\/15001\/revisions"}],"predecessor-version":[{"id":15003,"href":"https:\/\/www.elsindical.com.ar\/notas\/wp-json\/wp\/v2\/posts\/15001\/revisions\/15003"}],"wp:attachment":[{"href":"https:\/\/www.elsindical.com.ar\/notas\/wp-json\/wp\/v2\/media?parent=15001"}],"wp:term":[{"taxonomy":"category","embeddable":true,"href":"https:\/\/www.elsindical.com.ar\/notas\/wp-json\/wp\/v2\/categories?post=15001"},{"taxonomy":"post_tag","embeddable":true,"href":"https:\/\/www.elsindical.com.ar\/notas\/wp-json\/wp\/v2\/tags?post=15001"}],"curies":[{"name":"wp","href":"https:\/\/api.w.org\/{rel}","templated":true}]}}