{"id":14926,"date":"2011-06-24T00:39:02","date_gmt":"2011-06-24T03:39:02","guid":{"rendered":"http:\/\/www.elsindical.com.ar\/notas\/?p=14926"},"modified":"2011-06-24T00:40:28","modified_gmt":"2011-06-24T03:40:28","slug":"procesan-a-seis-policias-de-la-federal-por-el-caso-ferreyra","status":"publish","type":"post","link":"https:\/\/www.elsindical.com.ar\/notas\/procesan-a-seis-policias-de-la-federal-por-el-caso-ferreyra\/","title":{"rendered":"Procesan a seis polic\u00edas de la Federal por el caso Ferreyra"},"content":{"rendered":"<p style=\"text-align: justify;\"><em><a href=\"http:\/\/www.elsindical.com.ar\/notas\/var\/www\/html\/notas\/wp-content\/uploads\/2010\/07\/polic\u00eda-federal-gen\u00e9rico1.jpg\"><img loading=\"lazy\" decoding=\"async\" class=\"alignleft size-full wp-image-8118\" title=\"polic\u00eda-federal-gen\u00e9rico\" src=\"http:\/\/www.elsindical.com.ar\/notas\/var\/www\/html\/notas\/wp-content\/uploads\/2010\/07\/polic\u00eda-federal-gen\u00e9rico1.jpg\" alt=\"\" width=\"198\" height=\"226\" \/><\/a>La jueza de instrucci\u00f3n Susana Wilma L\u00f3pez proces\u00f3 a seis oficiales de la Polic\u00eda Federal acusados de liberar la zona del barrio porte\u00f1o de Barracas en la que el 20 de octubre pasado fue asesinado el militante del Partido Obrero (PO) Mariano Ferreyra por una patota de barras bravas y empleados de la Uni\u00f3n Ferroviaria (UF). <\/em><\/p>\n<p style=\"text-align: justify;\">Fuentes judiciales informaron que entre los procesados se encuentran Hugo Lompizano, ex titular de la Superintendencia Metropolitana de la Polic\u00eda Federal y pasado a disponibilidad por este caso, y Jorge Ra\u00fal Ferreyra, comisario de la Divisi\u00f3n Roca de la Polic\u00eda, que estuvo a cargo del operativo.<\/p>\n<p style=\"text-align: justify;\">Los polic\u00edas fueron acusados del delito de abandono de persona agravado seguido de muerte y agravado por da\u00f1o a la salud, en el que est\u00e1 incluido el incumplimiento de los deberes de funcionario p\u00fablico, que tiene una pena de hasta 15 a\u00f1os de prisi\u00f3n.<\/p>\n<p style=\"text-align: justify;\">La magistrada tambi\u00e9n proces\u00f3, en todos los casos sin prisi\u00f3n preventiva, a Luis Alberto Echevarr\u00eda, segundo de Lompizano; a Gast\u00f3n Conti, principal de la Direcci\u00f3n General de Operaciones; a Rolando Garay, subcomisario de la comisar\u00eda 30, y al comisario inspector Luis Mansilla, jefe del Departamento de Control de L\u00edneas.<\/p>\n<p style=\"text-align: justify;\">Los procesamientos hab\u00edan sido solicitados por el fiscal Fernando Fiszer y las querellas del PO y del Centro de Estudios Legales y Sociales (CELS).<\/p>\n<p style=\"text-align: justify;\">En tanto, fue absuelto David Villalba, agente de la Divisi\u00f3n Exteriores de Video de la Polic\u00eda, quien tuvo a su cargo la filmaci\u00f3n del operativo pero no registr\u00f3 el ataque de la patota de la UF.<\/p>\n<p style=\"text-align: justify;\">Los oficiales participaron del operativo en el que fue asesinado Ferreyra -en Perdriel y Pedro de Mendoza de Barracas- de un balazo en el est\u00f3mago y fueron heridas de bala otras tres personas, durante un reclamo laboral de empleados ferroviarios tercerizados.<\/p>\n<p style=\"text-align: justify;\">Por el hecho ya est\u00e1n procesados y detenidos el titular de la UF, Jos\u00e9 Pedraza, y otras nueve personas que ir\u00e1n a juicio oral y p\u00fablico como instigadores y autores materiales del hecho.<\/p>\n<p style=\"text-align: justify;\">En una resoluci\u00f3n de 135 p\u00e1ginas, la jueza proces\u00f3 a los polic\u00edas por no evitar la agresi\u00f3n, franquearle el paso a los atacantes, no recoger pruebas para la investigaci\u00f3n ni preservar la escena del crimen, y por haber utilizado para comunicarse tel\u00e9fonos personales cuyas conversaciones no quedaron registradas.<\/p>\n<p style=\"text-align: justify;\">La investigaci\u00f3n arroj\u00f3 que desde all\u00ed \u00abse dieron directivas que son contrarias al servicio que deb\u00edan cumplir\u00bb, pero no se logr\u00f3 identificar si las \u00f3rdenes fueron dadas por Lompizano, Echeverr\u00eda o Conti, principal de esa dependencia.<\/p>\n<p style=\"text-align: justify;\">La investigaci\u00f3n del fiscal Fiszer hab\u00eda arrojado que desde la Direcci\u00f3n General de Operaciones de la Polic\u00eda, a cargo de Lompizano, \u00abse dieron directivas que son contrarias al servicio que deb\u00edan cumplir\u00bb, entre ellas no utilizar los handies de la fuerza.<\/p>\n<p style=\"text-align: justify;\">Lompizano fue pasado a disponibilidad por la ministra de Seguridad, Nilda Garr\u00e9, ante las irregularidades detectadas en el operativo de seguridad.<\/p>\n<p style=\"text-align: justify;\">La acusaci\u00f3n contra los polic\u00edas es la segunda etapa de la causa por el crimen de Ferreyra, luego de que fueran procesados y detenidos los presuntos autores intelectuales y materiales del hecho.<\/p>\n<p style=\"text-align: justify;\">Pedraza, arrestado desde febrero pasado, y su segundo en el gremio, Juan Carlos \u00abGallego\u00bb Fern\u00e1ndez, est\u00e1n procesados como presuntos instigadores del crimen para \u00abaleccionar a los tercerizados\u00bb con el objetivo de \u00abasegurar el poder econ\u00f3mico y pol\u00edtico\u00bb dentro del gremio, seg\u00fan la acusaci\u00f3n de la jueza L\u00f3pez, que elev\u00f3 la causa a juicio.<\/p>\n<p style=\"text-align: justify;\">Por el hecho tambi\u00e9n presos el barra brava de Defensa y Justicia Cristian \u00abHarry\u00bb Favale y el empleado ferroviario Gabriel \u00abEl Payaso\u00bb S\u00e1nchez, acusados de ser quienes dispararon; los empleados ferroviarios Juan Carlos P\u00e9rez, Guillermo U\u00f1o, Jorge Gonz\u00e1lez y Salvador Pipit\u00f3 y los delegados Pablo D\u00edaz y Claudio Alcorcel.<\/p>\n<p style=\"text-align: justify;\">Todos ellos fueron enviados a juicio, que estar\u00e1 a cargo del Tribunal Oral en lo Criminal 21. El TOC inici\u00f3 la etapa de ofrecimiento de prueba y la semana pasada le neg\u00f3 la excarcelaci\u00f3n a Pedraza, a Fern\u00e1ndez y a otros acusados.<\/p>\n","protected":false},"excerpt":{"rendered":"<p>La jueza de instrucci\u00f3n Susana Wilma L\u00f3pez proces\u00f3 a seis oficiales de la Polic\u00eda Federal acusados de liberar la zona del barrio porte\u00f1o de Barracas en la que el 20 de octubre pasado fue asesinado el militante del Partido Obrero (PO) Mariano Ferreyra por una patota de barras bravas y empleados de la Uni\u00f3n Ferroviaria&hellip;<\/p>\n","protected":false},"author":1,"featured_media":0,"comment_status":"open","ping_status":"open","sticky":false,"template":"","format":"standard","meta":{"footnotes":""},"categories":[20],"tags":[6053,41,755,3058],"class_list":["post-14926","post","type-post","status-publish","format-standard","hentry","category-judiciales","tag-jueza-susana-wilma-lopez","tag-justicia","tag-policias-federales","tag-procesados"],"_links":{"self":[{"href":"https:\/\/www.elsindical.com.ar\/notas\/wp-json\/wp\/v2\/posts\/14926","targetHints":{"allow":["GET"]}}],"collection":[{"href":"https:\/\/www.elsindical.com.ar\/notas\/wp-json\/wp\/v2\/posts"}],"about":[{"href":"https:\/\/www.elsindical.com.ar\/notas\/wp-json\/wp\/v2\/types\/post"}],"author":[{"embeddable":true,"href":"https:\/\/www.elsindical.com.ar\/notas\/wp-json\/wp\/v2\/users\/1"}],"replies":[{"embeddable":true,"href":"https:\/\/www.elsindical.com.ar\/notas\/wp-json\/wp\/v2\/comments?post=14926"}],"version-history":[{"count":3,"href":"https:\/\/www.elsindical.com.ar\/notas\/wp-json\/wp\/v2\/posts\/14926\/revisions"}],"predecessor-version":[{"id":14929,"href":"https:\/\/www.elsindical.com.ar\/notas\/wp-json\/wp\/v2\/posts\/14926\/revisions\/14929"}],"wp:attachment":[{"href":"https:\/\/www.elsindical.com.ar\/notas\/wp-json\/wp\/v2\/media?parent=14926"}],"wp:term":[{"taxonomy":"category","embeddable":true,"href":"https:\/\/www.elsindical.com.ar\/notas\/wp-json\/wp\/v2\/categories?post=14926"},{"taxonomy":"post_tag","embeddable":true,"href":"https:\/\/www.elsindical.com.ar\/notas\/wp-json\/wp\/v2\/tags?post=14926"}],"curies":[{"name":"wp","href":"https:\/\/api.w.org\/{rel}","templated":true}]}}