{"id":1492,"date":"2009-11-03T20:29:42","date_gmt":"2009-11-03T23:29:42","guid":{"rendered":"http:\/\/www.elsindical.com.ar\/notas\/?p=1492"},"modified":"2009-11-03T20:29:42","modified_gmt":"2009-11-03T23:29:42","slug":"fracaso-la-gestion-de-perez-esquivel-y-los-piqueteros-definiran-si-mantienen-el-corte","status":"publish","type":"post","link":"https:\/\/www.elsindical.com.ar\/notas\/fracaso-la-gestion-de-perez-esquivel-y-los-piqueteros-definiran-si-mantienen-el-corte\/","title":{"rendered":"Fracas\u00f3 la gesti\u00f3n de P\u00e9rez Esquivel y los piqueteros definir\u00e1n si mantienen el corte"},"content":{"rendered":"<p style=\"text-align: justify;\"><em><img loading=\"lazy\" decoding=\"async\" class=\"alignleft size-full wp-image-1493\" title=\"Perez-Esquivel-en-el-corte\" src=\"http:\/\/www.elsindical.com.ar\/notas\/var\/www\/html\/notas\/wp-content\/uploads\/2009\/11\/Perez-Esquivel-en-el-corte.jpg\" alt=\"Perez-Esquivel-en-el-corte\" width=\"255\" height=\"154\" \/>El Premio N\u00f3bel de la Paz se reuni\u00f3 con autoridades del Ministerio de Desarrollo Social para intentar destrabar el conflicto que origin\u00f3 un camping piquetero en plena 9 de Julio. \u00ab<strong>El conflicto no se destrab\u00f3 y habr\u00e1 una asamblea para determinar c\u00f3mo sigue la protesta<\/strong>\u00ab, inform\u00f3.<\/em><\/p>\n<p style=\"text-align: justify;\"><strong>P\u00e9rez Esquivel<\/strong>, presidente el Servicio de Paz y Justicia (Serpag), dijo que se reuni\u00f3 con la jefe de Gabinete del Ministerio de Desarrollo Social, quien le explic\u00f3 cu\u00e1les son los planes sociales que comanda el Gobierno y c\u00f3mo se pueden gestionar.<\/p>\n<p>Sin embargo, el encuentro no sirvi\u00f3 para canalizar el reclamo piquetero y desde el Gobierno aclararon que ya existen \u201cinterlocutores\u201d v\u00e1lidos para negociar una soluci\u00f3n que provoque la liberaci\u00f3n de la avenida 9 de Julio.<\/p>\n<p><strong>\u201cLa gente tiene que decir ahora qu\u00e9 tiene que pasar. Si alguien me dice qui\u00e9nes son los interlocutores, llamo ya mismo a la funcionaria, pero el conflicto no se ha destrabado<\/strong>\u201d, inform\u00f3 P\u00e9rez Esquivel en una improvisada conferencia de prensa en el camping piquetero.<\/p>\n<p>Esta tarde, los l\u00edderes piqueteros hab\u00edan adelantado que de no obtener una respuesta satisfactoria se quedar\u00edan acampando hasta el viernes, teniendo en cuenta que la Polic\u00eda no tiene previsto desalojarlos, seg\u00fan denunci\u00f3 esta tarde el jefe de Gobierno porte\u00f1o, <strong>Mauricio Macri. <\/strong><\/p>\n","protected":false},"excerpt":{"rendered":"<p>El Premio N\u00f3bel de la Paz se reuni\u00f3 con autoridades del Ministerio de Desarrollo Social para intentar destrabar el conflicto que origin\u00f3 un camping piquetero en plena 9 de Julio. \u00abEl conflicto no se destrab\u00f3 y habr\u00e1 una asamblea para determinar c\u00f3mo sigue la protesta\u00ab, inform\u00f3. P\u00e9rez Esquivel, presidente el Servicio de Paz y Justicia&hellip;<\/p>\n","protected":false},"author":1,"featured_media":0,"comment_status":"open","ping_status":"open","sticky":false,"template":"","format":"standard","meta":{"footnotes":""},"categories":[25],"tags":[836,66,761,76,837,698],"class_list":["post-1492","post","type-post","status-publish","format-standard","hentry","category-sociedad","tag-9-de-julio","tag-corte","tag-gobierno-nacional","tag-mauricio-macri","tag-perez-esquivel","tag-pfa"],"_links":{"self":[{"href":"https:\/\/www.elsindical.com.ar\/notas\/wp-json\/wp\/v2\/posts\/1492","targetHints":{"allow":["GET"]}}],"collection":[{"href":"https:\/\/www.elsindical.com.ar\/notas\/wp-json\/wp\/v2\/posts"}],"about":[{"href":"https:\/\/www.elsindical.com.ar\/notas\/wp-json\/wp\/v2\/types\/post"}],"author":[{"embeddable":true,"href":"https:\/\/www.elsindical.com.ar\/notas\/wp-json\/wp\/v2\/users\/1"}],"replies":[{"embeddable":true,"href":"https:\/\/www.elsindical.com.ar\/notas\/wp-json\/wp\/v2\/comments?post=1492"}],"version-history":[{"count":2,"href":"https:\/\/www.elsindical.com.ar\/notas\/wp-json\/wp\/v2\/posts\/1492\/revisions"}],"predecessor-version":[{"id":1495,"href":"https:\/\/www.elsindical.com.ar\/notas\/wp-json\/wp\/v2\/posts\/1492\/revisions\/1495"}],"wp:attachment":[{"href":"https:\/\/www.elsindical.com.ar\/notas\/wp-json\/wp\/v2\/media?parent=1492"}],"wp:term":[{"taxonomy":"category","embeddable":true,"href":"https:\/\/www.elsindical.com.ar\/notas\/wp-json\/wp\/v2\/categories?post=1492"},{"taxonomy":"post_tag","embeddable":true,"href":"https:\/\/www.elsindical.com.ar\/notas\/wp-json\/wp\/v2\/tags?post=1492"}],"curies":[{"name":"wp","href":"https:\/\/api.w.org\/{rel}","templated":true}]}}