{"id":14915,"date":"2011-06-23T10:29:04","date_gmt":"2011-06-23T13:29:04","guid":{"rendered":"http:\/\/www.elsindical.com.ar\/notas\/?p=14915"},"modified":"2011-06-23T10:29:04","modified_gmt":"2011-06-23T13:29:04","slug":"detienen-a-hacker-que-realizo-ataque-informatico-al-senado-de-ee-uu-y-la-cia","status":"publish","type":"post","link":"https:\/\/www.elsindical.com.ar\/notas\/detienen-a-hacker-que-realizo-ataque-informatico-al-senado-de-ee-uu-y-la-cia\/","title":{"rendered":"Detienen a hacker que realiz\u00f3 ataque inform\u00e1tico al Senado de EE.UU. y la CIA"},"content":{"rendered":"<p id=\"txt_134424_3\" style=\"text-align: justify;\"><em><a href=\"http:\/\/www.elsindical.com.ar\/notas\/var\/www\/html\/notas\/wp-content\/uploads\/2011\/06\/Ryan-Cleary.jpg\"><img loading=\"lazy\" decoding=\"async\" class=\"alignleft size-medium wp-image-14916\" title=\"Ryan-Cleary\" src=\"http:\/\/www.elsindical.com.ar\/notas\/var\/www\/html\/notas\/wp-content\/uploads\/2011\/06\/Ryan-Cleary-300x225.jpg\" alt=\"\" width=\"300\" height=\"225\" srcset=\"https:\/\/www.elsindical.com.ar\/notas\/var\/www\/html\/notas\/wp-content\/uploads\/2011\/06\/Ryan-Cleary-300x225.jpg 300w, https:\/\/www.elsindical.com.ar\/notas\/var\/www\/html\/notas\/wp-content\/uploads\/2011\/06\/Ryan-Cleary.jpg 325w\" sizes=\"auto, (max-width: 300px) 100vw, 300px\" \/><\/a>Ryan Cleary, un joven de 19 a\u00f1os, es el principal sospechoso en el caso.Podr\u00eda ser extraditado a Estados Unidos y condenado a 10 a\u00f1os de prisi\u00f3n.<\/em><\/p>\n<p style=\"text-align: justify;\">Ryan Cleary, detenido por la polic\u00eda brit\u00e1nica por una supuesta vinculaci\u00f3n con los ataques del grupo de piratas inform\u00e1ticos Lulzsec, podr\u00eda ser extraditado a Estados Unidos para responder por los ataques contra la CIA y el Senado norteamericano.<\/p>\n<p>Si se confirma la extradici\u00f3n, el joven Ryan Cleary podr\u00eda ser condenado hasta a 10 a\u00f1os de c\u00e1rcel por la justicia de Estados Unidos.<\/p>\n<p>Ryan Cleary fue detenido el martes en una operaci\u00f3n conjunta de Scotland Yard y el FBI. Las autoridades acusan al joven de haber participado en los ataques de Lulzsec contra los sistemas inform\u00e1ticos de la CIA y el Senado de Estados Unidos y contra una agencia de Inteligencia del Reino Unido, conocida como SOCA, seg\u00fan despacho de Europa Press.<\/p>\n<p>Por el momento no se conoce la declaraci\u00f3n del joven detenido ni se ha confirmado que pertenezca a Lulzsec. El grupo de piratas inform\u00e1ticos ha asegurado que el detenido no es miembro de la organizaci\u00f3n.<\/p>\n<p>Seg\u00fan el diario brit\u00e1nico The Telegraph, Estados Unidos podr\u00eda pedir la extradici\u00f3n de Ryan Cleary para que responda en los tribunales norteamericanos por los ataques contra los sistemas afectados. La justicia de Estados Unidos podr\u00eda solicitar una pena de hasta 10 a\u00f1os de c\u00e1rcel para el pirata inform\u00e1tico por las acciones realizadas.<\/p>\n<p>Estados Unidos y el Reino Unido tienen un convenio de extradici\u00f3n que facilita el intercambio de presos y sospechosos. No es la primera vez que los dos pa\u00edses valoran la posibilidad de extraditar a detenidos relacionados con delitos inform\u00e1ticos. La semana pasada se conoci\u00f3 que Estados Unidos hab\u00eda solicitado que un estudiante brit\u00e1nico acusado de derechos contra el copyright respondiese a las acusaciones ante un tribunal de ese pa\u00eds.<\/p>\n<p>El proceso de extradici\u00f3n se producir\u00eda despu\u00e9s de que el detenido responda a las acusaciones de la justicia brit\u00e1nica, que podr\u00eda tomar medidas por el ataque a la agencia de inteligencia brit\u00e1nica SOCA.<\/p>\n<p>De esta forma, despu\u00e9s de cumplir la pena impuesta en el Reino Unido, el joven tendr\u00eda que acudir a Estados Unidos para defenderse de las acusaciones que le vinculan a los ataques de Lulzsec contra los organismos norteamericanos.<\/p>\n<p>Una fuente relacionada con el caso ha asegurado al diario ingl\u00e9s The Telegraph: \u00abLa investigaci\u00f3n de sus actividades hab\u00eda sido realizada por el FBI y parece probable que sea extraditado a los EE.UU. para que puedan hacerle preguntas sobre los ataques a sitios web de Estados Unidos\u00bb.<\/p>\n","protected":false},"excerpt":{"rendered":"<p>Ryan Cleary, un joven de 19 a\u00f1os, es el principal sospechoso en el caso.Podr\u00eda ser extraditado a Estados Unidos y condenado a 10 a\u00f1os de prisi\u00f3n. Ryan Cleary, detenido por la polic\u00eda brit\u00e1nica por una supuesta vinculaci\u00f3n con los ataques del grupo de piratas inform\u00e1ticos Lulzsec, podr\u00eda ser extraditado a Estados Unidos para responder por&hellip;<\/p>\n","protected":false},"author":1,"featured_media":0,"comment_status":"open","ping_status":"open","sticky":false,"template":"","format":"standard","meta":{"footnotes":""},"categories":[18],"tags":[4279,6720,91,6880,2010,30,7193],"class_list":["post-14915","post","type-post","status-publish","format-standard","hentry","category-internacionales","tag-britanica","tag-cia","tag-detenido","tag-estados-unidos","tag-hacker","tag-policia","tag-ryan-cleary"],"_links":{"self":[{"href":"https:\/\/www.elsindical.com.ar\/notas\/wp-json\/wp\/v2\/posts\/14915","targetHints":{"allow":["GET"]}}],"collection":[{"href":"https:\/\/www.elsindical.com.ar\/notas\/wp-json\/wp\/v2\/posts"}],"about":[{"href":"https:\/\/www.elsindical.com.ar\/notas\/wp-json\/wp\/v2\/types\/post"}],"author":[{"embeddable":true,"href":"https:\/\/www.elsindical.com.ar\/notas\/wp-json\/wp\/v2\/users\/1"}],"replies":[{"embeddable":true,"href":"https:\/\/www.elsindical.com.ar\/notas\/wp-json\/wp\/v2\/comments?post=14915"}],"version-history":[{"count":1,"href":"https:\/\/www.elsindical.com.ar\/notas\/wp-json\/wp\/v2\/posts\/14915\/revisions"}],"predecessor-version":[{"id":14917,"href":"https:\/\/www.elsindical.com.ar\/notas\/wp-json\/wp\/v2\/posts\/14915\/revisions\/14917"}],"wp:attachment":[{"href":"https:\/\/www.elsindical.com.ar\/notas\/wp-json\/wp\/v2\/media?parent=14915"}],"wp:term":[{"taxonomy":"category","embeddable":true,"href":"https:\/\/www.elsindical.com.ar\/notas\/wp-json\/wp\/v2\/categories?post=14915"},{"taxonomy":"post_tag","embeddable":true,"href":"https:\/\/www.elsindical.com.ar\/notas\/wp-json\/wp\/v2\/tags?post=14915"}],"curies":[{"name":"wp","href":"https:\/\/api.w.org\/{rel}","templated":true}]}}