{"id":14884,"date":"2011-06-22T13:57:40","date_gmt":"2011-06-22T16:57:40","guid":{"rendered":"http:\/\/www.elsindical.com.ar\/notas\/?p=14884"},"modified":"2011-06-22T13:57:40","modified_gmt":"2011-06-22T16:57:40","slug":"conflictos-en-la-pfa-enviaran-gendarmes-y-prefectos-a-comisarias-del-sur-de-la-capital-federal","status":"publish","type":"post","link":"https:\/\/www.elsindical.com.ar\/notas\/conflictos-en-la-pfa-enviaran-gendarmes-y-prefectos-a-comisarias-del-sur-de-la-capital-federal\/","title":{"rendered":"Conflictos en la PFA, enviar\u00e1n gendarmes y prefectos a comisar\u00edas del sur de la Capital Federal"},"content":{"rendered":"<p style=\"text-align: justify;\"><a href=\"http:\/\/www.elsindical.com.ar\/notas\/var\/www\/html\/notas\/wp-content\/uploads\/2011\/06\/mapa-comisar\u00edas-sur-Cap..jpg\"><img loading=\"lazy\" decoding=\"async\" class=\"alignleft size-medium wp-image-14885\" title=\"mapa-comisar\u00edas-sur-Cap.\" src=\"http:\/\/www.elsindical.com.ar\/notas\/var\/www\/html\/notas\/wp-content\/uploads\/2011\/06\/mapa-comisar\u00edas-sur-Cap.-300x237.jpg\" alt=\"\" width=\"300\" height=\"237\" srcset=\"https:\/\/www.elsindical.com.ar\/notas\/var\/www\/html\/notas\/wp-content\/uploads\/2011\/06\/mapa-comisar\u00edas-sur-Cap.-300x237.jpg 300w, https:\/\/www.elsindical.com.ar\/notas\/var\/www\/html\/notas\/wp-content\/uploads\/2011\/06\/mapa-comisar\u00edas-sur-Cap..jpg 443w\" sizes=\"auto, (max-width: 300px) 100vw, 300px\" \/><\/a>Est\u00e1n <strong>cerca de villas de emergencia, zonas calientes del delito<\/strong>. Adem\u00e1s, negaron que el Jefe de la Polic\u00eda Federal, Enrique Capdevila, haya renunciado.<\/p>\n<p style=\"text-align: justify;\">Al menos <strong>seis comisar\u00edas, con la posibilidad de que se sumen dos m\u00e1s, de la Polic\u00eda Federal ser\u00e1n reforzadas por personal de Prefectura Naval y Gendarmer\u00eda Nacional desde el 1 de julio pr\u00f3ximo, con el objetivo de reforzar la seguridad el cord\u00f3n del sur de la Capital y la zona ribere\u00f1a<\/strong><\/p>\n<p style=\"text-align: justify;\">Se trata de las seccionales 24ta.(La Boca), 30ma.(Barracas) y 32da. (Parque Patricios), y muy posiblemente se sumen la 46ta. (Retiro) y la 22da.(Monserrat), ambas de la l\u00ednea de la Ribera para el caso de Prefectura, mientras que la 34 ta. (V\u00e9lez Sarsfield), 36ta. (Villa Crespo) y 38va. (Villa Devoto) para Gendarmer\u00eda.<\/p>\n<p style=\"text-align: justify;\">El objetivo<strong> es combatir la inseguridad y para ello es necesario reforzar la seguridad en los lugares m\u00e1s cr\u00edticos de la Ciudad.<\/strong><\/p>\n<p style=\"text-align: justify;\"><strong>Para ello, abarcar\u00e1n las villas m\u00e1s peligrosas de la Capital Federal<\/strong>, aunque en este caso la comisar\u00eda 48va. quedar\u00eda absolutamente a cargo, debido a la gran tarea que realiz\u00f3, seg\u00fan informaron desde el Ministerio de Seguridad.<\/p>\n<p style=\"text-align: justify;\">Fuenters de la cartera de Seguridad minimizaron cualquier rumor y <strong>negaron que el Jefe de la fuerza, Crio.Gral.\u00a0Enrique Capdevila, haya presentado su renuncia.<\/strong><\/p>\n","protected":false},"excerpt":{"rendered":"<p>Est\u00e1n cerca de villas de emergencia, zonas calientes del delito. Adem\u00e1s, negaron que el Jefe de la Polic\u00eda Federal, Enrique Capdevila, haya renunciado. Al menos seis comisar\u00edas, con la posibilidad de que se sumen dos m\u00e1s, de la Polic\u00eda Federal ser\u00e1n reforzadas por personal de Prefectura Naval y Gendarmer\u00eda Nacional desde el 1 de julio&hellip;<\/p>\n","protected":false},"author":1,"featured_media":0,"comment_status":"open","ping_status":"open","sticky":false,"template":"","format":"standard","meta":{"footnotes":""},"categories":[1],"tags":[6192,453,698,118,4544],"class_list":["post-14884","post","type-post","status-publish","format-standard","hentry","category-destacadas","tag-comisarias","tag-gendarmes","tag-pfa","tag-policias","tag-prefecto"],"_links":{"self":[{"href":"https:\/\/www.elsindical.com.ar\/notas\/wp-json\/wp\/v2\/posts\/14884","targetHints":{"allow":["GET"]}}],"collection":[{"href":"https:\/\/www.elsindical.com.ar\/notas\/wp-json\/wp\/v2\/posts"}],"about":[{"href":"https:\/\/www.elsindical.com.ar\/notas\/wp-json\/wp\/v2\/types\/post"}],"author":[{"embeddable":true,"href":"https:\/\/www.elsindical.com.ar\/notas\/wp-json\/wp\/v2\/users\/1"}],"replies":[{"embeddable":true,"href":"https:\/\/www.elsindical.com.ar\/notas\/wp-json\/wp\/v2\/comments?post=14884"}],"version-history":[{"count":1,"href":"https:\/\/www.elsindical.com.ar\/notas\/wp-json\/wp\/v2\/posts\/14884\/revisions"}],"predecessor-version":[{"id":14886,"href":"https:\/\/www.elsindical.com.ar\/notas\/wp-json\/wp\/v2\/posts\/14884\/revisions\/14886"}],"wp:attachment":[{"href":"https:\/\/www.elsindical.com.ar\/notas\/wp-json\/wp\/v2\/media?parent=14884"}],"wp:term":[{"taxonomy":"category","embeddable":true,"href":"https:\/\/www.elsindical.com.ar\/notas\/wp-json\/wp\/v2\/categories?post=14884"},{"taxonomy":"post_tag","embeddable":true,"href":"https:\/\/www.elsindical.com.ar\/notas\/wp-json\/wp\/v2\/tags?post=14884"}],"curies":[{"name":"wp","href":"https:\/\/api.w.org\/{rel}","templated":true}]}}