{"id":14797,"date":"2011-06-16T00:36:14","date_gmt":"2011-06-16T03:36:14","guid":{"rendered":"http:\/\/www.elsindical.com.ar\/notas\/?p=14797"},"modified":"2011-06-16T00:36:14","modified_gmt":"2011-06-16T03:36:14","slug":"vuelven-a-rechazar-la-excarcelacion-a-pedraza","status":"publish","type":"post","link":"https:\/\/www.elsindical.com.ar\/notas\/vuelven-a-rechazar-la-excarcelacion-a-pedraza\/","title":{"rendered":"Vuelven a rechazar la excarcelaci\u00f3n a Pedraza"},"content":{"rendered":"<p style=\"text-align: justify;\"><em><a href=\"http:\/\/www.elsindical.com.ar\/notas\/var\/www\/html\/notas\/wp-content\/uploads\/2010\/11\/Jos\u00e9-Pedraza-rostro.jpg\"><img loading=\"lazy\" decoding=\"async\" class=\"alignleft size-full wp-image-10526\" title=\"Jos\u00e9-Pedraza-rostro\" src=\"http:\/\/www.elsindical.com.ar\/notas\/var\/www\/html\/notas\/wp-content\/uploads\/2010\/11\/Jos\u00e9-Pedraza-rostro.jpg\" alt=\"\" width=\"295\" height=\"213\" \/><\/a>El Tribunal Oral en lo Criminal 21 deneg\u00f3 la excarcelaci\u00f3n al secretario general de la Uni\u00f3n Ferroviaria (UF), Jos\u00e9 Pedraza, quien ir\u00e1 a juicio por el crimen del militante del Partido Obrero Mariano Ferreyra en octubre pasado, por considerar que en libertad podr\u00eda entorpecer el caso. <\/em><\/p>\n<p style=\"text-align: justify;\">Fuentes judiciales informaron que el tribunal tambi\u00e9n le neg\u00f3 la excarcelaci\u00f3n al segundo del gremio, Juan Carlos Fern\u00e1ndez, y al empleado ferroviario Juan Carlos P\u00e9rez.<\/p>\n","protected":false},"excerpt":{"rendered":"<p>El Tribunal Oral en lo Criminal 21 deneg\u00f3 la excarcelaci\u00f3n al secretario general de la Uni\u00f3n Ferroviaria (UF), Jos\u00e9 Pedraza, quien ir\u00e1 a juicio por el crimen del militante del Partido Obrero Mariano Ferreyra en octubre pasado, por considerar que en libertad podr\u00eda entorpecer el caso. Fuentes judiciales informaron que el tribunal tambi\u00e9n le neg\u00f3&hellip;<\/p>\n","protected":false},"author":1,"featured_media":0,"comment_status":"open","ping_status":"open","sticky":false,"template":"","format":"standard","meta":{"footnotes":""},"categories":[20],"tags":[91,1779,5020,41,4959,4975],"class_list":["post-14797","post","type-post","status-publish","format-standard","hentry","category-judiciales","tag-detenido","tag-excarcelacion","tag-jose-pedraza","tag-justicia","tag-mariano-ferreyra","tag-uf"],"_links":{"self":[{"href":"https:\/\/www.elsindical.com.ar\/notas\/wp-json\/wp\/v2\/posts\/14797","targetHints":{"allow":["GET"]}}],"collection":[{"href":"https:\/\/www.elsindical.com.ar\/notas\/wp-json\/wp\/v2\/posts"}],"about":[{"href":"https:\/\/www.elsindical.com.ar\/notas\/wp-json\/wp\/v2\/types\/post"}],"author":[{"embeddable":true,"href":"https:\/\/www.elsindical.com.ar\/notas\/wp-json\/wp\/v2\/users\/1"}],"replies":[{"embeddable":true,"href":"https:\/\/www.elsindical.com.ar\/notas\/wp-json\/wp\/v2\/comments?post=14797"}],"version-history":[{"count":1,"href":"https:\/\/www.elsindical.com.ar\/notas\/wp-json\/wp\/v2\/posts\/14797\/revisions"}],"predecessor-version":[{"id":14798,"href":"https:\/\/www.elsindical.com.ar\/notas\/wp-json\/wp\/v2\/posts\/14797\/revisions\/14798"}],"wp:attachment":[{"href":"https:\/\/www.elsindical.com.ar\/notas\/wp-json\/wp\/v2\/media?parent=14797"}],"wp:term":[{"taxonomy":"category","embeddable":true,"href":"https:\/\/www.elsindical.com.ar\/notas\/wp-json\/wp\/v2\/categories?post=14797"},{"taxonomy":"post_tag","embeddable":true,"href":"https:\/\/www.elsindical.com.ar\/notas\/wp-json\/wp\/v2\/tags?post=14797"}],"curies":[{"name":"wp","href":"https:\/\/api.w.org\/{rel}","templated":true}]}}