{"id":1472,"date":"2009-11-03T00:30:03","date_gmt":"2009-11-03T03:30:03","guid":{"rendered":"http:\/\/www.elsindical.com.ar\/notas\/?p=1472"},"modified":"2009-11-03T00:30:39","modified_gmt":"2009-11-03T03:30:39","slug":"docentes-bonaerenses-ratifican-el-paro-de-este-martes","status":"publish","type":"post","link":"https:\/\/www.elsindical.com.ar\/notas\/docentes-bonaerenses-ratifican-el-paro-de-este-martes\/","title":{"rendered":"Docentes bonaerenses ratifican el paro de este martes"},"content":{"rendered":"<p style=\"text-align: justify;\"><em><img loading=\"lazy\" decoding=\"async\" class=\"alignleft size-full wp-image-1473\" title=\"aula-vac\u00eda\" src=\"http:\/\/www.elsindical.com.ar\/notas\/var\/www\/html\/notas\/wp-content\/uploads\/2009\/11\/aula-vac\u00eda.jpg\" alt=\"aula-vac\u00eda\" width=\"227\" height=\"133\" \/>El conflicto entre los docentes bonaerenses y las autoridades provinciales por un reclamo salarial se agudiz\u00f3 con la ratificaci\u00f3n de un paro de 24 horas para este martes y la amenaza de nuevas medidas de fuerza ante la intransigencia del Gobierno a otorgar un aumento salarial.<\/em><\/p>\n<p style=\"text-align: justify;\">El director general de Cultura y Educaci\u00f3n bonaerense, Mario Oporto, reiter\u00f3 que \u00abno habr\u00e1 aumento docente antes que finalice el a\u00f1o en curso\u00bb, pero propuso a los maestros iniciar el di\u00e1logo sobre \u00abuna recomposici\u00f3n salarial para el 2010\u00bb.<\/p>\n<p style=\"text-align: justify;\">\u00abHemos sido muy claros, y no es que nos d\u00e9 satisfacci\u00f3n esa claridad, pero decimos que en el a\u00f1o 2009 no hay aumento salarial, pero estamos dispuestos a sentarnos a trabajar ya para el 2010, que no es una meta lejana, 2010 empieza en 60 d\u00edas\u00bb, dijo el titular de la cartera educativa provincial.<\/p>\n<p style=\"text-align: justify;\">Al referirse a las dos jornadas de protesta dispuesta por los docentes de los gremios mayoritarios, una de las cuales cumplieron el pasado jueves y que completar\u00e1n con el paro de este martes, el funcionario expres\u00f3 que tomaba a la medida de fuerza \u00abcon preocupaci\u00f3n\u00bb, al sostener que no esperaba \u00aba esta altura del a\u00f1o tener un conflicto\u00bb.<\/p>\n<p style=\"text-align: justify;\">\u00abHemos dado siempre muestras de tener mucha voluntad no s\u00f3lo de di\u00e1logo, sino de aumento salarial. Estar\u00edamos mintiendo si decimos que podemos hacer algo que no podemos\u00bb, indic\u00f3.<\/p>\n<p style=\"text-align: justify;\">Oporto insisti\u00f3 que \u00abuna perspectiva positiva es plantear aumentos para el pr\u00f3ximo a\u00f1o\u00bb e insisti\u00f3 que si pudieran dar aumentos hoy, lo har\u00edan, pero aclar\u00f3 que est\u00e1 \u00abdispuestos a comenzar a conversar ya para el 2010\u00bb.<\/p>\n<p style=\"text-align: justify;\">El paro de este martes, como el del pasado jueves, cuenta con la adhesi\u00f3n de los trabajadores de la educaci\u00f3n del Frente Gremial Docente integrado por SUTEBA, FEB, UDA, AMET y SADOP (en este \u00faltimo caso los maestros de escuelas privadas), como tambi\u00e9n lo hicieron los maestros de UDOCBA.<\/p>\n<p style=\"text-align: justify;\">Al respecto, la presidente de la Federaci\u00f3n de Educadores Bonaerenses (FEB), Mirta Petrocini, confirm\u00f3 que \u00abtal como lo decidi\u00f3 el Congreso de la FEB y las dem\u00e1s entidades gremiales, este martes se llevar\u00e1 a cabo una nuevo paro docente en toda la Provincia\u00bb y asegur\u00f3 que si no tienen respuestas a sus reclamos se \u00abintensificar\u00e1n las medidas\u00bb.<\/p>\n<p style=\"text-align: justify;\">\u00abComo sucedi\u00f3 el jueves pasado, este paro va a tener una alta contundencia, porque los educadores exigen ya una discusi\u00f3n seria en pos de un incremento salarial\u00bb, dijo.<\/p>\n<p style=\"text-align: justify;\">Asimismo, Petrocini sostuvo que \u00abes necesario propiciar un aumento real del presupuesto educativo que contemple, adem\u00e1s de lo salarial, mayores partidas para infraestructura escolar, para cobertura de cargos y para la implementaci\u00f3n de la escuela secundaria\u00bb.<\/p>\n<p style=\"text-align: justify;\">A su vez, el titular de la Uni\u00f3n Docentes Argentinos (UDA) de la Provincia de Buenos Aires, Alfredo Conde, consider\u00f3 que el pedido de \u00abcompromiso y paciencia\u00bb realizado por el gobernador Daniel Scioli a los docentes est\u00e1 \u00abfuera de lugar\u00bb.<\/p>\n<p style=\"text-align: justify;\">\u00abEl compromiso deber\u00eda tenerlo el gobernador para con los docentes, reclamar por las deudas que existen desde naci\u00f3n por el incentivo docente ser\u00eda una de las formas de gestionar en este conflicto. Pedirnos paciencia cuando desde marzo el salario docente no se ha modificado es un abuso de parte del gobierno\u00bb, afirm\u00f3.<\/p>\n<p style=\"text-align: justify;\">Adem\u00e1s, Conde advirti\u00f3 que \u00abque si no hay respuesta esta semana se profundizar\u00e1 el conflicto\u00bb.<\/p>\n<p style=\"text-align: justify;\">En tanto, los docentes privado de SADOP ratificaron el paro de actividades de este martes \u00abante la falta de una propuesta de recomposici\u00f3n salarial por parte del gobierno y por la disminuci\u00f3n del porcentaje del presupuesto educativo provincial para el a\u00f1o 2010\u00bb.<\/p>\n<p style=\"text-align: justify;\">En un comunicado de prensa, el gremio asegur\u00f3 que \u00abde acuerdo a la informaci\u00f3n a la que ha tenido acceso el SADOP el porcentaje destinado al \u00e1rea educativa disminuir\u00eda desde el 36 por ciento al 29 por ciento del presupuesto provincial\u00bb.<\/p>\n<p style=\"text-align: justify;\">Adem\u00e1s, este gremio reclama \u00abla urgente soluci\u00f3n del tema incompatibilidades, que ha generado una clara discriminaci\u00f3n hacia los docentes privados\u00bb.<\/p>\n<p style=\"text-align: justify;\">Desde la Uni\u00f3n de Docentes de la Provincia (UDOCBA), redoblaron la apuesta, al ratificar el paro de este martes y confirmar que \u00abhabr\u00e1 otro paro de 48 horas en la segunda semana de noviembre\u00bb.<\/p>\n<p style=\"text-align: justify;\">\u00abEl gobernador Daniel Scioli y el Director de Escuelas, Mario Oporto cuando hablan del conflicto docente nos quieren dar la raz\u00f3n como a los locos, pero la plata no aparece. Esto demuestra que en alg\u00fan sentido la gesti\u00f3n tiene s\u00edntomas de agotamiento y se queda sin respuestas racionales para una demanda tan sencilla como un pedido de actualizaci\u00f3n salarial\u00bb, se\u00f1al\u00f3 el titular de UDOCBA, Miguel D\u00edaz.<\/p>\n<p style=\"text-align: justify;\">\u00abLa Uni\u00f3n de Docentes ya realiz\u00f3 -con una adhesi\u00f3n promedio del 70 por ciento- su cuarta medida de fuerza la semana pasada y comprometi\u00f3 la continuidad de su plan de lucha con un paro de 48 horas en la segunda semana de noviembre en reclamo de 1800 pesos de b\u00e1sico, titularizaci\u00f3n masiva de docentes y mejores condiciones de trabajo\u00bb, se\u00f1alaron en un comunicado de prensa de UDOCBA.<\/p>\n","protected":false},"excerpt":{"rendered":"<p>El conflicto entre los docentes bonaerenses y las autoridades provinciales por un reclamo salarial se agudiz\u00f3 con la ratificaci\u00f3n de un paro de 24 horas para este martes y la amenaza de nuevas medidas de fuerza ante la intransigencia del Gobierno a otorgar un aumento salarial. El director general de Cultura y Educaci\u00f3n bonaerense, Mario&hellip;<\/p>\n","protected":false},"author":1,"featured_media":0,"comment_status":"open","ping_status":"open","sticky":false,"template":"","format":"standard","meta":{"footnotes":""},"categories":[16],"tags":[154,497,67,442],"class_list":["post-1472","post","type-post","status-publish","format-standard","hentry","category-gremiales","tag-buenos-aires","tag-docentes","tag-paro","tag-provincia"],"_links":{"self":[{"href":"https:\/\/www.elsindical.com.ar\/notas\/wp-json\/wp\/v2\/posts\/1472","targetHints":{"allow":["GET"]}}],"collection":[{"href":"https:\/\/www.elsindical.com.ar\/notas\/wp-json\/wp\/v2\/posts"}],"about":[{"href":"https:\/\/www.elsindical.com.ar\/notas\/wp-json\/wp\/v2\/types\/post"}],"author":[{"embeddable":true,"href":"https:\/\/www.elsindical.com.ar\/notas\/wp-json\/wp\/v2\/users\/1"}],"replies":[{"embeddable":true,"href":"https:\/\/www.elsindical.com.ar\/notas\/wp-json\/wp\/v2\/comments?post=1472"}],"version-history":[{"count":2,"href":"https:\/\/www.elsindical.com.ar\/notas\/wp-json\/wp\/v2\/posts\/1472\/revisions"}],"predecessor-version":[{"id":1475,"href":"https:\/\/www.elsindical.com.ar\/notas\/wp-json\/wp\/v2\/posts\/1472\/revisions\/1475"}],"wp:attachment":[{"href":"https:\/\/www.elsindical.com.ar\/notas\/wp-json\/wp\/v2\/media?parent=1472"}],"wp:term":[{"taxonomy":"category","embeddable":true,"href":"https:\/\/www.elsindical.com.ar\/notas\/wp-json\/wp\/v2\/categories?post=1472"},{"taxonomy":"post_tag","embeddable":true,"href":"https:\/\/www.elsindical.com.ar\/notas\/wp-json\/wp\/v2\/tags?post=1472"}],"curies":[{"name":"wp","href":"https:\/\/api.w.org\/{rel}","templated":true}]}}