{"id":1469,"date":"2009-11-03T00:28:18","date_gmt":"2009-11-03T03:28:18","guid":{"rendered":"http:\/\/www.elsindical.com.ar\/notas\/?p=1469"},"modified":"2009-11-03T00:28:18","modified_gmt":"2009-11-03T03:28:18","slug":"trabajadores-de-kraft-eligen-nueva-comision-interna","status":"publish","type":"post","link":"https:\/\/www.elsindical.com.ar\/notas\/trabajadores-de-kraft-eligen-nueva-comision-interna\/","title":{"rendered":"Trabajadores de Kraft eligen nueva comisi\u00f3n interna"},"content":{"rendered":"<p style=\"text-align: justify;\"><em><img loading=\"lazy\" decoding=\"async\" class=\"alignleft size-full wp-image-1470\" title=\"Kraft-Foods-Pacheco\" src=\"http:\/\/www.elsindical.com.ar\/notas\/var\/www\/html\/notas\/wp-content\/uploads\/2009\/11\/Kraft-Foods-Pacheco.jpg\" alt=\"Kraft-Foods-Pacheco\" width=\"227\" height=\"153\" \/>Los trabajadores de la empresa Kraft Foods elegir\u00e1n este martes a los miembros de una nueva comisi\u00f3n gremial interna, en los comicios convocados por el Sindicato de Trabajadores de la Industria de la Alimentaci\u00f3n (STIA), que conduce Rodolfo Daer.<\/em><\/p>\n<p style=\"text-align: justify;\">Seg\u00fan inform\u00f3 la secretaria gremial del STIA, Lidia Crespo, se encuentran habilitados para sufragar \u00abalrededor de 2.900 trabajadores que elegir\u00e1n a 11 delegados sindicales con mandato por dos a\u00f1os\u00bb.<\/p>\n<p style=\"text-align: justify;\">El proceso donde se elegir\u00e1 un cuerpo renovado de 11 delegados gremiales, \u00abse llevar\u00e1 a cabo este martes desde las 3 hasta las 18 horas en la sede de la empresa ubicada en la localidad bonaerense de General Pacheco y participar\u00e1n tres listas\u00bb, explic\u00f3 Crespo.<\/p>\n<p style=\"text-align: justify;\">La lista 1 est\u00e1 encabezada por Dar\u00edo Javier Hermosilla, uno de los principales referentes de la toma de la empresa en el conflicto por el despido de 156 trabajadores.<\/p>\n<p style=\"text-align: justify;\">La Lista 2 es encabezada por Ram\u00f3n Bogado, otro de los lideres del conflicto sindical que dur\u00f3 38 d\u00edas, y la lista 3 la conduce Antonio Rol\u00f3n.<\/p>\n<p style=\"text-align: justify;\">Si bien el oficialismo no present\u00f3 lista, trascendi\u00f3 en fuentes gremiales de la alimentaci\u00f3n, que \u00aben las tres listas hay candidatos que tienen buena relaci\u00f3n con la organizaci\u00f3n sindical\u00bb.<\/p>\n<p style=\"text-align: justify;\">Tanto Hermosilla como Bogado, aliados durante el conflicto con la firma de capitales norteamericanos, tomaron distancia cuando comenzaron las negociaciones con la empresa y las carteras laborales nacional y bonaerense.<\/p>\n<p style=\"text-align: justify;\">All\u00ed surgieron las divergencias entre ambos, porque Bogado y su esposa Mar\u00eda Rosario -tambi\u00e9n delegada- con una activa participaci\u00f3n pol\u00edtica en el Partido Comunista Revolucionario (PCR) y la Corriente Clasista y Combativa (CCC) \u00abquer\u00eda la nacionalizaci\u00f3n de la empresa\u00bb.<\/p>\n<p style=\"text-align: justify;\">Por su parte, Hermosilla vinculado pol\u00edticamente al trostkismo, era partidario de \u00abarmar una cooperativa al estilo de cer\u00e1micas Zan\u00f3n\u00bb.<\/p>\n<p style=\"text-align: justify;\">A diferencia de las restantes listas, los integrantes de la lista 3 encabezada por Antonio Rol\u00f3n, son candidatos a delegados sin previa experiencia sindical o sea ser\u00e1 su primera participaci\u00f3n en una lista.<\/p>\n","protected":false},"excerpt":{"rendered":"<p>Los trabajadores de la empresa Kraft Foods elegir\u00e1n este martes a los miembros de una nueva comisi\u00f3n gremial interna, en los comicios convocados por el Sindicato de Trabajadores de la Industria de la Alimentaci\u00f3n (STIA), que conduce Rodolfo Daer. Seg\u00fan inform\u00f3 la secretaria gremial del STIA, Lidia Crespo, se encuentran habilitados para sufragar \u00abalrededor de&hellip;<\/p>\n","protected":false},"author":1,"featured_media":0,"comment_status":"open","ping_status":"open","sticky":false,"template":"","format":"standard","meta":{"footnotes":""},"categories":[16],"tags":[828,246,244,155,829],"class_list":["post-1469","post","type-post","status-publish","format-standard","hentry","category-gremiales","tag-candidatos","tag-comision-gremial","tag-elecciones","tag-kraft-food-terrabusi","tag-stia"],"_links":{"self":[{"href":"https:\/\/www.elsindical.com.ar\/notas\/wp-json\/wp\/v2\/posts\/1469","targetHints":{"allow":["GET"]}}],"collection":[{"href":"https:\/\/www.elsindical.com.ar\/notas\/wp-json\/wp\/v2\/posts"}],"about":[{"href":"https:\/\/www.elsindical.com.ar\/notas\/wp-json\/wp\/v2\/types\/post"}],"author":[{"embeddable":true,"href":"https:\/\/www.elsindical.com.ar\/notas\/wp-json\/wp\/v2\/users\/1"}],"replies":[{"embeddable":true,"href":"https:\/\/www.elsindical.com.ar\/notas\/wp-json\/wp\/v2\/comments?post=1469"}],"version-history":[{"count":1,"href":"https:\/\/www.elsindical.com.ar\/notas\/wp-json\/wp\/v2\/posts\/1469\/revisions"}],"predecessor-version":[{"id":1471,"href":"https:\/\/www.elsindical.com.ar\/notas\/wp-json\/wp\/v2\/posts\/1469\/revisions\/1471"}],"wp:attachment":[{"href":"https:\/\/www.elsindical.com.ar\/notas\/wp-json\/wp\/v2\/media?parent=1469"}],"wp:term":[{"taxonomy":"category","embeddable":true,"href":"https:\/\/www.elsindical.com.ar\/notas\/wp-json\/wp\/v2\/categories?post=1469"},{"taxonomy":"post_tag","embeddable":true,"href":"https:\/\/www.elsindical.com.ar\/notas\/wp-json\/wp\/v2\/tags?post=1469"}],"curies":[{"name":"wp","href":"https:\/\/api.w.org\/{rel}","templated":true}]}}