{"id":146808,"date":"2026-09-03T12:36:27","date_gmt":"2026-09-03T15:36:27","guid":{"rendered":"https:\/\/www.elsindical.com.ar\/notas\/?p=146808"},"modified":"2026-09-03T12:36:31","modified_gmt":"2026-09-03T15:36:31","slug":"arsat-otra-perdida-de-soberania","status":"publish","type":"post","link":"https:\/\/www.elsindical.com.ar\/notas\/arsat-otra-perdida-de-soberania\/","title":{"rendered":"ARSAT: Otra p\u00e9rdida de soberan\u00eda"},"content":{"rendered":"<div class=\"wp-block-image\">\n<figure class=\"aligncenter size-full\"><a href=\"https:\/\/www.elsindical.com.ar\/notas\/var\/www\/html\/notas\/wp-content\/uploads\/2020\/01\/ARSAT.jpg\"><img loading=\"lazy\" decoding=\"async\" width=\"950\" height=\"619\" src=\"https:\/\/www.elsindical.com.ar\/notas\/var\/www\/html\/notas\/wp-content\/uploads\/2020\/01\/ARSAT.jpg\" alt=\"\" class=\"wp-image-92941\" srcset=\"https:\/\/www.elsindical.com.ar\/notas\/var\/www\/html\/notas\/wp-content\/uploads\/2020\/01\/ARSAT.jpg 950w, https:\/\/www.elsindical.com.ar\/notas\/var\/www\/html\/notas\/wp-content\/uploads\/2020\/01\/ARSAT-300x195.jpg 300w, https:\/\/www.elsindical.com.ar\/notas\/var\/www\/html\/notas\/wp-content\/uploads\/2020\/01\/ARSAT-768x500.jpg 768w, https:\/\/www.elsindical.com.ar\/notas\/var\/www\/html\/notas\/wp-content\/uploads\/2020\/01\/ARSAT-460x300.jpg 460w\" sizes=\"auto, (max-width: 950px) 100vw, 950px\" \/><\/a><\/figure>\n<\/div>\n\n\n<p class=\"wp-block-paragraph\">Quienes trabajamos en Arsat, siempre decimos que Arsat es ante todo Soberan\u00eda:<\/p>\n\n\n\n<p class=\"wp-block-paragraph\">Tenemos la red de fibra \u00f3ptica m\u00e1s grande del pa\u00eds, llegamos a pueblos rec\u00f3nditos y de pocos habitantes, y llegamos para que distintas cooperativas conecten hogares, centros de salud y escuelas, algo que, en la mayor\u00eda de los casos, no es rentable para un actor privado. Son 34.000Km de fibra que recorren el pa\u00eds de extremo a extremo, incluido un cable submarino que llega a Tierra del Fuego.<\/p>\n\n\n\n<p class=\"wp-block-paragraph\">Tambi\u00e9n tenemos dos sat\u00e9lites en \u00f3rbita, de producci\u00f3n nacional y que protegen un territorio argentino muy lejano: las Posiciones Orbitales (72\u00b0 Oeste y 81\u00b0 Oeste). Arsat se cre\u00f3 en 2006 para proteger y explotar esas Posiciones Orbitales. Eso requer\u00eda tener un sat\u00e9lite en ese lugar que pudiera emitir se\u00f1ales. El Arsat 1 y el Arsat 2 fueron construidos en Bariloche y puestos en \u00f3rbita en 2014 y 2015. Desde entonces, ambos sat\u00e9lites brindan servicios de conectividad local e internacional: por ejemplo, servicios para que en toda Argentina accedamos a internet y a la Televisi\u00f3n Digital Abierta (TDA). Adem\u00e1s desde mayo de 2017 se implement\u00f3 el programa \u201cEscuelas\u201d que llev\u00f3 conectividad a m\u00e1s de 6.000 escuelas rurales<\/p>\n\n\n\n<p class=\"wp-block-paragraph\">Hoy hay casi 6.000 escuelas rurales conectadas v\u00eda Arsat. El Gobierno Nacional presidido por Javier Milei quiere cambiar esto y gener\u00f3 las condiciones para desconectar a esas escuelas de Arsat para conectarlas a Starlink, empresa privada estadounidense: Hace a\u00f1os, desde que asumi\u00f3 MIlei, que el estado no paga los servicios que ofrece Arsat en distintos puntos del pa\u00eds, generando as\u00ed una deuda millonaria, que por un lado desfinancia a la empresa nacional y por el otro ayuda al gobierno con un ficticio d\u00e9ficit fiscal.<\/p>\n\n\n\n<p class=\"wp-block-paragraph\">En el pa\u00eds hay 18.000 escuelas rurales en total, sin embargo, el Gobierno, en vez de intentar darle conectividad a las 12.000 que faltan, apunta a eliminar lo que ya hizo (bien) Arsat y le da el negocio a su amigo personal Elon Musk. Esto significa que los avances tecnol\u00f3gicos que se hicieron en muchas \u00e1reas de nuestro territorio nacional en los \u00faltimos a\u00f1os, con fondos p\u00fablicos, ahora se pierdan; y peor a\u00fan, ahora hay que pagar un costo extra por ir a retirar los equipos y que Arsat pierda los ingresos por los servicios que presta a esas comunidades. De hecho es tan clara la b\u00fasqueda de desfinanciaci\u00f3n que la ENACOM, el ente que regula las telecomunicaciones a nivel pa\u00eds, hace varios a\u00f1os que no le paga los servicios que presta Arsat, pero en cuesti\u00f3n de d\u00edas adjudic\u00f3, y pag\u00f3, el contrato a la empresa del amigo Elon Musk. \u00bfbastante claro, no?<\/p>\n\n\n\n<p class=\"wp-block-paragraph\">Arsat es de todos: es decir, es nuestra como sociedad. Genera trabajo leg\u00edtimo y de alta calidad en nuestro pa\u00eds, de manera federal. Conecta pueblos y ciudades contemplando La Ant\u00e1rtida, desde Ushuaia, a La Quiaca, desde el Este al Oeste. Sin embargo, desde que asumi\u00f3 Milei, se fue el 20% de los empleados, en muchos casos, personas muy capacitadas que trabajaban en, y para, todo el pa\u00eds. M\u00e1s a\u00fan, en un contexto de creciente p\u00e9rdida de soberan\u00eda el gobierno le regala d\u00f3lares frescos, que tanto nos cuesta conseguir, a sus amigos extranjeros mientras sostiene una deuda millonaria con ARSAT.<\/p>\n\n\n\n<p class=\"wp-block-paragraph\">No hay una raz\u00f3n explicitada por el Gobierno para preferir pagarle a una empresa extranjera por brindar el servicio, o el argumento paup\u00e9rrimo es la velocidad del servicio, seg\u00fan dicen. Pero \u00bfsaben qu\u00e9? No hace falta tanta velocidad de bajada de datos en las escuelas rurales, es innecesario, una persona que sabe del tema lo ejemplific\u00f3 de manera simple: no necesit\u00e1s un auto de carrera para andar por la ciudad, con un auto com\u00fan est\u00e1s bien, y as\u00ed es, con el servicio que presta Arsat es m\u00e1s que suficiente para que las Escuelas brinden contenidos educativos y conectividad a sus alumnos. Lo l\u00f3gico ser\u00eda planificar alguna participaci\u00f3n p\u00fablica-privada o joint venture que pudiera sumar esfuerzos en vez de restar a lo que ya se hizo. Con todo esto es claro el punto no es mejorar los servicios que hoy brinda el Estado: desde el Gobierno de Milei, hay una clara intenci\u00f3n de perder (a prop\u00f3sito) soberan\u00eda, de desgastar los recursos p\u00fablicos y una b\u00fasqueda de desfinanciar a las empresas p\u00fablicas con malversaciones y malos manejos, para luego decir que no funciona. Para hablar un poco de n\u00fameros, hoy Arsat cuesta aproximadamente un tercio de lo que cuesta Starlink. Una diferencia significativa que demuestra que no buscan ahorrar o hacer m\u00e1s eficiente el Estado sino, lisa y llanamente, desfinanciar a ARSAT. No es la primera vez que Milei hace esto. Hace dos a\u00f1os se fueron desconectando los CAPs (Centros de Atenci\u00f3n Primaria) que tambi\u00e9n ten\u00edan la misma finalidad: llevar conectividad a pueblos peque\u00f1os. Eran los centros que permit\u00edan tener se\u00f1al de celular, por ejemplo en alta monta\u00f1a para los habitantes de la zona, como externalidad positiva de un servicio p\u00fablico nacional. Eso hoy se perdi\u00f3.<\/p>\n\n\n\n<p class=\"wp-block-paragraph\">Por \u00faltimo, Arsat tiene un Datacenter con las \u00faltimas actualizaciones tecnol\u00f3gicas, reconocido a nivel mundial: una \u201cnube\u201d p\u00fablica y nacional. Ah\u00ed se guardan datos de bancos, empresas privadas y organismos nacionales; y su tecnolog\u00eda podr\u00eda usarse tambi\u00e9n para avanzar en la implementaci\u00f3n de Inteligencia Artificial en Argentina, beneficiando la productividad y los negocios. Pero el Gobierno de Milei decidi\u00f3 migrar esos repositorios de datos hacia Amazon y Google. No importa d\u00f3nde miremos: la pol\u00edtica libertaria sigue golpeando nuestra soberan\u00eda y busca da\u00f1ar aquello que tanta dedicaci\u00f3n y recursos nos ha costado construir a la sociedad argentina.<\/p>\n\n\n\n<p class=\"wp-block-paragraph\">Nota: En Arsat nos encontramos con medidas de fuerza gremial dado que hace 3 meses que no tenemos paritarias y nuestros salarios est\u00e1n un 50% por debajo de lo que deber\u00edan, con un conflicto iniciado en 2023 luego del cambio de gobierno.<\/p>\n\n\n\n<p class=\"wp-block-paragraph\">Por: Daiana Garc\u00eda<\/p>\n\n\n\n<p class=\"wp-block-paragraph\">Lic. en Econom\u00eda. Delegada de ARSAT<\/p>\n","protected":false},"excerpt":{"rendered":"<p>Quienes trabajamos en Arsat, siempre decimos que Arsat es ante todo Soberan\u00eda: Tenemos la red de fibra \u00f3ptica m\u00e1s grande del pa\u00eds, llegamos a pueblos rec\u00f3nditos y de pocos habitantes, y llegamos para que distintas cooperativas conecten hogares, centros de salud y escuelas, algo que, en la mayor\u00eda de los casos, no es rentable para&hellip;<\/p>\n","protected":false},"author":1,"featured_media":92941,"comment_status":"open","ping_status":"open","sticky":false,"template":"","format":"standard","meta":{"footnotes":""},"categories":[21],"tags":[22590,21022,2450,761,28812,37692,24351],"class_list":["post-146808","post","type-post","status-publish","format-standard","has-post-thumbnail","hentry","category-opinion","tag-arsat","tag-daiana-garcia","tag-diario-el-sindical","tag-gobierno-nacional","tag-javier-milei","tag-soberania","tag-tda"],"_links":{"self":[{"href":"https:\/\/www.elsindical.com.ar\/notas\/wp-json\/wp\/v2\/posts\/146808","targetHints":{"allow":["GET"]}}],"collection":[{"href":"https:\/\/www.elsindical.com.ar\/notas\/wp-json\/wp\/v2\/posts"}],"about":[{"href":"https:\/\/www.elsindical.com.ar\/notas\/wp-json\/wp\/v2\/types\/post"}],"author":[{"embeddable":true,"href":"https:\/\/www.elsindical.com.ar\/notas\/wp-json\/wp\/v2\/users\/1"}],"replies":[{"embeddable":true,"href":"https:\/\/www.elsindical.com.ar\/notas\/wp-json\/wp\/v2\/comments?post=146808"}],"version-history":[{"count":1,"href":"https:\/\/www.elsindical.com.ar\/notas\/wp-json\/wp\/v2\/posts\/146808\/revisions"}],"predecessor-version":[{"id":146809,"href":"https:\/\/www.elsindical.com.ar\/notas\/wp-json\/wp\/v2\/posts\/146808\/revisions\/146809"}],"wp:featuredmedia":[{"embeddable":true,"href":"https:\/\/www.elsindical.com.ar\/notas\/wp-json\/wp\/v2\/media\/92941"}],"wp:attachment":[{"href":"https:\/\/www.elsindical.com.ar\/notas\/wp-json\/wp\/v2\/media?parent=146808"}],"wp:term":[{"taxonomy":"category","embeddable":true,"href":"https:\/\/www.elsindical.com.ar\/notas\/wp-json\/wp\/v2\/categories?post=146808"},{"taxonomy":"post_tag","embeddable":true,"href":"https:\/\/www.elsindical.com.ar\/notas\/wp-json\/wp\/v2\/tags?post=146808"}],"curies":[{"name":"wp","href":"https:\/\/api.w.org\/{rel}","templated":true}]}}