{"id":146747,"date":"2026-09-01T18:16:01","date_gmt":"2026-09-01T21:16:01","guid":{"rendered":"https:\/\/www.elsindical.com.ar\/notas\/?p=146747"},"modified":"2026-09-01T18:16:05","modified_gmt":"2026-09-01T21:16:05","slug":"denuncian-a-milei-por-el-discurso-ante-alumnos-de-4-y-5-ano","status":"publish","type":"post","link":"https:\/\/www.elsindical.com.ar\/notas\/denuncian-a-milei-por-el-discurso-ante-alumnos-de-4-y-5-ano\/","title":{"rendered":"Denuncian a Milei por el discurso ante alumnos de 4\u00b0 y 5\u00b0 a\u00f1o"},"content":{"rendered":"<div class=\"wp-block-image\">\n<figure class=\"aligncenter size-full\"><a href=\"https:\/\/www.elsindical.com.ar\/notas\/var\/www\/html\/notas\/wp-content\/uploads\/2026\/09\/Milei-discurso-en-la-ORT.jpg\"><img loading=\"lazy\" decoding=\"async\" width=\"750\" height=\"428\" src=\"https:\/\/www.elsindical.com.ar\/notas\/var\/www\/html\/notas\/wp-content\/uploads\/2026\/09\/Milei-discurso-en-la-ORT.jpg\" alt=\"\" class=\"wp-image-146748\" srcset=\"https:\/\/www.elsindical.com.ar\/notas\/var\/www\/html\/notas\/wp-content\/uploads\/2026\/09\/Milei-discurso-en-la-ORT.jpg 750w, https:\/\/www.elsindical.com.ar\/notas\/var\/www\/html\/notas\/wp-content\/uploads\/2026\/09\/Milei-discurso-en-la-ORT-300x171.jpg 300w, https:\/\/www.elsindical.com.ar\/notas\/var\/www\/html\/notas\/wp-content\/uploads\/2026\/09\/Milei-discurso-en-la-ORT-220x126.jpg 220w\" sizes=\"auto, (max-width: 750px) 100vw, 750px\" \/><\/a><\/figure>\n<\/div>\n\n\n<p class=\"wp-block-paragraph\">La presentaci\u00f3n judicial acusa al Presidente de abuso de autoridad y proselitismo pol\u00edtico frente a estudiantes menores de edad de la instituci\u00f3n porte\u00f1a.<\/p>\n\n\n\n<p class=\"wp-block-paragraph\">El presidente <strong>Javier Milei<\/strong> fue denunciado penalmente por las manifestaciones expresadas durante su intervenci\u00f3n en el <strong>colegio ORT<\/strong>, donde disert\u00f3 ante <strong>estudiantes de 4\u00b0 y 5\u00b0 a\u00f1o<\/strong> del nivel secundario.<\/p>\n\n\n\n<p class=\"wp-block-paragraph\">La acci\u00f3n judicial fue impulsada por la organizaci\u00f3n <strong>Reset Republicano<\/strong> e ingres\u00f3 en el <strong>Juzgado Criminal y Correccional Federal N\u00b012<\/strong> de <strong>Comodoro Py<\/strong>.<\/p>\n\n\n\n<p class=\"wp-block-paragraph\">La presentaci\u00f3n imputa al jefe de Estado bajo los cargos de abuso de autoridad, violaci\u00f3n de los deberes de funcionario p\u00fablico y discriminaci\u00f3n.<\/p>\n\n\n\n<h2 class=\"wp-block-heading\">Argumentos de la presentaci\u00f3n y cuestionamientos legales<\/h2>\n\n\n\n<p class=\"wp-block-paragraph\">Los denunciantes sostuvieron que el mandatario utiliz\u00f3 la estructura de comunicaci\u00f3n oficial del Poder Ejecutivo para desplegar una arenga de car\u00e1cter proselitista dentro de un \u00e1mbito escolar con <strong>menores de edad<\/strong>.<\/p>\n\n\n\n<p class=\"wp-block-paragraph\">Seg\u00fan el escrito presentado ante la sede judicial, el discurso desbord\u00f3 los l\u00edmites institucionales al promover agresiones contra sectores opositores e incitar a los estudiantes a hostigar a determinados actores pol\u00edticos.<\/p>\n\n\n\n<p class=\"wp-block-paragraph\">Asimismo, la denuncia objet\u00f3 las descalificaciones expresadas por el mandatario al tildar al marxismo de tener ra\u00edces sat\u00e1nicas y descalificar postulados de ideolog\u00eda contraria a su gesti\u00f3n.<\/p>\n\n\n\n<h2 class=\"wp-block-heading\">Debate institucional sobre el uso de espacios educativos<\/h2>\n\n\n\n<p class=\"wp-block-paragraph\">El expediente judicial plantea un antecedente sobre la neutralidad de las instituciones de ense\u00f1anza frente a alocuciones emitidas por autoridades gubernamentales.<\/p>\n\n\n\n<p class=\"wp-block-paragraph\">Desde la organizaci\u00f3n demandante argumentaron que el uso del aparato estatal en salones escolares con fines pol\u00edticos configura una extralimitaci\u00f3n en las funciones del cargo.<\/p>\n\n\n\n<p class=\"wp-block-paragraph\">La causa radicada en los tribunales federales deber\u00e1 evaluar la admisibilidad de las imputaciones planteadas contra la m\u00e1xima autoridad nacional.<\/p>\n","protected":false},"excerpt":{"rendered":"<p>La presentaci\u00f3n judicial acusa al Presidente de abuso de autoridad y proselitismo pol\u00edtico frente a estudiantes menores de edad de la instituci\u00f3n porte\u00f1a. El presidente Javier Milei fue denunciado penalmente por las manifestaciones expresadas durante su intervenci\u00f3n en el colegio ORT, donde disert\u00f3 ante estudiantes de 4\u00b0 y 5\u00b0 a\u00f1o del nivel secundario. La acci\u00f3n&hellip;<\/p>\n","protected":false},"author":1,"featured_media":146748,"comment_status":"open","ping_status":"open","sticky":false,"template":"","format":"standard","meta":{"footnotes":""},"categories":[6,20,13],"tags":[2450,28812,10783,47383],"class_list":["post-146747","post","type-post","status-publish","format-standard","has-post-thumbnail","hentry","category-denuncias","category-judiciales","category-politica","tag-diario-el-sindical","tag-javier-milei","tag-ort","tag-reset-republicano"],"_links":{"self":[{"href":"https:\/\/www.elsindical.com.ar\/notas\/wp-json\/wp\/v2\/posts\/146747","targetHints":{"allow":["GET"]}}],"collection":[{"href":"https:\/\/www.elsindical.com.ar\/notas\/wp-json\/wp\/v2\/posts"}],"about":[{"href":"https:\/\/www.elsindical.com.ar\/notas\/wp-json\/wp\/v2\/types\/post"}],"author":[{"embeddable":true,"href":"https:\/\/www.elsindical.com.ar\/notas\/wp-json\/wp\/v2\/users\/1"}],"replies":[{"embeddable":true,"href":"https:\/\/www.elsindical.com.ar\/notas\/wp-json\/wp\/v2\/comments?post=146747"}],"version-history":[{"count":1,"href":"https:\/\/www.elsindical.com.ar\/notas\/wp-json\/wp\/v2\/posts\/146747\/revisions"}],"predecessor-version":[{"id":146749,"href":"https:\/\/www.elsindical.com.ar\/notas\/wp-json\/wp\/v2\/posts\/146747\/revisions\/146749"}],"wp:featuredmedia":[{"embeddable":true,"href":"https:\/\/www.elsindical.com.ar\/notas\/wp-json\/wp\/v2\/media\/146748"}],"wp:attachment":[{"href":"https:\/\/www.elsindical.com.ar\/notas\/wp-json\/wp\/v2\/media?parent=146747"}],"wp:term":[{"taxonomy":"category","embeddable":true,"href":"https:\/\/www.elsindical.com.ar\/notas\/wp-json\/wp\/v2\/categories?post=146747"},{"taxonomy":"post_tag","embeddable":true,"href":"https:\/\/www.elsindical.com.ar\/notas\/wp-json\/wp\/v2\/tags?post=146747"}],"curies":[{"name":"wp","href":"https:\/\/api.w.org\/{rel}","templated":true}]}}