{"id":146731,"date":"2026-08-31T16:55:34","date_gmt":"2026-08-31T19:55:34","guid":{"rendered":"https:\/\/www.elsindical.com.ar\/notas\/?p=146731"},"modified":"2026-08-31T16:55:39","modified_gmt":"2026-08-31T19:55:39","slug":"organizar-la-bronca-para-derrotar-a-milei","status":"publish","type":"post","link":"https:\/\/www.elsindical.com.ar\/notas\/organizar-la-bronca-para-derrotar-a-milei\/","title":{"rendered":"\u00abOrganizar la bronca para derrotar a Milei\u00bb"},"content":{"rendered":"<div class=\"wp-block-image\">\n<figure class=\"aligncenter size-large\"><a href=\"https:\/\/www.elsindical.com.ar\/notas\/var\/www\/html\/notas\/wp-content\/uploads\/2026\/08\/Cele-Fierro-y-Bodart.jpeg\"><img loading=\"lazy\" decoding=\"async\" width=\"1024\" height=\"684\" src=\"https:\/\/www.elsindical.com.ar\/notas\/var\/www\/html\/notas\/wp-content\/uploads\/2026\/08\/Cele-Fierro-y-Bodart-1024x684.jpeg\" alt=\"\" class=\"wp-image-146732\" srcset=\"https:\/\/www.elsindical.com.ar\/notas\/var\/www\/html\/notas\/wp-content\/uploads\/2026\/08\/Cele-Fierro-y-Bodart-1024x684.jpeg 1024w, https:\/\/www.elsindical.com.ar\/notas\/var\/www\/html\/notas\/wp-content\/uploads\/2026\/08\/Cele-Fierro-y-Bodart-300x200.jpeg 300w, https:\/\/www.elsindical.com.ar\/notas\/var\/www\/html\/notas\/wp-content\/uploads\/2026\/08\/Cele-Fierro-y-Bodart-768x513.jpeg 768w, https:\/\/www.elsindical.com.ar\/notas\/var\/www\/html\/notas\/wp-content\/uploads\/2026\/08\/Cele-Fierro-y-Bodart-1536x1026.jpeg 1536w, https:\/\/www.elsindical.com.ar\/notas\/var\/www\/html\/notas\/wp-content\/uploads\/2026\/08\/Cele-Fierro-y-Bodart.jpeg 1600w\" sizes=\"auto, (max-width: 1024px) 100vw, 1024px\" \/><\/a><\/figure>\n<\/div>\n\n\n<p class=\"wp-block-paragraph\">Desde distintos sectores sociales, sindicales, de DD.HH. y pol\u00edticos se impulsa una gran jornada nacional de movilizaci\u00f3n para el 19 de septiembre, con una acci\u00f3n central en Plaza de Mayo y manifestaciones en distintos puntos del pa\u00eds. La convocatoria, bajo la consigna <em>\u00abOrganizar la bronca para derrotar a Milei\u00bb<\/em>, plantea una <strong>Gran Marcha Nacional de la Bronca<\/strong> contra el gobierno de Javier Milei, su plan de ajuste y quienes lo sostienen. En ese marco, los dirigentes de izquierda <strong>Alejandro Bodart<\/strong> y <strong>Cele Fierro<\/strong> (MST-FIT Unidad) se refirieron a la convocatoria.<\/p>\n\n\n\n<p class=\"wp-block-paragraph\"><strong>Alejandro Bodart<\/strong> expres\u00f3: <em>\u00abLa crisis econ\u00f3mica termin\u00f3 con las expectativas de quienes todav\u00eda esperaban que llegara lo bueno de este gobierno. Pero para quienes viven de su trabajo, eso nunca lleg\u00f3 ni va a llegar. Todo el plan de Milei est\u00e1 al servicio de las corporaciones, los bancos y los grandes grupos financieros. Mientras unos pocos hacen grandes negocios, particularmente en las actividades energ\u00e9ticas y extractivas, la mitad de la poblaci\u00f3n no llega al 20 de cada mes. Si alguien se pregunta de d\u00f3nde nace la bronca, la respuesta es clara: nace de esa desigualdad creciente, del ajuste y del deterioro de las condiciones de vida que impulsa este gobierno. La bronca crece y se expresa cada vez en m\u00e1s sectores. El desaf\u00edo que tenemos por delante es claro: organizar esa bronca, unir las luchas y convertirla en una fuerza capaz de derrotar a Milei y todo su plan\u00bb.<\/em><\/p>\n\n\n\n<p class=\"wp-block-paragraph\">Por su parte, <strong>Cele Fierro<\/strong> agreg\u00f3: <em>\u00abSon muchos los sectores que est\u00e1n luchando. Lo que estamos impulsando es la coordinaci\u00f3n de todas esas luchas, para darle una expresi\u00f3n com\u00fan a una bronca que crece. Invitamos a quienes, como nosotros, creemos que no se puede esperar hasta 2027: tenemos todo 2026 por delante y es ahora, en las calles y organizados, cuando podemos enfrentar a este gobierno, sin esperar a que la CGT deje de dormir la siesta. Y esa pelea tiene que darse desde la izquierda. Ya vimos c\u00f3mo el resto de la oposici\u00f3n dice mucho, pero despu\u00e9s levanta la mano para aprobar leyes antipopulares; incluso el PJ termina pactando con Milei. Por eso creemos que es con la izquierda: somos quienes enfrentamos consecuentemente a este gobierno de ultraderecha y tenemos un programa pol\u00edtico capaz de sacar a nuestro pueblo de la crisis y del sometimiento al que lo conducen Milei y sus c\u00f3mplices\u00bb.<\/em><\/p>\n","protected":false},"excerpt":{"rendered":"<p>Desde distintos sectores sociales, sindicales, de DD.HH. y pol\u00edticos se impulsa una gran jornada nacional de movilizaci\u00f3n para el 19 de septiembre, con una acci\u00f3n central en Plaza de Mayo y manifestaciones en distintos puntos del pa\u00eds. La convocatoria, bajo la consigna \u00abOrganizar la bronca para derrotar a Milei\u00bb, plantea una Gran Marcha Nacional de&hellip;<\/p>\n","protected":false},"author":1,"featured_media":146732,"comment_status":"open","ping_status":"open","sticky":false,"template":"","format":"standard","meta":{"footnotes":""},"categories":[13],"tags":[14275,35825,2450,28812,48229,32811],"class_list":["post-146731","post","type-post","status-publish","format-standard","has-post-thumbnail","hentry","category-politica","tag-alejandro-bodart","tag-cele-fierro","tag-diario-el-sindical","tag-javier-milei","tag-marcha-de-la-bronca","tag-mst-fit"],"_links":{"self":[{"href":"https:\/\/www.elsindical.com.ar\/notas\/wp-json\/wp\/v2\/posts\/146731","targetHints":{"allow":["GET"]}}],"collection":[{"href":"https:\/\/www.elsindical.com.ar\/notas\/wp-json\/wp\/v2\/posts"}],"about":[{"href":"https:\/\/www.elsindical.com.ar\/notas\/wp-json\/wp\/v2\/types\/post"}],"author":[{"embeddable":true,"href":"https:\/\/www.elsindical.com.ar\/notas\/wp-json\/wp\/v2\/users\/1"}],"replies":[{"embeddable":true,"href":"https:\/\/www.elsindical.com.ar\/notas\/wp-json\/wp\/v2\/comments?post=146731"}],"version-history":[{"count":1,"href":"https:\/\/www.elsindical.com.ar\/notas\/wp-json\/wp\/v2\/posts\/146731\/revisions"}],"predecessor-version":[{"id":146733,"href":"https:\/\/www.elsindical.com.ar\/notas\/wp-json\/wp\/v2\/posts\/146731\/revisions\/146733"}],"wp:featuredmedia":[{"embeddable":true,"href":"https:\/\/www.elsindical.com.ar\/notas\/wp-json\/wp\/v2\/media\/146732"}],"wp:attachment":[{"href":"https:\/\/www.elsindical.com.ar\/notas\/wp-json\/wp\/v2\/media?parent=146731"}],"wp:term":[{"taxonomy":"category","embeddable":true,"href":"https:\/\/www.elsindical.com.ar\/notas\/wp-json\/wp\/v2\/categories?post=146731"},{"taxonomy":"post_tag","embeddable":true,"href":"https:\/\/www.elsindical.com.ar\/notas\/wp-json\/wp\/v2\/tags?post=146731"}],"curies":[{"name":"wp","href":"https:\/\/api.w.org\/{rel}","templated":true}]}}