{"id":146728,"date":"2026-08-31T10:28:02","date_gmt":"2026-08-31T13:28:02","guid":{"rendered":"https:\/\/www.elsindical.com.ar\/notas\/?p=146728"},"modified":"2026-08-31T10:28:06","modified_gmt":"2026-08-31T13:28:06","slug":"el-incaa-ofrece-us35-000-para-hacerla-pelicula","status":"publish","type":"post","link":"https:\/\/www.elsindical.com.ar\/notas\/el-incaa-ofrece-us35-000-para-hacerla-pelicula\/","title":{"rendered":"El Incaa ofrece U$S35.000 para hacerla pel\u00edcula"},"content":{"rendered":"<div class=\"wp-block-image\">\n<figure class=\"aligncenter size-full\"><a href=\"https:\/\/www.elsindical.com.ar\/notas\/var\/www\/html\/notas\/wp-content\/uploads\/2026\/08\/pantalla-cine-INCAA.jpg\"><img loading=\"lazy\" decoding=\"async\" width=\"750\" height=\"506\" src=\"https:\/\/www.elsindical.com.ar\/notas\/var\/www\/html\/notas\/wp-content\/uploads\/2026\/08\/pantalla-cine-INCAA.jpg\" alt=\"\" class=\"wp-image-146729\" srcset=\"https:\/\/www.elsindical.com.ar\/notas\/var\/www\/html\/notas\/wp-content\/uploads\/2026\/08\/pantalla-cine-INCAA.jpg 750w, https:\/\/www.elsindical.com.ar\/notas\/var\/www\/html\/notas\/wp-content\/uploads\/2026\/08\/pantalla-cine-INCAA-300x202.jpg 300w\" sizes=\"auto, (max-width: 750px) 100vw, 750px\" \/><\/a><\/figure>\n<\/div>\n\n\n<p class=\"wp-block-paragraph\">El concurso est\u00e1 dirigido a mayores de 18 a\u00f1os de todo el pa\u00eds y seleccionar\u00e1 seis proyectos de cortometrajes de ficci\u00f3n.<\/p>\n\n\n\n<p class=\"wp-block-paragraph\">\u00bfTen\u00e9s una historia que podr\u00eda convertirse en pel\u00edcula? El Instituto Nacional de Cine y Artes Audiovisuales (<a href=\"https:\/\/www.lagaceta.com.ar\/nota\/1137558\/cultura\/incaa-lanzo-concurso-para-jovenes-cineastas-ganadores-viajaran-espana.html\" rel=\"noopener\" target=\"_blank\">Incaa<\/a>) abri\u00f3 una nueva edici\u00f3n de Historias Breves, el concurso que desde 1995 acompa\u00f1a a directores que dan sus primeros pasos en el cine argentino. Esta vez, la convocatoria est\u00e1 dedicada al drama.<\/p>\n\n\n\n<p class=\"wp-block-paragraph\">La propuesta busca proyectos de cortometrajes de ficci\u00f3n que puedan abordar dramas familiares, rom\u00e1nticos, hist\u00f3ricos o melodramas. Las historias deber\u00e1n ser originales o estar basadas en una obra preexistente y no podr\u00e1n ser documentales ni de animaci\u00f3n.<\/p>\n\n\n\n<p class=\"wp-block-paragraph\">La convocatoria est\u00e1 abierta a directores mayores de 18 a\u00f1os, argentinos o extranjeros con residencia permanente en el pa\u00eds. No hace falta contar con experiencia previa en la industria audiovisual.<\/p>\n\n\n\n<h2 class=\"wp-block-heading\">Seis proyectos y US$35.000 para cada uno<\/h2>\n\n\n\n<p class=\"wp-block-paragraph\">El Incaa seleccionar\u00e1 seis proyectos ganadores por orden de m\u00e9rito. Cada uno recibir\u00e1 un premio de US$35.000, que se pagar\u00e1 en pesos al tipo de cambio vendedor del Banco Naci\u00f3n correspondiente al d\u00eda anterior al pago.<\/p>\n\n\n\n<p class=\"wp-block-paragraph\">El dinero se entregar\u00e1 en dos etapas: el 80% al momento de firmar el contrato y el 20% restante despu\u00e9s de la aprobaci\u00f3n t\u00e9cnica de la copia final.<\/p>\n\n\n\n<p class=\"wp-block-paragraph\">Los cortometrajes deber\u00e1n tener una duraci\u00f3n m\u00e1xima de 15 minutos, incluidos los t\u00edtulos y cr\u00e9ditos. Adem\u00e1s, los proyectos ganadores formar\u00e1n parte de un largometraje que el Incaa<a href=\"https:\/\/www.lagaceta.com.ar\/nota\/1151135\/cultura\/tenes-historia-incaa-ofrece-us35000-para-hacerla-pelicula.html?fbclid=IwY2xjawUCXztwZG9mBWV4dG4DYWVtAjEwAGJyaWQRMTV1T3hBa2tqbkRsS2ltd1FzcnRjBmFwcF9pZBAyMjIwMzkxNzg4MjAwODkyAAEeaVj7P2kARDMlZLcvovkOEJdtIQaUNJdv0TBiDYcxuq_OCOINFC1ZRYOvaqI_aem_nHak4tHz-vVUDJxYTFiSrA\"><\/a> podr\u00e1 estrenar en festivales y salas.<\/p>\n\n\n\n<h2 class=\"wp-block-heading\">Qu\u00e9 hay que presentar<\/h2>\n\n\n\n<p class=\"wp-block-paragraph\">La inscripci\u00f3n se realiza de manera online a trav\u00e9s de Incaa en L\u00ednea. Cada proyecto debe incluir una sinopsis, un guion de hasta 20 p\u00e1ginas, una propuesta est\u00e9tica y narrativa, la motivaci\u00f3n del director, un cronograma de producci\u00f3n y un presupuesto.<\/p>\n\n\n\n<p class=\"wp-block-paragraph\">El concurso tiene una particularidad: la carpeta del proyecto debe presentarse sin informaci\u00f3n que identifique al director, ya que la evaluaci\u00f3n ser\u00e1 an\u00f3nima y bajo una modalidad de doble ciego.<\/p>\n\n\n\n<p class=\"wp-block-paragraph\">La inscripci\u00f3n comenz\u00f3 el 21 de agosto y estar\u00e1 disponible en la <a href=\"https:\/\/sso.incaa.gob.ar\/login\" rel=\"noopener\" target=\"_blank\">p\u00e1gina oficial<\/a> hasta las 14 del 25 de septiembre de 2026.<\/p>\n\n\n\n<p class=\"wp-block-paragraph\">Para quienes tienen una historia guardada en un archivo, una idea que todav\u00eda no lleg\u00f3 a la pantalla o un guion que pide una oportunidad, Historias Breves puede ser el primer paso para convertir esas p\u00e1ginas en una pel\u00edcula.<\/p>\n\n\n\n<p class=\"wp-block-paragraph\"><\/p>\n","protected":false},"excerpt":{"rendered":"<p>El concurso est\u00e1 dirigido a mayores de 18 a\u00f1os de todo el pa\u00eds y seleccionar\u00e1 seis proyectos de cortometrajes de ficci\u00f3n. \u00bfTen\u00e9s una historia que podr\u00eda convertirse en pel\u00edcula? El Instituto Nacional de Cine y Artes Audiovisuales (Incaa) abri\u00f3 una nueva edici\u00f3n de Historias Breves, el concurso que desde 1995 acompa\u00f1a a directores que dan&hellip;<\/p>\n","protected":false},"author":1,"featured_media":146729,"comment_status":"open","ping_status":"open","sticky":false,"template":"","format":"standard","meta":{"footnotes":""},"categories":[13],"tags":[9921,2450,8579,13705,3043,48228],"class_list":["post-146728","post","type-post","status-publish","format-standard","has-post-thumbnail","hentry","category-politica","tag-concurso","tag-diario-el-sindical","tag-financiacion","tag-incaa","tag-proyecto","tag-realizacion-de-pelicula"],"_links":{"self":[{"href":"https:\/\/www.elsindical.com.ar\/notas\/wp-json\/wp\/v2\/posts\/146728","targetHints":{"allow":["GET"]}}],"collection":[{"href":"https:\/\/www.elsindical.com.ar\/notas\/wp-json\/wp\/v2\/posts"}],"about":[{"href":"https:\/\/www.elsindical.com.ar\/notas\/wp-json\/wp\/v2\/types\/post"}],"author":[{"embeddable":true,"href":"https:\/\/www.elsindical.com.ar\/notas\/wp-json\/wp\/v2\/users\/1"}],"replies":[{"embeddable":true,"href":"https:\/\/www.elsindical.com.ar\/notas\/wp-json\/wp\/v2\/comments?post=146728"}],"version-history":[{"count":1,"href":"https:\/\/www.elsindical.com.ar\/notas\/wp-json\/wp\/v2\/posts\/146728\/revisions"}],"predecessor-version":[{"id":146730,"href":"https:\/\/www.elsindical.com.ar\/notas\/wp-json\/wp\/v2\/posts\/146728\/revisions\/146730"}],"wp:featuredmedia":[{"embeddable":true,"href":"https:\/\/www.elsindical.com.ar\/notas\/wp-json\/wp\/v2\/media\/146729"}],"wp:attachment":[{"href":"https:\/\/www.elsindical.com.ar\/notas\/wp-json\/wp\/v2\/media?parent=146728"}],"wp:term":[{"taxonomy":"category","embeddable":true,"href":"https:\/\/www.elsindical.com.ar\/notas\/wp-json\/wp\/v2\/categories?post=146728"},{"taxonomy":"post_tag","embeddable":true,"href":"https:\/\/www.elsindical.com.ar\/notas\/wp-json\/wp\/v2\/tags?post=146728"}],"curies":[{"name":"wp","href":"https:\/\/api.w.org\/{rel}","templated":true}]}}