{"id":146725,"date":"2026-08-31T02:24:52","date_gmt":"2026-08-31T05:24:52","guid":{"rendered":"https:\/\/www.elsindical.com.ar\/notas\/?p=146725"},"modified":"2026-08-31T02:24:56","modified_gmt":"2026-08-31T05:24:56","slug":"estamos-en-el-mayor-brote-de-tuberculosis-y-sifilis-desde-1810","status":"publish","type":"post","link":"https:\/\/www.elsindical.com.ar\/notas\/estamos-en-el-mayor-brote-de-tuberculosis-y-sifilis-desde-1810\/","title":{"rendered":"\u00abEstamos en el mayor brote de tuberculosis y s\u00edfilis desde 1810\u00bb"},"content":{"rendered":"<div class=\"wp-block-image\">\n<figure class=\"aligncenter size-full\"><a href=\"https:\/\/www.elsindical.com.ar\/notas\/var\/www\/html\/notas\/wp-content\/uploads\/2026\/08\/Oscar-Atienza.jpg\"><img loading=\"lazy\" decoding=\"async\" width=\"400\" height=\"400\" src=\"https:\/\/www.elsindical.com.ar\/notas\/var\/www\/html\/notas\/wp-content\/uploads\/2026\/08\/Oscar-Atienza.jpg\" alt=\"\" class=\"wp-image-146726\" srcset=\"https:\/\/www.elsindical.com.ar\/notas\/var\/www\/html\/notas\/wp-content\/uploads\/2026\/08\/Oscar-Atienza.jpg 400w, https:\/\/www.elsindical.com.ar\/notas\/var\/www\/html\/notas\/wp-content\/uploads\/2026\/08\/Oscar-Atienza-150x150.jpg 150w, https:\/\/www.elsindical.com.ar\/notas\/var\/www\/html\/notas\/wp-content\/uploads\/2026\/08\/Oscar-Atienza-300x300.jpg 300w, https:\/\/www.elsindical.com.ar\/notas\/var\/www\/html\/notas\/wp-content\/uploads\/2026\/08\/Oscar-Atienza-50x50.jpg 50w\" sizes=\"auto, (max-width: 400px) 100vw, 400px\" \/><\/a><\/figure>\n<\/div>\n\n\n<p class=\"wp-block-paragraph\">El m\u00e9dico sanjuanino Oscar Atienza alert\u00f3 sobre un grave retroceso epidemiol\u00f3gico en la AM 530, la radio de las Madres.<\/p>\n\n\n\n<p class=\"wp-block-paragraph\">Oscar Atienza naci\u00f3 en San Juan en 1967. M\u00e9dico cirujano recibido en la Universidad Nacional de C\u00f3rdoba, se especializ\u00f3 en salud p\u00fablica y ejerci\u00f3 durante m\u00e1s de veinte a\u00f1os en hospitales p\u00fablicos del interior del pa\u00eds, donde forj\u00f3 su convicci\u00f3n de que el Estado debe ser el principal garante del bienestar colectivo.<\/p>\n\n\n\n<p class=\"wp-block-paragraph\">Hoy convers\u00f3 con otro profesional de la medicina, Donato Spaccavento, en la AM 530, la radio de las Madres de Plaza de Mayo. El di\u00e1logo expuso un diagn\u00f3stico alarmante sobre la situaci\u00f3n sanitaria argentina.<\/p>\n\n\n\n<p class=\"wp-block-paragraph\">Atienza:<\/p>\n\n\n\n<p class=\"wp-block-paragraph\">\u2014Est\u00e1n todas estas enfermedades en aumento. \u00bfQui\u00e9n sabe que est\u00e1n en aumento? Los que leemos el bolet\u00edn epidemiol\u00f3gico, y no somos muchos, somos muy poquitos. El Estado, que es el que produce esa informaci\u00f3n y que la tiene, tiene que salir a los medios de comunicaci\u00f3n y advertirle a la sociedad, porque una sociedad informada y advertida se enferma menos. La informaci\u00f3n siempre es un factor de protecci\u00f3n. Si yo s\u00e9 que las enfermedades de transmisi\u00f3n sexual est\u00e1n en aumento, voy a cuidarme un poquito m\u00e1s. Si nadie me informa, lo m\u00e1s probable es que termine arriesgando mi salud innecesariamente.<\/p>\n\n\n\n<p class=\"wp-block-paragraph\">Spaccavento:<\/p>\n\n\n\n<p class=\"wp-block-paragraph\">\u2014Ac\u00e1 un oyente, Sergio de las Heras, pregunta: \u00bftuberculosis y rabia est\u00e1n en aumento?<\/p>\n\n\n\n<p class=\"wp-block-paragraph\">Atienza:<\/p>\n\n\n\n<p class=\"wp-block-paragraph\">\u2014S\u00ed, tambi\u00e9n. La rabia animal \u2014no en el ser humano, pero en el animal\u2014 est\u00e1 en aumento. Se han multiplicado por diez los casos. Y la tuberculosis, junto con la s\u00edfilis: estamos en el mayor brote del que se tenga registro en la historia de la Argentina. Desde 1810 a la fecha, nunca tuvimos tantos casos de tuberculosis y s\u00edfilis en proporci\u00f3n por cada 100.000 habitantes.<\/p>\n\n\n\n<p class=\"wp-block-paragraph\">Tambi\u00e9n hay lepra, otra enfermedad que estaba erradicada. Hay un brote en el norte argentino. Y empiezan a aparecer algunos casos de viruela s\u00edmica. Estas cuatro enfermedades est\u00e1n relacionadas con la pobreza. Cuando nos dicen que la pobreza ha disminuido, es mentira. Porque estas enfermedades est\u00e1n \u00edntimamente ligadas a la pobreza. Seguramente est\u00e1n midiendo mal la pobreza. En los n\u00fameros van bien, pero en los hechos, en la realidad, no debe ser as\u00ed.<\/p>\n\n\n\n<p class=\"wp-block-paragraph\">Est\u00e1bamos en una nueva transici\u00f3n epidemiol\u00f3gica: \u00edbamos hacia las enfermedades cr\u00f3nicas \u2014diabetes, hipertensi\u00f3n, cardiovasculares\u2014 y estamos teniendo un retroceso hacia las enfermedades infecciosas nuevamente.<\/p>\n\n\n\n<p class=\"wp-block-paragraph\">Aument\u00f3 la mortalidad infantil: pas\u00f3 de 8 a 8,5 por mil en los \u00faltimos dos a\u00f1os. Eso no pasaba desde hace 25 a\u00f1os. Aument\u00f3 la mortalidad materna un 37%. Eso no pasaba desde hace 16 a\u00f1os. Y estamos con una tasa de exceso de muerte en personas de m\u00e1s de 65 a\u00f1os de casi el 10%, con 21.276 personas que murieron de m\u00e1s en 2024 en comparaci\u00f3n con 2023. En personas mayores de 65 a\u00f1os, la tasa de exceso de muerte es similar a la de la pandemia.<\/p>\n\n\n\n<p class=\"wp-block-paragraph\">Hay un nuevo paradigma, un nuevo cambio de modelo epidemiol\u00f3gico en la Argentina, y tiene que ver directamente con el retiro del Estado de todo este tipo de medidas.<\/p>\n","protected":false},"excerpt":{"rendered":"<p>El m\u00e9dico sanjuanino Oscar Atienza alert\u00f3 sobre un grave retroceso epidemiol\u00f3gico en la AM 530, la radio de las Madres. Oscar Atienza naci\u00f3 en San Juan en 1967. M\u00e9dico cirujano recibido en la Universidad Nacional de C\u00f3rdoba, se especializ\u00f3 en salud p\u00fablica y ejerci\u00f3 durante m\u00e1s de veinte a\u00f1os en hospitales p\u00fablicos del interior del&hellip;<\/p>\n","protected":false},"author":1,"featured_media":146726,"comment_status":"open","ping_status":"open","sticky":false,"template":"","format":"standard","meta":{"footnotes":""},"categories":[23,25],"tags":[48227,2450,12893,3432,48226,26705,17848],"class_list":["post-146725","post","type-post","status-publish","format-standard","has-post-thumbnail","hentry","category-salud","category-sociedad","tag-am-530-radio-de-las-madres","tag-diario-el-sindical","tag-donato-spaccavento","tag-medico","tag-oscar-atienza","tag-sifilis","tag-tuberculosis"],"_links":{"self":[{"href":"https:\/\/www.elsindical.com.ar\/notas\/wp-json\/wp\/v2\/posts\/146725","targetHints":{"allow":["GET"]}}],"collection":[{"href":"https:\/\/www.elsindical.com.ar\/notas\/wp-json\/wp\/v2\/posts"}],"about":[{"href":"https:\/\/www.elsindical.com.ar\/notas\/wp-json\/wp\/v2\/types\/post"}],"author":[{"embeddable":true,"href":"https:\/\/www.elsindical.com.ar\/notas\/wp-json\/wp\/v2\/users\/1"}],"replies":[{"embeddable":true,"href":"https:\/\/www.elsindical.com.ar\/notas\/wp-json\/wp\/v2\/comments?post=146725"}],"version-history":[{"count":1,"href":"https:\/\/www.elsindical.com.ar\/notas\/wp-json\/wp\/v2\/posts\/146725\/revisions"}],"predecessor-version":[{"id":146727,"href":"https:\/\/www.elsindical.com.ar\/notas\/wp-json\/wp\/v2\/posts\/146725\/revisions\/146727"}],"wp:featuredmedia":[{"embeddable":true,"href":"https:\/\/www.elsindical.com.ar\/notas\/wp-json\/wp\/v2\/media\/146726"}],"wp:attachment":[{"href":"https:\/\/www.elsindical.com.ar\/notas\/wp-json\/wp\/v2\/media?parent=146725"}],"wp:term":[{"taxonomy":"category","embeddable":true,"href":"https:\/\/www.elsindical.com.ar\/notas\/wp-json\/wp\/v2\/categories?post=146725"},{"taxonomy":"post_tag","embeddable":true,"href":"https:\/\/www.elsindical.com.ar\/notas\/wp-json\/wp\/v2\/tags?post=146725"}],"curies":[{"name":"wp","href":"https:\/\/api.w.org\/{rel}","templated":true}]}}