{"id":146719,"date":"2026-08-30T21:19:17","date_gmt":"2026-08-31T00:19:17","guid":{"rendered":"https:\/\/www.elsindical.com.ar\/notas\/?p=146719"},"modified":"2026-08-30T21:19:22","modified_gmt":"2026-08-31T00:19:22","slug":"callejero-fino-detenido-circulaba-sin-patente-y-la-policia-le-encontro-un-arma-con-la-numeracion-limada","status":"publish","type":"post","link":"https:\/\/www.elsindical.com.ar\/notas\/callejero-fino-detenido-circulaba-sin-patente-y-la-policia-le-encontro-un-arma-con-la-numeracion-limada\/","title":{"rendered":"Callejero Fino detenido, circulaba sin patente y la Polic\u00eda le encontr\u00f3 un arma con la numeraci\u00f3n limada"},"content":{"rendered":"<div class=\"wp-block-image\">\n<figure class=\"aligncenter size-full\"><a href=\"https:\/\/www.elsindical.com.ar\/notas\/var\/www\/html\/notas\/wp-content\/uploads\/2026\/08\/Callejero-fino-detenido-30-agosto-2026.jpg\"><img loading=\"lazy\" decoding=\"async\" width=\"750\" height=\"495\" src=\"https:\/\/www.elsindical.com.ar\/notas\/var\/www\/html\/notas\/wp-content\/uploads\/2026\/08\/Callejero-fino-detenido-30-agosto-2026.jpg\" alt=\"\" class=\"wp-image-146721\" srcset=\"https:\/\/www.elsindical.com.ar\/notas\/var\/www\/html\/notas\/wp-content\/uploads\/2026\/08\/Callejero-fino-detenido-30-agosto-2026.jpg 750w, https:\/\/www.elsindical.com.ar\/notas\/var\/www\/html\/notas\/wp-content\/uploads\/2026\/08\/Callejero-fino-detenido-30-agosto-2026-300x198.jpg 300w\" sizes=\"auto, (max-width: 750px) 100vw, 750px\" \/><\/a><\/figure>\n<\/div>\n\n\n<p class=\"wp-block-paragraph\">La Polic\u00eda Bonaerense arrest\u00f3 al artista de de RKT de 31 a\u00f1os en Villa La \u00d1ata tras haber revisado su veh\u00edculo por falta de patente y hallaron una pistola calibre .40 con la numeraci\u00f3n limada.<\/p>\n\n\n\n<p class=\"wp-block-paragraph\"><strong>Sim\u00f3n Alvarenga, conocido bajo su nombre art\u00edstico Callejero Fino<\/strong>, fue detenido este domingo 30 de agosto por la ma\u00f1ana en la zona de Villa La \u00d1ata, partido de Tigre. Personal de la Polic\u00eda Bonaerense intercept\u00f3 su camioneta Volkswagen Amarok en la que viajaba porque <strong>circulaba sin la patente<\/strong> y tras identificar a los ocupantes, los efectivos inspeccionaron el interior del veh\u00edculo y <strong>descubrieron una pistola calibre .40, marca Glock, con la numeraci\u00f3n limada<\/strong>.<\/p>\n\n\n\n<p class=\"wp-block-paragraph\">El operativo deriv\u00f3 en el <strong>secuestro inmediato del veh\u00edculo y del arma<\/strong>. La Justicia abri\u00f3 una causa por <strong>tenencia ilegal de arma de guerra<\/strong>, a cargo de la Unidad Funcional de Instrucci\u00f3n (UFI) de Benav\u00eddez, liderada por el fiscal Cosme Iribarren. El artista de 31 a\u00f1os iba junto a un joven de 27 a\u00f1os domiciliado en Presidente Derqui.<\/p>\n\n\n\n<p class=\"wp-block-paragraph\">Al momento de la aprehensi\u00f3n, Callejero Fino manifest\u00f3 su preocupaci\u00f3n. <strong>\u201cMe quiero matar\u201d, lanz\u00f3 frente a los uniformados<\/strong>. Para justificar su presencia en el lugar, detall\u00f3 que se dirig\u00eda \u201cal cumplea\u00f1os del novio de Mar\u00eda Becerra (J Rei) en una quinta de la zona\u201d.<\/p>\n\n\n\n<p class=\"wp-block-paragraph\">Por el momento, el cantante de RKT <strong>continuar\u00e1 alojado en una dependencia policial y el fiscal lo indagar\u00e1 este lunes<\/strong>. El episodio ocurri\u00f3 a pocas semanas de un show clave en su agenda: el pr\u00f3ximo mes de septiembre <strong>tiene un recital pautado en el complejo C Art Media de Chacarita<\/strong>. Adem\u00e1s, <strong>viene de presentarse en el recital de la banda Cindy Cats<\/strong> que brind\u00f3 en Amerika el pasado jueves 26, donde se subi\u00f3 al escenario con el rapero Klan para rapear arriba de la canci\u00f3n <em>Ciudad de pobres corazones<\/em> de Fito P\u00e1ez.<\/p>\n\n\n\n<h2 class=\"wp-block-heading\">Los antecedentes penales de Callejero Fino<\/h2>\n\n\n\n<p class=\"wp-block-paragraph\">No es la primera vez que enfrenta un proceso penal, dado que <strong>a los 20 a\u00f1os recibi\u00f3 una condena de seis a\u00f1os de prisi\u00f3n por robo<\/strong>. \u201cTermin\u00e9 preso por estar en un lugar donde no ten\u00eda que estar y con gente con la que no ten\u00eda que estar. No hay mucha vuelta ni mucha salida, los que me acompa\u00f1aban est\u00e1n presos o muertos. No me acuerdo del hecho. Son flashes. Me gustar\u00eda que un d\u00eda me digan bien qu\u00e9 pas\u00f3\u201d, revel\u00f3 tiempo atr\u00e1s en el programa <em><strong>Podemos Hablar<\/strong><\/em>que conduce <strong>Andy Kusnetzoff<\/strong> por <em><strong>Telefe<\/strong><\/em>.<\/p>\n\n\n\n<p class=\"wp-block-paragraph\">El m\u00fasico <strong>pas\u00f3 cinco meses en un penal y luego accedi\u00f3 al arresto domiciliario con tobillera electr\u00f3nica<\/strong>. En esa etapa fue cuando se volc\u00f3 de lleno a la m\u00fasica. En esas jornadas, aprovechaba las noches para componer y crear sus primeros \u00e9xitos.<\/p>\n\n\n\n<p class=\"wp-block-paragraph\">Durante sus primeros pasos en la industria musical, el artista <strong>necesitaba pedir permisos judiciales para salir de su casa<\/strong> y brindar shows. En <strong>agosto de 2023 comunic\u00f3 el fin de su condena<\/strong> y desde entonces, consolid\u00f3 su carrera hasta convertirse en uno de los m\u00e1ximos referentes del RKT a nivel nacional, un ascenso que hoy volvi\u00f3 a quedar marcado por un conflicto legal.<\/p>\n\n\n<div class=\"wp-block-image\">\n<figure class=\"aligncenter size-full\"><a href=\"https:\/\/www.elsindical.com.ar\/notas\/var\/www\/html\/notas\/wp-content\/uploads\/2026\/08\/Glock-numeracion-limada-Callejero-Fino.jpg\"><img loading=\"lazy\" decoding=\"async\" width=\"875\" height=\"652\" src=\"https:\/\/www.elsindical.com.ar\/notas\/var\/www\/html\/notas\/wp-content\/uploads\/2026\/08\/Glock-numeracion-limada-Callejero-Fino.jpg\" alt=\"\" class=\"wp-image-146720\" srcset=\"https:\/\/www.elsindical.com.ar\/notas\/var\/www\/html\/notas\/wp-content\/uploads\/2026\/08\/Glock-numeracion-limada-Callejero-Fino.jpg 875w, https:\/\/www.elsindical.com.ar\/notas\/var\/www\/html\/notas\/wp-content\/uploads\/2026\/08\/Glock-numeracion-limada-Callejero-Fino-300x224.jpg 300w, https:\/\/www.elsindical.com.ar\/notas\/var\/www\/html\/notas\/wp-content\/uploads\/2026\/08\/Glock-numeracion-limada-Callejero-Fino-768x572.jpg 768w\" sizes=\"auto, (max-width: 875px) 100vw, 875px\" \/><\/a><\/figure>\n<\/div>","protected":false},"excerpt":{"rendered":"<p>La Polic\u00eda Bonaerense arrest\u00f3 al artista de de RKT de 31 a\u00f1os en Villa La \u00d1ata tras haber revisado su veh\u00edculo por falta de patente y hallaron una pistola calibre .40 con la numeraci\u00f3n limada. Sim\u00f3n Alvarenga, conocido bajo su nombre art\u00edstico Callejero Fino, fue detenido este domingo 30 de agosto por la ma\u00f1ana en&hellip;<\/p>\n","protected":false},"author":1,"featured_media":146721,"comment_status":"open","ping_status":"open","sticky":false,"template":"","format":"standard","meta":{"footnotes":""},"categories":[22],"tags":[48222,2450,14903,48223,48224,41444,48225,646,19794],"class_list":["post-146719","post","type-post","status-publish","format-standard","has-post-thumbnail","hentry","category-policiales","tag-callejero-fino","tag-diario-el-sindical","tag-glock-40","tag-nu","tag-numeracion-suprimida","tag-rkt","tag-simon-alvarenga","tag-tigre","tag-villa-la-nata"],"_links":{"self":[{"href":"https:\/\/www.elsindical.com.ar\/notas\/wp-json\/wp\/v2\/posts\/146719","targetHints":{"allow":["GET"]}}],"collection":[{"href":"https:\/\/www.elsindical.com.ar\/notas\/wp-json\/wp\/v2\/posts"}],"about":[{"href":"https:\/\/www.elsindical.com.ar\/notas\/wp-json\/wp\/v2\/types\/post"}],"author":[{"embeddable":true,"href":"https:\/\/www.elsindical.com.ar\/notas\/wp-json\/wp\/v2\/users\/1"}],"replies":[{"embeddable":true,"href":"https:\/\/www.elsindical.com.ar\/notas\/wp-json\/wp\/v2\/comments?post=146719"}],"version-history":[{"count":1,"href":"https:\/\/www.elsindical.com.ar\/notas\/wp-json\/wp\/v2\/posts\/146719\/revisions"}],"predecessor-version":[{"id":146722,"href":"https:\/\/www.elsindical.com.ar\/notas\/wp-json\/wp\/v2\/posts\/146719\/revisions\/146722"}],"wp:featuredmedia":[{"embeddable":true,"href":"https:\/\/www.elsindical.com.ar\/notas\/wp-json\/wp\/v2\/media\/146721"}],"wp:attachment":[{"href":"https:\/\/www.elsindical.com.ar\/notas\/wp-json\/wp\/v2\/media?parent=146719"}],"wp:term":[{"taxonomy":"category","embeddable":true,"href":"https:\/\/www.elsindical.com.ar\/notas\/wp-json\/wp\/v2\/categories?post=146719"},{"taxonomy":"post_tag","embeddable":true,"href":"https:\/\/www.elsindical.com.ar\/notas\/wp-json\/wp\/v2\/tags?post=146719"}],"curies":[{"name":"wp","href":"https:\/\/api.w.org\/{rel}","templated":true}]}}