{"id":146709,"date":"2026-08-30T20:33:42","date_gmt":"2026-08-30T23:33:42","guid":{"rendered":"https:\/\/www.elsindical.com.ar\/notas\/?p=146709"},"modified":"2026-08-30T21:00:22","modified_gmt":"2026-08-31T00:00:22","slug":"el-polaco-fue-acompanado-en-su-despedida-por-los-callejeritos","status":"publish","type":"post","link":"https:\/\/www.elsindical.com.ar\/notas\/el-polaco-fue-acompanado-en-su-despedida-por-los-callejeritos\/","title":{"rendered":"El Polaco fue acompa\u00f1ado en su despedida por los callejeritos"},"content":{"rendered":"<div class=\"wp-block-image\">\n<figure class=\"aligncenter size-full\"><a href=\"https:\/\/www.elsindical.com.ar\/notas\/var\/www\/html\/notas\/wp-content\/uploads\/2026\/08\/Eduardo-Groh-Riemersma.jpg\"><img loading=\"lazy\" decoding=\"async\" width=\"871\" height=\"586\" src=\"https:\/\/www.elsindical.com.ar\/notas\/var\/www\/html\/notas\/wp-content\/uploads\/2026\/08\/Eduardo-Groh-Riemersma.jpg\" alt=\"\" class=\"wp-image-146710\" srcset=\"https:\/\/www.elsindical.com.ar\/notas\/var\/www\/html\/notas\/wp-content\/uploads\/2026\/08\/Eduardo-Groh-Riemersma.jpg 871w, https:\/\/www.elsindical.com.ar\/notas\/var\/www\/html\/notas\/wp-content\/uploads\/2026\/08\/Eduardo-Groh-Riemersma-300x202.jpg 300w, https:\/\/www.elsindical.com.ar\/notas\/var\/www\/html\/notas\/wp-content\/uploads\/2026\/08\/Eduardo-Groh-Riemersma-767x516.jpg 767w\" sizes=\"auto, (max-width: 871px) 100vw, 871px\" \/><\/a><\/figure>\n<\/div>\n\n\n<p class=\"wp-block-paragraph\">Familiares, amigos, vecinos y proteccionistas despidieron en Bandera a Eduardo \u00abEl Polaco\u00bb Groh Riemersma, el querido referente del cuidado animal que muri\u00f3 a los 49 a\u00f1os tras un tr\u00e1gico accidente en moto en Santiago del Estero.<\/p>\n\n\n\n<p class=\"wp-block-paragraph\">Pero hubo una presencia que conmovi\u00f3 especialmente: los callejeritos que \u00abEl Polaco\u00bb hab\u00eda rescatado y cuidado durante a\u00f1os tambi\u00e9n estuvieron all\u00ed para despedirlo. Una imagen que resume el v\u00ednculo que construy\u00f3 con cientos de animales que encontraron en \u00e9l una segunda oportunidad.<\/p>\n\n\n\n<p class=\"wp-block-paragraph\">En 2006 hab\u00eda creado \u00abEl Montecito de los Canichones\u00bb, el refugio donde durante casi dos d\u00e9cadas rescat\u00f3 perros viejos, maltratados y abandonados, y dedic\u00f3 su vida a visibilizar el sufrimiento de los animales de la calle.<\/p>\n\n\n\n<figure class=\"wp-block-embed is-type-video is-provider-youtube wp-block-embed-youtube wp-embed-aspect-16-9 wp-has-aspect-ratio\"><div class=\"wp-block-embed__wrapper\">\n<iframe loading=\"lazy\" title=\"Callejeritos despidieron a El Polaco\" width=\"700\" height=\"394\" src=\"https:\/\/www.youtube.com\/embed\/0pNL5NRLLqY?feature=oembed\" frameborder=\"0\" allow=\"accelerometer; autoplay; clipboard-write; encrypted-media; gyroscope; picture-in-picture; web-share\" referrerpolicy=\"strict-origin-when-cross-origin\" allowfullscreen><\/iframe>\n<\/div><\/figure>\n\n\n\n<h2 class=\"wp-block-heading\">Un cambio que comenz\u00f3 con una p\u00e9rdida<\/h2>\n\n\n\n<p class=\"wp-block-paragraph\">Eduardo naci\u00f3 en Bandera y comenz\u00f3 sus estudios de Ingenier\u00eda Forestal en la Universidad Nacional de Santiago del Estero (UNSE). Sin embargo, <strong>no lleg\u00f3 a recibirse porque posteriormente se traslad\u00f3 a Alemania<\/strong>.<\/p>\n\n\n\n<p class=\"wp-block-paragraph\">Su acercamiento al rescate animal ocurri\u00f3 <strong>despu\u00e9s de la muerte de su perra dogo<\/strong>. En ese momento, su suegro le regal\u00f3 un perro que hab\u00eda sido rescatado de la calle. La llegada de ese animal hizo que comenzara a <strong>prestar atenci\u00f3n a una realidad<\/strong> que hasta entonces no formaba parte de sus preocupaciones.<\/p>\n\n\n\n<p class=\"wp-block-paragraph\">\u201cYo era un tipo que estaba concentrado en el trabajo, como con tapa ojos, y ah\u00ed fue que mir\u00e9 a los costados y me dije: \u2018\u00bfQu\u00e9 hace este perro? \u00bfDe d\u00f3nde sali\u00f3?\u2019. <strong>Ah\u00ed hice un clic y me encontr\u00e9 con situaciones terribles de perros rescatados\u201d<\/strong>, expres\u00f3 en una entrevista tiempo atr\u00e1s con <a href=\"https:\/\/www.diariopanorama.com\/noticia\/564525\/energias-canichones-me-cuidan-frase-dejo-polaco-ultima-visita-radio-panorama?scrll=0\" target=\"_blank\" rel=\"noopener\"><em>Diario Panorama<\/em><\/a><em>.<\/em><\/p>\n\n\n\n<p class=\"wp-block-paragraph\"><strong>En 2006 comenz\u00f3 a funcionar el refugio llamado El Montecito de los Canichones<\/strong>. Primero estuvo ubicado en Bandera y luego se traslad\u00f3 a la Ruta 16, en el departamento La Banda, donde permaneci\u00f3 durante a\u00f1os.<\/p>\n\n\n\n<p class=\"wp-block-paragraph\">El lugar lleg\u00f3 a convertirse en un emblema del proteccionismo animal en Santiago del Estero. <strong>All\u00ed llegaron a vivir m\u00e1s de 400 perros<\/strong>, muchos de ellos con historias de <strong>abandono, maltrato y enfermedades<\/strong>. Tambi\u00e9n recib\u00eda animales con discapacidades motrices o sensoriales y perros de edad avanzada. Actualmente, <strong>su perfil de Instagram (@refugioelmontecito) tiene m\u00e1s de 1 mill\u00f3n de seguidores<\/strong>, lo que deja en evidencia la gran comunidad que logr\u00f3 formar.<\/p>\n\n\n\n<p class=\"wp-block-paragraph\">El propio Eduardo hab\u00eda <strong>popularizado el t\u00e9rmino \u201ccanichones\u201d para referirse a los perros callejeros<\/strong> y termin\u00f3 utilizando esa palabra para bautizar el refugio que se transform\u00f3 en el proyecto central de su vida.<\/p>\n\n\n\n<h2 class=\"wp-block-heading\">Una tarea que sosten\u00eda toda una comunidad<\/h2>\n\n\n\n<p class=\"wp-block-paragraph\">El refugio se sosten\u00eda tambi\u00e9n gracias a la colaboraci\u00f3n de madrinas, padrinos, voluntarios y vecinos. <strong>\u201cEsto se hace con la colaboraci\u00f3n de toda la gente, porque esto se hace entre todos<\/strong>. Es muy valioso todo lo que puedan ayudar\u201d, expres\u00f3 tiempo atr\u00e1s.<\/p>\n\n\n\n<p class=\"wp-block-paragraph\">Adem\u00e1s, Eduardo recorr\u00eda escuelas de Capital y La Banda para brindar charlas, <strong>cursos y talleres vinculados con la concientizaci\u00f3n sobre el maltrato y el abandono animal<\/strong>.<\/p>\n\n\n\n<p class=\"wp-block-paragraph\">Para \u201cEl Polaco\u201d, sin embargo, <strong>esa tarea tambi\u00e9n representaba una manera de encontrarle sentido a su vida<\/strong>. \u201cYo me siento completamente libre y feliz. Hoy la gente est\u00e1 muy enfrascada en el materialismo, pero <strong>yo dejo todo en el camino y consagramos nuestra vida a luchar por estos animales\u201d<\/strong>, dec\u00eda.<\/p>\n\n\n\n<h2 class=\"wp-block-heading\">Su \u00faltimo rescate<\/h2>\n\n\n\n<p class=\"wp-block-paragraph\">En los d\u00edas previos a su muerte continu\u00f3 con la misma rutina. De hecho, horas antes del accidente public\u00f3 un video mientras llevaba a varios perros a la peluquer\u00eda canina. <strong>\u201c\u00a1Salimos con los flequilludos!\u201d<\/strong>, escribi\u00f3.<\/p>\n\n\n\n<p class=\"wp-block-paragraph\">El d\u00eda anterior <strong>hab\u00eda repartido alimentos para perros entre otros refugios<\/strong>. \u201cUn \u00e1ngel an\u00f3nimo me don\u00f3 dos pallets (80 bolsas) y los canichones decidimos don\u00e1rselo a mi gente de oro\u201d, cont\u00f3, adem\u00e1s de que agreg\u00f3: \u201cGracias por el laburazo que hacen. \u00a1Me hacen acordar a cuando yo comenc\u00e9 esta lucha. Por eso los ayudo!\u201d.<\/p>\n\n\n\n<p class=\"wp-block-paragraph\">Durante esa misma recorrida <strong>apareci\u00f3 Martina, una perra abandonada que termin\u00f3 convirti\u00e9ndose en su \u00faltimo rescate<\/strong>. \u201cY nuevamente el camino nos volvi\u00f3 a cruzar con angelitos desamparados\u201d, expres\u00f3 en sus redes sociales. <strong>\u201cLa cargu\u00e9 en la camioneta y se vino conmigo. Bienvenida. Te amamos\u201d<\/strong>.<\/p>\n\n\n<div class=\"wp-block-image\">\n<figure class=\"aligncenter size-full\"><a href=\"https:\/\/www.elsindical.com.ar\/notas\/var\/www\/html\/notas\/wp-content\/uploads\/2026\/08\/Martina-y-el-Polaco.jpg\"><img loading=\"lazy\" decoding=\"async\" width=\"721\" height=\"657\" src=\"https:\/\/www.elsindical.com.ar\/notas\/var\/www\/html\/notas\/wp-content\/uploads\/2026\/08\/Martina-y-el-Polaco.jpg\" alt=\"\" class=\"wp-image-146711\" srcset=\"https:\/\/www.elsindical.com.ar\/notas\/var\/www\/html\/notas\/wp-content\/uploads\/2026\/08\/Martina-y-el-Polaco.jpg 721w, https:\/\/www.elsindical.com.ar\/notas\/var\/www\/html\/notas\/wp-content\/uploads\/2026\/08\/Martina-y-el-Polaco-300x273.jpg 300w\" sizes=\"auto, (max-width: 721px) 100vw, 721px\" \/><\/a><\/figure>\n<\/div>\n\n\n<p class=\"wp-block-paragraph\">Poco despu\u00e9s, la vida de Eduardo termin\u00f3 de manera inesperada: <strong>muri\u00f3 tras derrapar con su moto en la rotonda de avenida Alsina y Ram\u00f3n G\u00f3mez Cornet<\/strong>,ubicada en la zona sur de la capital santiague\u00f1a. Sin lugar a dudas, su partida dej\u00f3 un profundo vac\u00edo entre quienes compartieron su lucha y <strong>abri\u00f3 una pregunta sobre el futuro de El Montecito de los Canichones<\/strong>, el refugio que durante casi 20 a\u00f1os llev\u00f3 adelante como una verdadera misi\u00f3n de vida.<\/p>\n\n\n\n<h2 class=\"wp-block-heading\">La reacci\u00f3n de Nicole Neumann ante la muerte de Groh Riemersma<\/h2>\n\n\n\n<p class=\"wp-block-paragraph\">La muerte de \u201cEl Polaco\u201d tambi\u00e9n gener\u00f3 repercusiones entre distintas figuras vinculadas a la defensa de los animales. <strong>Entre ellas estuvo Nicole Neumann<\/strong>, quien utiliz\u00f3 sus redes sociales para referirse a la partida del reconocido proteccionista santiague\u00f1o.<\/p>\n\n\n<div class=\"wp-block-image\">\n<figure class=\"aligncenter size-full\"><a href=\"https:\/\/www.elsindical.com.ar\/notas\/var\/www\/html\/notas\/wp-content\/uploads\/2026\/08\/historia-de-Nicole-Newman-sobre-el-polaco.jpg\"><img loading=\"lazy\" decoding=\"async\" width=\"510\" height=\"890\" src=\"https:\/\/www.elsindical.com.ar\/notas\/var\/www\/html\/notas\/wp-content\/uploads\/2026\/08\/historia-de-Nicole-Newman-sobre-el-polaco.jpg\" alt=\"\" class=\"wp-image-146712\" srcset=\"https:\/\/www.elsindical.com.ar\/notas\/var\/www\/html\/notas\/wp-content\/uploads\/2026\/08\/historia-de-Nicole-Newman-sobre-el-polaco.jpg 510w, https:\/\/www.elsindical.com.ar\/notas\/var\/www\/html\/notas\/wp-content\/uploads\/2026\/08\/historia-de-Nicole-Newman-sobre-el-polaco-172x300.jpg 172w\" sizes=\"auto, (max-width: 510px) 100vw, 510px\" \/><\/a><\/figure>\n<\/div>\n\n\n<p class=\"wp-block-paragraph\">A trav\u00e9s de sus historias de Instagram, la modelo replic\u00f3 una publicaci\u00f3n relacionada con la noticia del fallecimiento y con el futuro de los perros que permanecen en El Montecito de los Canichones. De esta manera, <strong>se sum\u00f3 a las muestras de pesar que comenzaron a multiplicarse tras conocerse la noticia<\/strong>.<\/p>\n\n\n\n<p class=\"wp-block-paragraph\">Neumann, que desde hace a\u00f1os expresa p\u00fablicamente su compromiso con el bienestar animal, <strong>acompa\u00f1\u00f3 la historia con un coraz\u00f3n roto<\/strong>. El gesto reflej\u00f3 su tristeza por la muerte del rescatista y por la situaci\u00f3n que atraviesa el refugio que durante casi dos d\u00e9cadas estuvo bajo su cuidado.<\/p>\n","protected":false},"excerpt":{"rendered":"<p>Familiares, amigos, vecinos y proteccionistas despidieron en Bandera a Eduardo \u00abEl Polaco\u00bb Groh Riemersma, el querido referente del cuidado animal que muri\u00f3 a los 49 a\u00f1os tras un tr\u00e1gico accidente en moto en Santiago del Estero. Pero hubo una presencia que conmovi\u00f3 especialmente: los callejeritos que \u00abEl Polaco\u00bb hab\u00eda rescatado y cuidado durante a\u00f1os tambi\u00e9n&hellip;<\/p>\n","protected":false},"author":1,"featured_media":146710,"comment_status":"open","ping_status":"open","sticky":false,"template":"","format":"standard","meta":{"footnotes":""},"categories":[25],"tags":[2450,48217,48219,26913,48218,1478],"class_list":["post-146709","post","type-post","status-publish","format-standard","has-post-thumbnail","hentry","category-sociedad","tag-diario-el-sindical","tag-eduardo-groh-riemersma","tag-el-montecito-de-los-canichones","tag-el-polaco","tag-rescatista","tag-santiago-del-estero"],"_links":{"self":[{"href":"https:\/\/www.elsindical.com.ar\/notas\/wp-json\/wp\/v2\/posts\/146709","targetHints":{"allow":["GET"]}}],"collection":[{"href":"https:\/\/www.elsindical.com.ar\/notas\/wp-json\/wp\/v2\/posts"}],"about":[{"href":"https:\/\/www.elsindical.com.ar\/notas\/wp-json\/wp\/v2\/types\/post"}],"author":[{"embeddable":true,"href":"https:\/\/www.elsindical.com.ar\/notas\/wp-json\/wp\/v2\/users\/1"}],"replies":[{"embeddable":true,"href":"https:\/\/www.elsindical.com.ar\/notas\/wp-json\/wp\/v2\/comments?post=146709"}],"version-history":[{"count":2,"href":"https:\/\/www.elsindical.com.ar\/notas\/wp-json\/wp\/v2\/posts\/146709\/revisions"}],"predecessor-version":[{"id":146714,"href":"https:\/\/www.elsindical.com.ar\/notas\/wp-json\/wp\/v2\/posts\/146709\/revisions\/146714"}],"wp:featuredmedia":[{"embeddable":true,"href":"https:\/\/www.elsindical.com.ar\/notas\/wp-json\/wp\/v2\/media\/146710"}],"wp:attachment":[{"href":"https:\/\/www.elsindical.com.ar\/notas\/wp-json\/wp\/v2\/media?parent=146709"}],"wp:term":[{"taxonomy":"category","embeddable":true,"href":"https:\/\/www.elsindical.com.ar\/notas\/wp-json\/wp\/v2\/categories?post=146709"},{"taxonomy":"post_tag","embeddable":true,"href":"https:\/\/www.elsindical.com.ar\/notas\/wp-json\/wp\/v2\/tags?post=146709"}],"curies":[{"name":"wp","href":"https:\/\/api.w.org\/{rel}","templated":true}]}}