{"id":14662,"date":"2011-06-07T01:15:14","date_gmt":"2011-06-07T04:15:14","guid":{"rendered":"http:\/\/www.elsindical.com.ar\/notas\/?p=14662"},"modified":"2011-06-07T01:15:14","modified_gmt":"2011-06-07T04:15:14","slug":"profesionales-del-moyano-protestan-contra-macri","status":"publish","type":"post","link":"https:\/\/www.elsindical.com.ar\/notas\/profesionales-del-moyano-protestan-contra-macri\/","title":{"rendered":"Profesionales del Moyano protestan contra Macri"},"content":{"rendered":"<p style=\"text-align: justify;\"><em><a href=\"http:\/\/www.elsindical.com.ar\/notas\/var\/www\/html\/notas\/wp-content\/uploads\/2011\/06\/trabajadores-del-Moyano-Obe.jpg\"><img loading=\"lazy\" decoding=\"async\" class=\"alignleft size-medium wp-image-14663\" title=\"trabajadores-del-Moyano-Obe\" src=\"http:\/\/www.elsindical.com.ar\/notas\/var\/www\/html\/notas\/wp-content\/uploads\/2011\/06\/trabajadores-del-Moyano-Obe-300x193.jpg\" alt=\"\" width=\"300\" height=\"193\" srcset=\"https:\/\/www.elsindical.com.ar\/notas\/var\/www\/html\/notas\/wp-content\/uploads\/2011\/06\/trabajadores-del-Moyano-Obe-300x193.jpg 300w, https:\/\/www.elsindical.com.ar\/notas\/var\/www\/html\/notas\/wp-content\/uploads\/2011\/06\/trabajadores-del-Moyano-Obe.jpg 413w\" sizes=\"auto, (max-width: 300px) 100vw, 300px\" \/><\/a>Los trabajadores del Hospital Moyano, nucleados en la Asociaci\u00f3n Trabajadores del Estado (ATE) de la Capital Federal, se manifestar\u00e1n este martes en el Obelisco porte\u00f1o, por tercera semana consecutiva, en demanda de mejores condiciones laborales. <\/em><\/p>\n<p style=\"text-align: justify;\">El reclamo est\u00e1 convocado a las 7 y tendr\u00e1 como modalidad el \u00abcorte de las Avenidas 9 de Julio y Corrientes mientras el sem\u00e1foro se encuentre en rojo\u00bb, informaron fuentes del sector.<\/p>\n<p style=\"text-align: justify;\">\u00abLa medida es parte de un plan de lucha en respuesta al compromiso incumplido por el Jefe de Gobierno de la Ciudad de Buenos Aires, Mauricio Macri, respecto de pasar a planta permanente a los enfermeros incorporados hace dos a\u00f1os al hospital con motivo de la emergencia del virus H1N1\u00bb, precisaron.<\/p>\n<p style=\"text-align: justify;\">Por otro lado, los profesionales reclaman adem\u00e1s la incorporaci\u00f3n de las licencias profil\u00e1cticas al escalaf\u00f3n general y la falta de insumos y de nombramiento de personal para los pacientes que asistenten diariamente.<\/p>\n","protected":false},"excerpt":{"rendered":"<p>Los trabajadores del Hospital Moyano, nucleados en la Asociaci\u00f3n Trabajadores del Estado (ATE) de la Capital Federal, se manifestar\u00e1n este martes en el Obelisco porte\u00f1o, por tercera semana consecutiva, en demanda de mejores condiciones laborales. El reclamo est\u00e1 convocado a las 7 y tendr\u00e1 como modalidad el \u00abcorte de las Avenidas 9 de Julio y&hellip;<\/p>\n","protected":false},"author":1,"featured_media":0,"comment_status":"open","ping_status":"open","sticky":false,"template":"","format":"standard","meta":{"footnotes":""},"categories":[16],"tags":[290,76,925,125],"class_list":["post-14662","post","type-post","status-publish","format-standard","hentry","category-gremiales","tag-ate","tag-mauricio-macri","tag-moyano","tag-trabajadores"],"_links":{"self":[{"href":"https:\/\/www.elsindical.com.ar\/notas\/wp-json\/wp\/v2\/posts\/14662","targetHints":{"allow":["GET"]}}],"collection":[{"href":"https:\/\/www.elsindical.com.ar\/notas\/wp-json\/wp\/v2\/posts"}],"about":[{"href":"https:\/\/www.elsindical.com.ar\/notas\/wp-json\/wp\/v2\/types\/post"}],"author":[{"embeddable":true,"href":"https:\/\/www.elsindical.com.ar\/notas\/wp-json\/wp\/v2\/users\/1"}],"replies":[{"embeddable":true,"href":"https:\/\/www.elsindical.com.ar\/notas\/wp-json\/wp\/v2\/comments?post=14662"}],"version-history":[{"count":2,"href":"https:\/\/www.elsindical.com.ar\/notas\/wp-json\/wp\/v2\/posts\/14662\/revisions"}],"predecessor-version":[{"id":14665,"href":"https:\/\/www.elsindical.com.ar\/notas\/wp-json\/wp\/v2\/posts\/14662\/revisions\/14665"}],"wp:attachment":[{"href":"https:\/\/www.elsindical.com.ar\/notas\/wp-json\/wp\/v2\/media?parent=14662"}],"wp:term":[{"taxonomy":"category","embeddable":true,"href":"https:\/\/www.elsindical.com.ar\/notas\/wp-json\/wp\/v2\/categories?post=14662"},{"taxonomy":"post_tag","embeddable":true,"href":"https:\/\/www.elsindical.com.ar\/notas\/wp-json\/wp\/v2\/tags?post=14662"}],"curies":[{"name":"wp","href":"https:\/\/api.w.org\/{rel}","templated":true}]}}