{"id":14659,"date":"2011-06-07T00:23:23","date_gmt":"2011-06-07T03:23:23","guid":{"rendered":"http:\/\/www.elsindical.com.ar\/notas\/?p=14659"},"modified":"2011-06-07T00:23:23","modified_gmt":"2011-06-07T03:23:23","slug":"efemeridesdel-dia-7-de-junio","status":"publish","type":"post","link":"https:\/\/www.elsindical.com.ar\/notas\/efemeridesdel-dia-7-de-junio\/","title":{"rendered":"EFEM\u00c9RIDES:DEL D\u00cdA 7 DE JUNIO"},"content":{"rendered":"<p style=\"text-align: justify;\"><em><a href=\"http:\/\/www.elsindical.com.ar\/notas\/var\/www\/html\/notas\/wp-content\/uploads\/2011\/06\/Juan-Luis-Guerra.jpg\"><img loading=\"lazy\" decoding=\"async\" class=\"alignleft size-medium wp-image-14660\" title=\"Juan-Luis-Guerra\" src=\"http:\/\/www.elsindical.com.ar\/notas\/var\/www\/html\/notas\/wp-content\/uploads\/2011\/06\/Juan-Luis-Guerra-300x196.jpg\" alt=\"\" width=\"300\" height=\"196\" srcset=\"https:\/\/www.elsindical.com.ar\/notas\/var\/www\/html\/notas\/wp-content\/uploads\/2011\/06\/Juan-Luis-Guerra-300x196.jpg 300w, https:\/\/www.elsindical.com.ar\/notas\/var\/www\/html\/notas\/wp-content\/uploads\/2011\/06\/Juan-Luis-Guerra.jpg 413w\" sizes=\"auto, (max-width: 300px) 100vw, 300px\" \/><\/a>En un 7 de junio, pero de 1494, se firma el Tratado de Tordesillas, por el que Castilla y Portugal fijan una nueva l\u00ednea de demarcaci\u00f3n a sus descubrimientos de nuevas tierras, un meridiano a 370 leguas al oeste de las Azores, ratificado meses despu\u00e9s por los Reyes Cat\u00f3licos y Juan II de Portugal.<\/em><\/p>\n<p style=\"text-align: justify;\">1517- El navegante Juan de Grijalba descubre en M\u00e9xico el r\u00edo al que dio el nombre de Tabasco, que era el del cacique de aquel lugar.<\/p>\n<p style=\"text-align: justify;\">1629- La ciudad haitiana de Port Royal sufre tres sacudidas s\u00edsmicas que la destruyen totalmente.<\/p>\n<p style=\"text-align: justify;\">1641- Comienza la sublevaci\u00f3n de Catalu\u00f1a, durante la cual las turbas asesinan al virrey y llevan a cabo graves desmanes, con lo que se inicia una guerra que termin\u00f3 en 1652.<\/p>\n<p style=\"text-align: justify;\">1671- Incendio en el Monasterio de El Escorial que da\u00f1\u00f3 algunos manuscritos \u00e1rabes de la Biblioteca.<\/p>\n<p style=\"text-align: justify;\">1755- Un terremoto en el norte de Persia causa m\u00e1s de 40.000 v\u00edctimas.<\/p>\n<p style=\"text-align: justify;\">1762- Los ingleses inician el desembarco en Cuba, utilizando para ello Cogimar y Guanabacoa.<\/p>\n<p style=\"text-align: justify;\">1810- Comienza a publicarse la \u00abGaceta de Buenos Ayres\u00bb, primer \u00f3rgano de prensa de las ideas patri\u00f3ticas y liberales de los nativos, fundada por Mariano Moreno, uno de los principales caudillos de la independencia.<\/p>\n<p style=\"text-align: justify;\">1812- Nace Antonio Bachiller y Morales, escritor cubano.<\/p>\n<p style=\"text-align: justify;\">1863- Las tropas francesas, que llegaron a M\u00e9xico en apoyo de Maximiliano I, toman la capital.<\/p>\n<p style=\"text-align: justify;\">1880- Guerra del Pac\u00edfico. Los chilenos toman por asalto la plaza de Arica, \u00faltimo reducto de los peruanos.<\/p>\n<p style=\"text-align: justify;\">1905- El Parlamento del hasta entonces Reino Unido de Suecia y Noruega vota la separaci\u00f3n de ambos pa\u00edses.<\/p>\n<p style=\"text-align: justify;\">1909- Nace Jessica Tandy, actriz brit\u00e1nica nacionalizada estadounidense.<\/p>\n<p style=\"text-align: justify;\">1911- Entrada triunfal de Francisco Madero en la ciudad de M\u00e9xico, tras derrotar a las tropas del dictador Porfirio D\u00edaz.<\/p>\n<p style=\"text-align: justify;\">&#8211; La erupci\u00f3n del volc\u00e1n Colima en M\u00e9xico causa 1.450 v\u00edctimas mortales.<\/p>\n<p style=\"text-align: justify;\">1914- El transatl\u00e1ntico estadounidense \u00abAliance\u00bb, de 40.000 toneladas, inaugura el Canal de Panam\u00e1, cruz\u00e1ndolo del Atl\u00e1ntico al Pac\u00edfico.<\/p>\n<p style=\"text-align: justify;\">1917- La capital de la Rep\u00fablica de El Salvador queda destruida en su mayor parte por un temblor de tierra.<\/p>\n<p style=\"text-align: justify;\">1920- Nace George Marchais, dirigente comunista franc\u00e9s.<\/p>\n<p style=\"text-align: justify;\">1928- Nace James Ivory, cineasta estadounidense.<\/p>\n<p style=\"text-align: justify;\">1929- El \u00abPlan Young\u00bb, sobre pago de indemnizaciones de guerra por parte de Alemania a los aliados, suscita grandes protestas entre los \u00abCascos de acero\u00bb y los nacionalsocialistas alemanes.<\/p>\n<p style=\"text-align: justify;\">1934- Nace Philippe Entremont, director de orquesta y pianista franc\u00e9s.<\/p>\n<p style=\"text-align: justify;\">1937- Fallece Jean Harlow, actriz estadounidense de cine.<\/p>\n<p style=\"text-align: justify;\">1939- Un decreto proh\u00edbe la huelga en Espa\u00f1a y se constituyen comisiones de empresarios y trabajadores para reducir sus diferencias.<\/p>\n<p style=\"text-align: justify;\">1940- Nace Tom Jones (Thomas Jones Woodward), cantante gal\u00e9s.<\/p>\n<p style=\"text-align: justify;\">1943- Pedro Pablo Ram\u00edrez toma el poder en Argentina tras el golpe de Estado del 4 de junio.<\/p>\n<p style=\"text-align: justify;\">1944- Segunda Guerra Mundial. El rey Leopoldo III de B\u00e9lgica es hecho prisionero por los alemanes.<\/p>\n<p style=\"text-align: justify;\">&#8211; Nace Miguel R\u00edos, cantante espa\u00f1ol.<\/p>\n<p style=\"text-align: justify;\">-1945- Nace Wolfgang Schuessel, canciller federal de la Rep\u00fablica de Austria y presidente del Partido Popular Austr\u00edaco.<\/p>\n<p style=\"text-align: justify;\">1947- Las Cortes franquistas aprueban por unanimidad la Ley de Sucesi\u00f3n a la Jefatura del Estado.<\/p>\n<p style=\"text-align: justify;\">1948- Edvard Benes, presidente de Checoslovaquia, presenta la dimisi\u00f3n sin firmar la Constituci\u00f3n elaborada por los comunistas.<\/p>\n<p style=\"text-align: justify;\">1951- Ejecutados los \u00faltimos criminales de guerra nazis condenados por el Tribunal de Nuremberg.<\/p>\n<p style=\"text-align: justify;\">1957- Nace Juan Luis Guerra, m\u00fasico y cantante dominicano.<\/p>\n<p style=\"text-align: justify;\">1958- Enfrentamientos violentos entre turcos y griegos en Chipre.<\/p>\n<p style=\"text-align: justify;\">&#8211; Nace \u00abPrince\u00bb Rogers Nelson, cantante y compositor estadounidense.<\/p>\n<p style=\"text-align: justify;\">1967- El Gobierno boliviano declara el estado de sitio por las revueltas de obreros y estudiantes.<\/p>\n<p style=\"text-align: justify;\">1968- Primer asesinato de ETA: El guardia civil Jos\u00e9 Pardines Azcay, en Villabona, Guipuzcoa.<\/p>\n<p style=\"text-align: justify;\">1979- Dimite Carlos Alberto Mota Pinto, jefe del Gobierno de Portugal.<\/p>\n<p style=\"text-align: justify;\">1980- Fallece Henry Miller, escritor estadounidense.<\/p>\n<p style=\"text-align: justify;\">1981- Aviones israel\u00edes destruyen el reactor nuclear adquirido por Irak a Francia por considerarlo un peligro para la paz.<\/p>\n<p style=\"text-align: justify;\">&#8211; Nace Anna Kournikova, tenista rusa.<\/p>\n<p style=\"text-align: justify;\">1985- \u00abSendero Luminoso\u00bb realiza numerosos atentados durante la visita del presidente argentino, Ra\u00fal Alfons\u00edn, a Per\u00fa.<\/p>\n<p style=\"text-align: justify;\">1987- Fallece Humberto Constantini, escritor argentino.<\/p>\n<p style=\"text-align: justify;\">1990- El Pacto de Varsovia avanza hacia su disoluci\u00f3n de hecho, al aceptar la transformaci\u00f3n de su car\u00e1cter, funciones y actividades, seg\u00fan acuerdan en Mosc\u00fa los jefes de Estado y de Gobierno de los siete pa\u00edses miembros.<\/p>\n<p style=\"text-align: justify;\">1990- Felipe Gonz\u00e1lez y Carlos Andr\u00e9s P\u00e9rez firman en Madrid un tratado de cooperaci\u00f3n y amistad entre Espa\u00f1a y Venezuela.<\/p>\n<p style=\"text-align: justify;\">1992- Victoria del conservador Partido Democr\u00e1tico C\u00edvico en las elecciones parlamentarias celebradas en Checoslovaquia.<\/p>\n<p style=\"text-align: justify;\">1993- Fallece Drazen Petrovic, baloncestista croata.<\/p>\n<p style=\"text-align: justify;\">1994- Mueren 589 personas y otras 13.400 resultan damnificadas en el terremoto de 6 grados en la escala de Richter registrado en Cauca y Huila (Colombia).<\/p>\n<p style=\"text-align: justify;\">1994- Los Reyes de Espa\u00f1a y el jefe de Estado de Portugal presiden la conmemoraci\u00f3n del quinto centenario del Tratado de Tordesillas, por el que ambos pa\u00edses se repartieron el Nuevo Mundo.<\/p>\n<p style=\"text-align: justify;\">1995- Comienza en Belfast la Conferencia Internacional de Paz y Reconciliaci\u00f3n del Ulster.<\/p>\n<p style=\"text-align: justify;\">1996- El Gobierno concede a Retevisi\u00f3n la licencia de segundo operador para prestar servicio telef\u00f3nico, lo que pone fin al monopolio de Telef\u00f3nica.<\/p>\n<p style=\"text-align: justify;\">1999- Los presidentes de Argentina, Carlos Menem, y Brasil, Fernando Henrique Cardoso, acuerdan en Buenos Aires un pacto de \u00abresponsabilidad fiscal\u00bb entre ambos pa\u00edses.<\/p>\n<p style=\"text-align: justify;\">2000- La soprano estadounidense B\u00e1rbara Hendricks es galardonada con el premio Pr\u00edncipe de Asturias de las Artes.<\/p>\n<p style=\"text-align: justify;\">2001- El ex presidente argentino Carlos Menem es detenido en relaci\u00f3n con una causa de contrabando de armas a Croacia y Ecuador.<\/p>\n<p style=\"text-align: justify;\">&#8211; Honduras y Nicaragua firman un acuerdo para consolidar la confianza mutua y evitar roces en sus fronteras y en la zona mar\u00edtima.<\/p>\n<p style=\"text-align: justify;\">&#8211; Fallece V\u00edctor Paz Estenssoro, ex presidente de Bolivia.<\/p>\n<p style=\"text-align: justify;\">2002- Clara Jan\u00e9s gana el XII Premio de Poes\u00eda Gil de Biedma.<\/p>\n<p style=\"text-align: justify;\">2003- Ham\u00e1s y otros cuatro grupos radicales palestinos rechazan el plan de paz de Aqaba y deciden continuar con la Intifada.<\/p>\n<p style=\"text-align: justify;\">2004- Miguel \u00c1ngel Rodr\u00edguez, ex presidente de Costa Rica, es elegido secretario general de la OEA.<\/p>\n<p style=\"text-align: justify;\">&#8211; La Polic\u00eda italiana detiene en Mil\u00e1n a Rabei Osman El Sayed Ahmed, alias \u00abMohamed el Egipcio\u00bb, uno de los presuntos cerebros de los atentados del 11-M en Madrid.<\/p>\n<p style=\"text-align: justify;\">2006- El Consejo de Europa implica a catorce pa\u00edses europeos en los vuelos del a CIA que trasladaron y secuestraron a sospechosos de terrorismo para ser interrogados en terceros pa\u00edses.<\/p>\n<p style=\"text-align: justify;\">2008- Fallece Dino Risi, cineasta italiano.<\/p>\n","protected":false},"excerpt":{"rendered":"<p>En un 7 de junio, pero de 1494, se firma el Tratado de Tordesillas, por el que Castilla y Portugal fijan una nueva l\u00ednea de demarcaci\u00f3n a sus descubrimientos de nuevas tierras, un meridiano a 370 leguas al oeste de las Azores, ratificado meses despu\u00e9s por los Reyes Cat\u00f3licos y Juan II de Portugal. 1517-&hellip;<\/p>\n","protected":false},"author":1,"featured_media":0,"comment_status":"open","ping_status":"open","sticky":false,"template":"","format":"standard","meta":{"footnotes":""},"categories":[14],"tags":[],"class_list":["post-14659","post","type-post","status-publish","format-standard","hentry","category-efemerides"],"_links":{"self":[{"href":"https:\/\/www.elsindical.com.ar\/notas\/wp-json\/wp\/v2\/posts\/14659","targetHints":{"allow":["GET"]}}],"collection":[{"href":"https:\/\/www.elsindical.com.ar\/notas\/wp-json\/wp\/v2\/posts"}],"about":[{"href":"https:\/\/www.elsindical.com.ar\/notas\/wp-json\/wp\/v2\/types\/post"}],"author":[{"embeddable":true,"href":"https:\/\/www.elsindical.com.ar\/notas\/wp-json\/wp\/v2\/users\/1"}],"replies":[{"embeddable":true,"href":"https:\/\/www.elsindical.com.ar\/notas\/wp-json\/wp\/v2\/comments?post=14659"}],"version-history":[{"count":1,"href":"https:\/\/www.elsindical.com.ar\/notas\/wp-json\/wp\/v2\/posts\/14659\/revisions"}],"predecessor-version":[{"id":14661,"href":"https:\/\/www.elsindical.com.ar\/notas\/wp-json\/wp\/v2\/posts\/14659\/revisions\/14661"}],"wp:attachment":[{"href":"https:\/\/www.elsindical.com.ar\/notas\/wp-json\/wp\/v2\/media?parent=14659"}],"wp:term":[{"taxonomy":"category","embeddable":true,"href":"https:\/\/www.elsindical.com.ar\/notas\/wp-json\/wp\/v2\/categories?post=14659"},{"taxonomy":"post_tag","embeddable":true,"href":"https:\/\/www.elsindical.com.ar\/notas\/wp-json\/wp\/v2\/tags?post=14659"}],"curies":[{"name":"wp","href":"https:\/\/api.w.org\/{rel}","templated":true}]}}