{"id":14656,"date":"2011-06-06T15:31:19","date_gmt":"2011-06-06T18:31:19","guid":{"rendered":"http:\/\/www.elsindical.com.ar\/notas\/?p=14656"},"modified":"2011-06-06T15:31:19","modified_gmt":"2011-06-06T18:31:19","slug":"mendozatermino-sin-victimas-en-motin-en-la-carcel-de-almafuerte","status":"publish","type":"post","link":"https:\/\/www.elsindical.com.ar\/notas\/mendozatermino-sin-victimas-en-motin-en-la-carcel-de-almafuerte\/","title":{"rendered":"Mendoza:Termino sin v\u00edctimas en mot\u00edn en la c\u00e1rcel de Almafuerte"},"content":{"rendered":"<p style=\"text-align: justify;\"><em><a href=\"http:\/\/www.elsindical.com.ar\/notas\/var\/www\/html\/notas\/wp-content\/uploads\/2011\/06\/Sebasti\u00e1n-Sarmiento-directo.jpg\"><img loading=\"lazy\" decoding=\"async\" class=\"alignleft size-medium wp-image-14657\" title=\"Sebasti\u00e1n-Sarmiento-directo\" src=\"http:\/\/www.elsindical.com.ar\/notas\/var\/www\/html\/notas\/wp-content\/uploads\/2011\/06\/Sebasti\u00e1n-Sarmiento-directo-300x193.jpg\" alt=\"\" width=\"300\" height=\"193\" srcset=\"https:\/\/www.elsindical.com.ar\/notas\/var\/www\/html\/notas\/wp-content\/uploads\/2011\/06\/Sebasti\u00e1n-Sarmiento-directo-300x193.jpg 300w, https:\/\/www.elsindical.com.ar\/notas\/var\/www\/html\/notas\/wp-content\/uploads\/2011\/06\/Sebasti\u00e1n-Sarmiento-directo.jpg 413w\" sizes=\"auto, (max-width: 300px) 100vw, 300px\" \/><\/a>Los seis guardiac\u00e1rceles que permanec\u00edan como rehenes de un grupo de presos en la penintenciaria mendocina recuperaron su libertad, despu\u00e9s de llegar a un acuerdo. <\/em><\/p>\n<div id=\"texto\">\n<p style=\"text-align: justify;\">Los seis guardiac\u00e1rceles que permanec\u00edan como rehenes de un grupo de presos en el penal mendocino de Almafuerte fueron liberados esta tarde y el mot\u00edn finaliz\u00f3 tras acordarse el traslado de otros ocho reclusos al penal de San Felipe, en el centro de la ciudad.<\/p>\n<p style=\"text-align: justify;\">As\u00ed lo inform\u00f3 a la prensa el presidente de la Comisi\u00f3n Bicameral de Seguridad, <strong>Sergio Bruni<\/strong>, quien dijo que el mot\u00edn iniciado ayer a la tarde finaliz\u00f3 cerca de las 14, cuando los seis guardias que quedaban cautivos fueron liberados ilesos tras acordarse que los ocho reclusos que manten\u00edan la revuelta ser\u00e1n trasladados al penal de San Felipe.<\/p>\n<\/div>\n","protected":false},"excerpt":{"rendered":"<p>Los seis guardiac\u00e1rceles que permanec\u00edan como rehenes de un grupo de presos en la penintenciaria mendocina recuperaron su libertad, despu\u00e9s de llegar a un acuerdo. Los seis guardiac\u00e1rceles que permanec\u00edan como rehenes de un grupo de presos en el penal mendocino de Almafuerte fueron liberados esta tarde y el mot\u00edn finaliz\u00f3 tras acordarse el traslado&hellip;<\/p>\n","protected":false},"author":1,"featured_media":0,"comment_status":"open","ping_status":"open","sticky":false,"template":"","format":"standard","meta":{"footnotes":""},"categories":[19],"tags":[571,831,7077,1226,7081],"class_list":["post-14656","post","type-post","status-publish","format-standard","hentry","category-intramuros","tag-mendoza","tag-motin","tag-penal-de-almafuerte","tag-presos","tag-traslados"],"_links":{"self":[{"href":"https:\/\/www.elsindical.com.ar\/notas\/wp-json\/wp\/v2\/posts\/14656","targetHints":{"allow":["GET"]}}],"collection":[{"href":"https:\/\/www.elsindical.com.ar\/notas\/wp-json\/wp\/v2\/posts"}],"about":[{"href":"https:\/\/www.elsindical.com.ar\/notas\/wp-json\/wp\/v2\/types\/post"}],"author":[{"embeddable":true,"href":"https:\/\/www.elsindical.com.ar\/notas\/wp-json\/wp\/v2\/users\/1"}],"replies":[{"embeddable":true,"href":"https:\/\/www.elsindical.com.ar\/notas\/wp-json\/wp\/v2\/comments?post=14656"}],"version-history":[{"count":1,"href":"https:\/\/www.elsindical.com.ar\/notas\/wp-json\/wp\/v2\/posts\/14656\/revisions"}],"predecessor-version":[{"id":14658,"href":"https:\/\/www.elsindical.com.ar\/notas\/wp-json\/wp\/v2\/posts\/14656\/revisions\/14658"}],"wp:attachment":[{"href":"https:\/\/www.elsindical.com.ar\/notas\/wp-json\/wp\/v2\/media?parent=14656"}],"wp:term":[{"taxonomy":"category","embeddable":true,"href":"https:\/\/www.elsindical.com.ar\/notas\/wp-json\/wp\/v2\/categories?post=14656"},{"taxonomy":"post_tag","embeddable":true,"href":"https:\/\/www.elsindical.com.ar\/notas\/wp-json\/wp\/v2\/tags?post=14656"}],"curies":[{"name":"wp","href":"https:\/\/api.w.org\/{rel}","templated":true}]}}