{"id":14650,"date":"2011-06-06T00:43:30","date_gmt":"2011-06-06T03:43:30","guid":{"rendered":"http:\/\/www.elsindical.com.ar\/notas\/?p=14650"},"modified":"2011-06-06T00:43:30","modified_gmt":"2011-06-06T03:43:30","slug":"peruhumala-vencio-a-fujimori-y-es-el-nuevo-presidente","status":"publish","type":"post","link":"https:\/\/www.elsindical.com.ar\/notas\/peruhumala-vencio-a-fujimori-y-es-el-nuevo-presidente\/","title":{"rendered":"Per\u00fa:Humala venci\u00f3 a Fujimori y es el nuevo presidente"},"content":{"rendered":"<p id=\"txt_133386_3\" style=\"text-align: justify;\"><em><a href=\"http:\/\/www.elsindical.com.ar\/notas\/var\/www\/html\/notas\/wp-content\/uploads\/2011\/06\/Humala-y-Fujimori.jpg\"><img loading=\"lazy\" decoding=\"async\" class=\"alignleft size-medium wp-image-14651\" title=\"Humala-y-Fujimori\" src=\"http:\/\/www.elsindical.com.ar\/notas\/var\/www\/html\/notas\/wp-content\/uploads\/2011\/06\/Humala-y-Fujimori-300x199.jpg\" alt=\"\" width=\"300\" height=\"199\" srcset=\"https:\/\/www.elsindical.com.ar\/notas\/var\/www\/html\/notas\/wp-content\/uploads\/2011\/06\/Humala-y-Fujimori-300x199.jpg 300w, https:\/\/www.elsindical.com.ar\/notas\/var\/www\/html\/notas\/wp-content\/uploads\/2011\/06\/Humala-y-Fujimori.jpg 413w\" sizes=\"auto, (max-width: 300px) 100vw, 300px\" \/><\/a>El candidato de izquierda aventaj\u00f3 a la de derecha por pocos puntos.Tras un conteo r\u00e1pido, y el chequeo con tres empresas consultoras, los comicios cerraron con una cerrada victoria del nuevo presidente de Per\u00fa.<\/em><\/p>\n<p style=\"text-align: justify;\">El nacionalista Ollanta Humala ser\u00e1 el pr\u00f3ximo presidente de Per\u00fa tras haber ganado la segunda vuelta electoral realizada hoy, de acuerdo con los resultados coincidentes de los conteos r\u00e1pidos elaborados por tres firmas privadas de opini\u00f3n p\u00fablica y una organizaci\u00f3n civil.<\/p>\n<p>Humala aventajaba a la conservadora Keiko Fujimori por 51 a 49 por ciento de los votos v\u00e1lidos, seg\u00fan la empresa Datum (con 100 por ciento de los sufragios relevados); por 51,5 a 48,5 por ciento seg\u00fan Ipsos-Apoyo (91 por ciento del escrutinio completado), y por 52,2 a 47,8 por ciento seg\u00fan CPI (con el 100 por ciento de los sufragios computados).<\/p>\n<p>Asimismo, la Asociaci\u00f3n Civil Transparencia asign\u00f3 a Humala 51,3 por ciento de los votos v\u00e1lidos contra 48,7 por ciento de Fujimori.<\/p>\n<p>M\u00e1s temprano, dos encuestas a boca de urna tambi\u00e9n hab\u00edan dado ganador al candidato de la coalici\u00f3n Gana Per\u00fa, por 52,6 a 47,4 por ciento en el caso de Ipsos-Apoyo, y por 52,7 a 47,3 por ciento en el caso de Datum.<\/p>\n<p>Aun cuando se aguardaba con expectaci\u00f3n la divulgaci\u00f3n de los primeros c\u00f3mputos oficiales, los seguidores de Humala ya celebraban en las inmediaciones del hotel Los Delfines, en el acomodado barrio lime\u00f1o San Isidro, donde el teniente coronel retirado se hab\u00eda instalado para seguir las alternativas de la jornada electoral.<\/p>\n<p>Mientras tanto, el jefe del plan de gobierno de Gana Per\u00fa, F\u00e9lix Jim\u00e9nez, prometi\u00f3 que Humala encabezar\u00e1 \u201cun gobierno de concertaci\u00f3n nacional, en el que ser\u00e1n convocados todos los peruanos\u201d, y asegur\u00f3 que \u201cno debe haber temor econ\u00f3mico\u201d porque su coalici\u00f3n est\u00e1 dispuesta a \u201crespetar el esquema actual de la pol\u00edtica monetaria y fiscal\u201d.<\/p>\n<p>No obstante, pidi\u00f3 al Banco Central de Reserva que \u201chaga su trabajo\u201d para frenar un eventual ataque especulativo contra la moneda nacional.<\/p>\n<p>El l\u00edder nacionalista, que cont\u00f3 para este balotaje con el apoyo del ex presidente centrista Alejandro Toledo y del Premio Nobel de Literatura Mario Vargas Llosa, toma desquite de las elecciones presidenciales de 2006, en las que tambi\u00e9n hab\u00eda ganado la primera vuelta pero hab\u00eda sido derrotado en la segunda por el actual mandatario, Alan Garc\u00eda.<\/p>\n<p>El 10 de abril pasado, Humala se impuso en la primera vuelta con 31 por ciento de los votos v\u00e1lidos contra 23 por ciento de Fujimori.<\/p>\n<p>Por otro lado, Fujimori permanec\u00eda esta noche recluida en el hotel Bol\u00edvar, del centro de Lima. Uno de sus asesores econ\u00f3micos, Guillermo Palomino, se\u00f1al\u00f3 que su partido Fuerza 2011 iba a esperar a que se divulgaran los resultados oficiales antes de emitir alguna opini\u00f3n o pronunciamiento sobre la jornada electoral.<\/p>\n<p>Las elecciones, que se presentaban como las m\u00e1s re\u00f1idas de las \u00faltimas cinco d\u00e9cadas -pese a que las encuestas de los \u00faltimos dos d\u00edas ya hab\u00edan anticipado una ventaja para Humala-, transcurrieron con normalidad, sin m\u00e1s incidentes que los habituales en esta clase de actos, tales como mesas que se abrieron m\u00e1s tarde por falta de autoridades, denuncias por actos de proselitismo en los centros de votaci\u00f3n e infracciones a la veda de venta de bebidas alcoh\u00f3licas.<\/p>\n<p>Poco antes del cierre de las mesas, el presidente del Jurado Nacional de Elecciones (JNE), Hugo Sivina, hab\u00eda afirmado que todo se estaba \u201cllevando con la regularidad del caso\u201d y que de los pocos incidentes reportados \u201cninguno constituye un peligro que pueda alterar los resultados\u201d.<\/p>\n<p>Sivina resalt\u00f3 que tambi\u00e9n se estaba votando con normalidad en Puno, el departamento del sur del pa\u00eds donde en las \u00faltimas tres semanas se realiz\u00f3 una huelga contra la actividad minera que incluy\u00f3 el bloqueo de accesos a las principales ciudades y de los pasos fronterizos con Bolivia.<\/p>\n<p>\u201cEl comportamiento hasta ahora es muy bueno; no tenemos ning\u00fan inconveniente significativo\u201d, destac\u00f3, por su parte, el jefe de la Misi\u00f3n de Observaci\u00f3n Electoral de la OEA, el ex canciller argentino Dante Caputo.<\/p>\n<p>Tambi\u00e9n resaltaron la normalidad de la jornada el jefe de la Misi\u00f3n de Observaci\u00f3n Electoral de la Uni\u00f3n Europea, el eurodiputado espa\u00f1ol Jos\u00e9 Salafranca, y el defensor del Pueblo de Per\u00fa, Eduardo Vega Luna.<\/p>\n<p>Casi 20 millones de ciudadanos (de ellos, unos 750 mil en el exterior) estaban habilitados para elegir en las urnas a quien el 28 de julio suceder\u00e1 a Garc\u00eda.<\/p>\n","protected":false},"excerpt":{"rendered":"<p>El candidato de izquierda aventaj\u00f3 a la de derecha por pocos puntos.Tras un conteo r\u00e1pido, y el chequeo con tres empresas consultoras, los comicios cerraron con una cerrada victoria del nuevo presidente de Per\u00fa. El nacionalista Ollanta Humala ser\u00e1 el pr\u00f3ximo presidente de Per\u00fa tras haber ganado la segunda vuelta electoral realizada hoy, de acuerdo&hellip;<\/p>\n","protected":false},"author":1,"featured_media":0,"comment_status":"open","ping_status":"open","sticky":false,"template":"","format":"standard","meta":{"footnotes":""},"categories":[18],"tags":[244,7079,7078,7080,4829],"class_list":["post-14650","post","type-post","status-publish","format-standard","hentry","category-internacionales","tag-elecciones","tag-keiko-fujimori","tag-ollanta-humala","tag-peru","tag-presidenciales"],"_links":{"self":[{"href":"https:\/\/www.elsindical.com.ar\/notas\/wp-json\/wp\/v2\/posts\/14650","targetHints":{"allow":["GET"]}}],"collection":[{"href":"https:\/\/www.elsindical.com.ar\/notas\/wp-json\/wp\/v2\/posts"}],"about":[{"href":"https:\/\/www.elsindical.com.ar\/notas\/wp-json\/wp\/v2\/types\/post"}],"author":[{"embeddable":true,"href":"https:\/\/www.elsindical.com.ar\/notas\/wp-json\/wp\/v2\/users\/1"}],"replies":[{"embeddable":true,"href":"https:\/\/www.elsindical.com.ar\/notas\/wp-json\/wp\/v2\/comments?post=14650"}],"version-history":[{"count":1,"href":"https:\/\/www.elsindical.com.ar\/notas\/wp-json\/wp\/v2\/posts\/14650\/revisions"}],"predecessor-version":[{"id":14652,"href":"https:\/\/www.elsindical.com.ar\/notas\/wp-json\/wp\/v2\/posts\/14650\/revisions\/14652"}],"wp:attachment":[{"href":"https:\/\/www.elsindical.com.ar\/notas\/wp-json\/wp\/v2\/media?parent=14650"}],"wp:term":[{"taxonomy":"category","embeddable":true,"href":"https:\/\/www.elsindical.com.ar\/notas\/wp-json\/wp\/v2\/categories?post=14650"},{"taxonomy":"post_tag","embeddable":true,"href":"https:\/\/www.elsindical.com.ar\/notas\/wp-json\/wp\/v2\/tags?post=14650"}],"curies":[{"name":"wp","href":"https:\/\/api.w.org\/{rel}","templated":true}]}}