{"id":14626,"date":"2011-06-04T12:47:27","date_gmt":"2011-06-04T15:47:27","guid":{"rendered":"http:\/\/www.elsindical.com.ar\/notas\/?p=14626"},"modified":"2011-06-04T12:47:27","modified_gmt":"2011-06-04T15:47:27","slug":"parque-avellanedamenores-rescatados-de-talleres-clandestinos","status":"publish","type":"post","link":"https:\/\/www.elsindical.com.ar\/notas\/parque-avellanedamenores-rescatados-de-talleres-clandestinos\/","title":{"rendered":"Parque Avellaneda:Menores rescatados de talleres clandestinos"},"content":{"rendered":"<div id=\"bajada\">\n<p style=\"text-align: justify;\"><em><a href=\"http:\/\/www.elsindical.com.ar\/notas\/var\/www\/html\/notas\/wp-content\/uploads\/2011\/06\/taller-clandestino-Parque-A.jpg\"><img loading=\"lazy\" decoding=\"async\" class=\"alignleft size-medium wp-image-14627\" title=\"taller-clandestino-Parque-A\" src=\"http:\/\/www.elsindical.com.ar\/notas\/var\/www\/html\/notas\/wp-content\/uploads\/2011\/06\/taller-clandestino-Parque-A-300x193.jpg\" alt=\"\" width=\"300\" height=\"193\" srcset=\"https:\/\/www.elsindical.com.ar\/notas\/var\/www\/html\/notas\/wp-content\/uploads\/2011\/06\/taller-clandestino-Parque-A-300x193.jpg 300w, https:\/\/www.elsindical.com.ar\/notas\/var\/www\/html\/notas\/wp-content\/uploads\/2011\/06\/taller-clandestino-Parque-A.jpg 413w\" sizes=\"auto, (max-width: 300px) 100vw, 300px\" \/><\/a>La Polic\u00eda Federal liber\u00f3 a 30 personas, entre las que se encuentran dos j\u00f3venes, y detuvo a dos hombres y una mujer, acusados de explotaci\u00f3n laboral.<\/em><\/p>\n<\/div>\n<div id=\"texto\">\n<p style=\"text-align: justify;\">La Polic\u00eda Federal liber\u00f3 a 30 personas, entre ellas a dos menores, que trabajaban en talleres textiles clandestinos en el barrio porte\u00f1o de Parque Avellaneda y detuvo a dos hombres y una mujer que los explotaban.<\/p>\n<p style=\"text-align: justify;\">La Polic\u00eda inform\u00f3 que los allanamientos a los talleres textiles clandestinos fueron hechos en conjunto por personal de la Oficina de Rescate y Acompa\u00f1amiento a las Personas Damnificadas por el Delito de Trata y que las personas rescatadas son de nacionalidad boliviana.<\/p>\n<p style=\"text-align: justify;\">Precis\u00f3 que en la investigaci\u00f3n intervinieron detectives de la Divisi\u00f3n Trata de Personas de la Superintendencia de Investigaciones con las \u00f3rdenes de allanamiento librada por el Juzgado Nacional en lo Criminal y Correccional Federal N\u00ba 2, a cargo del juez <strong>Daniel Rafecas<\/strong>.<\/p>\n<p style=\"text-align: justify;\">Los tres talleres textiles allanados est\u00e1n ubicados en Francisco Bilbao al 4700, en el barrio porte\u00f1o de Parque Avellaneda y cuando se procedi\u00f3 al registro de los inmuebles, se comprob\u00f3 que 30 personas eran sometidas a condiciones laborales infrahumanas.<\/p>\n<p style=\"text-align: justify;\">El lugar presentaba falta de higiene y las personas que viv\u00edan all\u00ed lo hac\u00edan en condiciones de extrema indigencia.<\/p>\n<p style=\"text-align: justify;\">Entre los trabajadores -que eran sometidos a extensas jornadas laborales- se identific\u00f3 a dos mujeres menores de edad, una de 15 a\u00f1os y la restante de 17 que, al igual que sus compa\u00f1eros, eran sometidas a maltratos f\u00edsicos y ps\u00edquicos.<\/p>\n<p style=\"text-align: justify;\">Una de la menores fue entregada a sus padres, mientras que la otra fue trasladada al albergue del programa de protecci\u00f3n y contenci\u00f3n de la oficina de Rescate y Acompa\u00f1amiento a las Personas Damnificadas por el Delito de Trata.<\/p>\n<\/div>\n","protected":false},"excerpt":{"rendered":"<p>La Polic\u00eda Federal liber\u00f3 a 30 personas, entre las que se encuentran dos j\u00f3venes, y detuvo a dos hombres y una mujer, acusados de explotaci\u00f3n laboral. La Polic\u00eda Federal liber\u00f3 a 30 personas, entre ellas a dos menores, que trabajaban en talleres textiles clandestinos en el barrio porte\u00f1o de Parque Avellaneda y detuvo a dos&hellip;<\/p>\n","protected":false},"author":1,"featured_media":0,"comment_status":"open","ping_status":"open","sticky":false,"template":"","format":"standard","meta":{"footnotes":""},"categories":[22],"tags":[694,7066,1617,252,59,7065,30,3085,2296],"class_list":["post-14626","post","type-post","status-publish","format-standard","hentry","category-policiales","tag-acusados","tag-explotacion-laboral","tag-hombres","tag-menores","tag-mujeres","tag-parque-avellaneda","tag-policia","tag-rescate","tag-talleres-clandestinos"],"_links":{"self":[{"href":"https:\/\/www.elsindical.com.ar\/notas\/wp-json\/wp\/v2\/posts\/14626","targetHints":{"allow":["GET"]}}],"collection":[{"href":"https:\/\/www.elsindical.com.ar\/notas\/wp-json\/wp\/v2\/posts"}],"about":[{"href":"https:\/\/www.elsindical.com.ar\/notas\/wp-json\/wp\/v2\/types\/post"}],"author":[{"embeddable":true,"href":"https:\/\/www.elsindical.com.ar\/notas\/wp-json\/wp\/v2\/users\/1"}],"replies":[{"embeddable":true,"href":"https:\/\/www.elsindical.com.ar\/notas\/wp-json\/wp\/v2\/comments?post=14626"}],"version-history":[{"count":1,"href":"https:\/\/www.elsindical.com.ar\/notas\/wp-json\/wp\/v2\/posts\/14626\/revisions"}],"predecessor-version":[{"id":14628,"href":"https:\/\/www.elsindical.com.ar\/notas\/wp-json\/wp\/v2\/posts\/14626\/revisions\/14628"}],"wp:attachment":[{"href":"https:\/\/www.elsindical.com.ar\/notas\/wp-json\/wp\/v2\/media?parent=14626"}],"wp:term":[{"taxonomy":"category","embeddable":true,"href":"https:\/\/www.elsindical.com.ar\/notas\/wp-json\/wp\/v2\/categories?post=14626"},{"taxonomy":"post_tag","embeddable":true,"href":"https:\/\/www.elsindical.com.ar\/notas\/wp-json\/wp\/v2\/tags?post=14626"}],"curies":[{"name":"wp","href":"https:\/\/api.w.org\/{rel}","templated":true}]}}