{"id":145881,"date":"2026-07-16T14:45:07","date_gmt":"2026-07-16T17:45:07","guid":{"rendered":"https:\/\/www.elsindical.com.ar\/notas\/?p=145881"},"modified":"2026-07-16T14:45:14","modified_gmt":"2026-07-16T17:45:14","slug":"victoria-villarruel-acuso-al-oficialismo-de-vender-el-pais-por-el-proyecto-que-habilita-cambios-en-la-compra-de-tierras-por-extranjeros","status":"publish","type":"post","link":"https:\/\/www.elsindical.com.ar\/notas\/victoria-villarruel-acuso-al-oficialismo-de-vender-el-pais-por-el-proyecto-que-habilita-cambios-en-la-compra-de-tierras-por-extranjeros\/","title":{"rendered":"Victoria Villarruel acus\u00f3 al oficialismo de \u201cvender el pa\u00eds\u201d por el proyecto que habilita cambios en la compra de tierras por extranjeros"},"content":{"rendered":"\n<figure class=\"wp-block-image size-large\"><a href=\"https:\/\/www.elsindical.com.ar\/notas\/var\/www\/html\/notas\/wp-content\/uploads\/2026\/07\/Karuba-y-Bullrich-abrazos-y-risas.jpg\"><img loading=\"lazy\" decoding=\"async\" width=\"1024\" height=\"577\" src=\"https:\/\/www.elsindical.com.ar\/notas\/var\/www\/html\/notas\/wp-content\/uploads\/2026\/07\/Karuba-y-Bullrich-abrazos-y-risas-1024x577.jpg\" alt=\"\" class=\"wp-image-145882\" srcset=\"https:\/\/www.elsindical.com.ar\/notas\/var\/www\/html\/notas\/wp-content\/uploads\/2026\/07\/Karuba-y-Bullrich-abrazos-y-risas-1024x577.jpg 1024w, https:\/\/www.elsindical.com.ar\/notas\/var\/www\/html\/notas\/wp-content\/uploads\/2026\/07\/Karuba-y-Bullrich-abrazos-y-risas-300x169.jpg 300w, https:\/\/www.elsindical.com.ar\/notas\/var\/www\/html\/notas\/wp-content\/uploads\/2026\/07\/Karuba-y-Bullrich-abrazos-y-risas-768x433.jpg 768w, https:\/\/www.elsindical.com.ar\/notas\/var\/www\/html\/notas\/wp-content\/uploads\/2026\/07\/Karuba-y-Bullrich-abrazos-y-risas-460x260.jpg 460w, https:\/\/www.elsindical.com.ar\/notas\/var\/www\/html\/notas\/wp-content\/uploads\/2026\/07\/Karuba-y-Bullrich-abrazos-y-risas.jpg 1129w\" sizes=\"auto, (max-width: 1024px) 100vw, 1024px\" \/><\/a><\/figure>\n\n\n\n<p class=\"wp-block-paragraph\">La vicepresidenta, <strong>Victoria Villarruel, acus\u00f3 al oficialismo de querer \u201cvender el pa\u00eds\u201d<\/strong> al rechazar el proyecto de <strong>inviolabilidad de la propiedad privada que impulsa el Gobierno y que modifica el r\u00e9gimen para la compra de tierras rurales por parte de extranjeros.<\/strong> La discusi\u00f3n se produjo en un intercambio de WhatsApp con la jefa del bloque de La Libertad Avanza en el Senado, Patricia Bullrich, luego del triunfo de la Selecci\u00f3n argentina sobre Inglaterra y en la antesala de la sesi\u00f3n prevista para este jueves.<\/p>\n\n\n\n<p class=\"wp-block-paragraph\">Villaruel propuso postergar la sesi\u00f3n tras la clasificaci\u00f3n de Argentina a la final del Mundial 2026. <strong>Bullrich rechaz\u00f3 la idea y defendi\u00f3 la necesidad de avanzar con el debate legislativo<\/strong>. Fue entonces cuando Villarruel lanz\u00f3 la acusaci\u00f3n: \u201c\u00bf<strong>Nos vamos a reunir para vender el pa\u00eds<\/strong>?\u201d, en referencia al cap\u00edtulo del proyecto que elimina restricciones generales para la compra de tierras rurales por parte de extranjeros. La senadora respondi\u00f3 que la iniciativa busca \u201c<strong>desarrollar el pa\u00eds\u201d, pero la titular del Senado replic\u00f3 que \u201cla integridad territorial no les importa nada\u201d.<\/strong><\/p>\n\n\n\n<p class=\"wp-block-paragraph\">El intercambio escal\u00f3 r\u00e1pidamente hacia cuestionamientos pol\u00edticos y personales. Villarruel sostuvo que \u201cest\u00e1n cerrando pymes todos los d\u00edas\u201d y que \u201cla gente no tiene para comer\u201d, mientras Bullrich respondi\u00f3 que los argentinos quieren dejar de ser \u201csubdesarrollados, populistas y pobres\u201d. La discusi\u00f3n termin\u00f3 con pedidos de renuncia, reproches por el rumbo del Gobierno y fuertes descalificaciones, en uno de los enfrentamientos m\u00e1s duros entre referentes del oficialismo desde el inicio de la gesti\u00f3n.<\/p>\n\n\n\n<p class=\"wp-block-paragraph\">El proyecto elaborado por el ministro de Desregulaci\u00f3n, Federico Sturzenegger, elimina los l\u00edmites generales para la compra de tierras rurales por parte de extranjeros y transfiere a las provincias un rol central en las autorizaciones, con intervenci\u00f3n del Poder Ejecutivo nacional en casos espec\u00edficos, como zonas de frontera. Adem\u00e1s, incorpora cambios en los reg\u00edmenes de desalojos, expropiaciones y manejo del fuego. La iniciativa ya hab\u00eda sido postergada por falta de consenso y el Gobierno buscar\u00e1 reunir los votos necesarios para convertirla en ley en el Senado.<\/p>\n","protected":false},"excerpt":{"rendered":"<p>La vicepresidenta, Victoria Villarruel, acus\u00f3 al oficialismo de querer \u201cvender el pa\u00eds\u201d al rechazar el proyecto de inviolabilidad de la propiedad privada que impulsa el Gobierno y que modifica el r\u00e9gimen para la compra de tierras rurales por parte de extranjeros. La discusi\u00f3n se produjo en un intercambio de WhatsApp con la jefa del bloque&hellip;<\/p>\n","protected":false},"author":1,"featured_media":145882,"comment_status":"open","ping_status":"open","sticky":false,"template":"","format":"standard","meta":{"footnotes":""},"categories":[13],"tags":[2450,28812,40428,1241,47920,40812],"class_list":["post-145881","post","type-post","status-publish","format-standard","has-post-thumbnail","hentry","category-politica","tag-diario-el-sindical","tag-javier-milei","tag-karina-milei","tag-patricia-bullrich","tag-vender-el-pais","tag-victoria-villaruel"],"_links":{"self":[{"href":"https:\/\/www.elsindical.com.ar\/notas\/wp-json\/wp\/v2\/posts\/145881","targetHints":{"allow":["GET"]}}],"collection":[{"href":"https:\/\/www.elsindical.com.ar\/notas\/wp-json\/wp\/v2\/posts"}],"about":[{"href":"https:\/\/www.elsindical.com.ar\/notas\/wp-json\/wp\/v2\/types\/post"}],"author":[{"embeddable":true,"href":"https:\/\/www.elsindical.com.ar\/notas\/wp-json\/wp\/v2\/users\/1"}],"replies":[{"embeddable":true,"href":"https:\/\/www.elsindical.com.ar\/notas\/wp-json\/wp\/v2\/comments?post=145881"}],"version-history":[{"count":1,"href":"https:\/\/www.elsindical.com.ar\/notas\/wp-json\/wp\/v2\/posts\/145881\/revisions"}],"predecessor-version":[{"id":145883,"href":"https:\/\/www.elsindical.com.ar\/notas\/wp-json\/wp\/v2\/posts\/145881\/revisions\/145883"}],"wp:featuredmedia":[{"embeddable":true,"href":"https:\/\/www.elsindical.com.ar\/notas\/wp-json\/wp\/v2\/media\/145882"}],"wp:attachment":[{"href":"https:\/\/www.elsindical.com.ar\/notas\/wp-json\/wp\/v2\/media?parent=145881"}],"wp:term":[{"taxonomy":"category","embeddable":true,"href":"https:\/\/www.elsindical.com.ar\/notas\/wp-json\/wp\/v2\/categories?post=145881"},{"taxonomy":"post_tag","embeddable":true,"href":"https:\/\/www.elsindical.com.ar\/notas\/wp-json\/wp\/v2\/tags?post=145881"}],"curies":[{"name":"wp","href":"https:\/\/api.w.org\/{rel}","templated":true}]}}