{"id":145870,"date":"2026-07-15T13:22:00","date_gmt":"2026-07-15T16:22:00","guid":{"rendered":"https:\/\/www.elsindical.com.ar\/notas\/?p=145870"},"modified":"2026-07-16T01:25:02","modified_gmt":"2026-07-16T04:25:02","slug":"aumentan-los-colectivos-de-jurisdiccion-nacional","status":"publish","type":"post","link":"https:\/\/www.elsindical.com.ar\/notas\/aumentan-los-colectivos-de-jurisdiccion-nacional\/","title":{"rendered":"Aumentan los colectivos de jurisdicci\u00f3n nacional"},"content":{"rendered":"<div class=\"wp-block-image\">\n<figure class=\"aligncenter size-full\"><a href=\"https:\/\/www.elsindical.com.ar\/notas\/var\/www\/html\/notas\/wp-content\/uploads\/2020\/05\/tarjeta-SUBE-2.jpg\"><img loading=\"lazy\" decoding=\"async\" width=\"730\" height=\"487\" src=\"https:\/\/www.elsindical.com.ar\/notas\/var\/www\/html\/notas\/wp-content\/uploads\/2020\/05\/tarjeta-SUBE-2.jpg\" alt=\"\" class=\"wp-image-95736\" srcset=\"https:\/\/www.elsindical.com.ar\/notas\/var\/www\/html\/notas\/wp-content\/uploads\/2020\/05\/tarjeta-SUBE-2.jpg 730w, https:\/\/www.elsindical.com.ar\/notas\/var\/www\/html\/notas\/wp-content\/uploads\/2020\/05\/tarjeta-SUBE-2-300x200.jpg 300w, https:\/\/www.elsindical.com.ar\/notas\/var\/www\/html\/notas\/wp-content\/uploads\/2020\/05\/tarjeta-SUBE-2-450x300.jpg 450w\" sizes=\"auto, (max-width: 730px) 100vw, 730px\" \/><\/a><\/figure>\n<\/div>\n\n\n<p class=\"wp-block-paragraph\">Desde hoy, el boleto m\u00ednimo sale $742,81 en aquellas l\u00edneas de colectivos que son consideradas nacionales. Ya hubo un aumento en la Provincia.<\/p>\n\n\n\n<p class=\"wp-block-paragraph\">La Secretar\u00eda de Transporte nacional puso en marcha un <strong>incremento del 2% en las tarifas de las 104 l\u00edneas de colectivos de jurisdicci\u00f3n nacional<\/strong> (l\u00edneas que van del 1 al 195).<\/p>\n\n\n\n<p class=\"wp-block-paragraph\">Es la tercera y \u00faltima etapa de la actualizaci\u00f3n escalonada que hab\u00eda dispuesto la Secretar\u00eda de Transporte a mediados de mayo, acumulando un alza del 6% a lo largo de este \u00faltimo trimestre.<\/p>\n\n\n\n<p class=\"wp-block-paragraph\">As\u00ed, <strong>el viaje m\u00ednimo (hasta 3 kil\u00f3metros) pas\u00f3 de $728,28 a $742,81<\/strong> para todos aquellos usuarios que posean su tarjeta SUBE registrada.<\/p>\n\n\n\n<p class=\"wp-block-paragraph\"><strong>El \u00faltimo ajuste se hab\u00eda registrado el pasado 15 de junio<\/strong>, completando as\u00ed el cronograma de subas mensuales consecutivas pautado por la cartera de Transporte para el tendido de jurisdicci\u00f3n nacional.<\/p>\n\n\n\n<h2 class=\"wp-block-heading\">Tarifas<\/h2>\n\n\n\n<ul class=\"wp-block-list\">\n<li>De 0 a 3 kil\u00f3metros (m\u00ednimo): $742,81<\/li>\n\n\n\n<li>De 3 a 6 kil\u00f3metros: $861,66<\/li>\n\n\n\n<li>De 6 a 12 kil\u00f3metros: $1.002,80<\/li>\n\n\n\n<li>De 12 a 27 kil\u00f3metros: $1.151,36<\/li>\n\n\n\n<li>M\u00e1s de 27 kil\u00f3metros: $1.337,06<\/li>\n<\/ul>\n\n\n\n<p class=\"wp-block-paragraph\">Quienes utilicen pl\u00e1sticos sin registrar o sin declarar ante el sistema SUBE deber\u00e1n afrontar valores sustancialmente m\u00e1s elevados en cada una de las secciones.<\/p>\n\n\n\n<p class=\"wp-block-paragraph\">Vale recordar que las tarifas de<strong> los colectivos que circulan por la provincia de Buenos Aires <a href=\"https:\/\/www.inforegion.com.ar\/2026\/07\/01\/desde-hoy-el-boleto-del-colectivo-aumenta-un-41\/\">ya aumentaron<\/a> el 1 de julio.<\/strong><\/p>\n","protected":false},"excerpt":{"rendered":"<p>Desde hoy, el boleto m\u00ednimo sale $742,81 en aquellas l\u00edneas de colectivos que son consideradas nacionales. Ya hubo un aumento en la Provincia. La Secretar\u00eda de Transporte nacional puso en marcha un incremento del 2% en las tarifas de las 104 l\u00edneas de colectivos de jurisdicci\u00f3n nacional (l\u00edneas que van del 1 al 195). Es&hellip;<\/p>\n","protected":false},"author":1,"featured_media":95736,"comment_status":"open","ping_status":"open","sticky":false,"template":"","format":"standard","meta":{"footnotes":""},"categories":[9],"tags":[28079,2450,22023,1455,8186],"class_list":["post-145870","post","type-post","status-publish","format-standard","has-post-thumbnail","hentry","category-economia","tag-aumento-de-tarifas","tag-diario-el-sindical","tag-economia","tag-noticias","tag-sube"],"_links":{"self":[{"href":"https:\/\/www.elsindical.com.ar\/notas\/wp-json\/wp\/v2\/posts\/145870","targetHints":{"allow":["GET"]}}],"collection":[{"href":"https:\/\/www.elsindical.com.ar\/notas\/wp-json\/wp\/v2\/posts"}],"about":[{"href":"https:\/\/www.elsindical.com.ar\/notas\/wp-json\/wp\/v2\/types\/post"}],"author":[{"embeddable":true,"href":"https:\/\/www.elsindical.com.ar\/notas\/wp-json\/wp\/v2\/users\/1"}],"replies":[{"embeddable":true,"href":"https:\/\/www.elsindical.com.ar\/notas\/wp-json\/wp\/v2\/comments?post=145870"}],"version-history":[{"count":1,"href":"https:\/\/www.elsindical.com.ar\/notas\/wp-json\/wp\/v2\/posts\/145870\/revisions"}],"predecessor-version":[{"id":145871,"href":"https:\/\/www.elsindical.com.ar\/notas\/wp-json\/wp\/v2\/posts\/145870\/revisions\/145871"}],"wp:featuredmedia":[{"embeddable":true,"href":"https:\/\/www.elsindical.com.ar\/notas\/wp-json\/wp\/v2\/media\/95736"}],"wp:attachment":[{"href":"https:\/\/www.elsindical.com.ar\/notas\/wp-json\/wp\/v2\/media?parent=145870"}],"wp:term":[{"taxonomy":"category","embeddable":true,"href":"https:\/\/www.elsindical.com.ar\/notas\/wp-json\/wp\/v2\/categories?post=145870"},{"taxonomy":"post_tag","embeddable":true,"href":"https:\/\/www.elsindical.com.ar\/notas\/wp-json\/wp\/v2\/tags?post=145870"}],"curies":[{"name":"wp","href":"https:\/\/api.w.org\/{rel}","templated":true}]}}