{"id":145759,"date":"2026-07-07T21:45:21","date_gmt":"2026-07-08T00:45:21","guid":{"rendered":"https:\/\/www.elsindical.com.ar\/notas\/?p=145759"},"modified":"2026-07-07T21:45:28","modified_gmt":"2026-07-08T00:45:28","slug":"procesaron-al-dueno-de-manaos-por-presunta-evasion-tributaria-y-le-embargaron-bienes-por-250-millones","status":"publish","type":"post","link":"https:\/\/www.elsindical.com.ar\/notas\/procesaron-al-dueno-de-manaos-por-presunta-evasion-tributaria-y-le-embargaron-bienes-por-250-millones\/","title":{"rendered":"Procesaron al due\u00f1o de Manaos por presunta evasi\u00f3n tributaria y le embargaron bienes por $250 millones"},"content":{"rendered":"<div class=\"wp-block-image\">\n<figure class=\"aligncenter size-full is-resized\"><a href=\"https:\/\/www.elsindical.com.ar\/notas\/var\/www\/html\/notas\/wp-content\/uploads\/2026\/07\/Orlando-Eduardo-Canido.jpeg\"><img loading=\"lazy\" decoding=\"async\" width=\"600\" height=\"400\" src=\"https:\/\/www.elsindical.com.ar\/notas\/var\/www\/html\/notas\/wp-content\/uploads\/2026\/07\/Orlando-Eduardo-Canido.jpeg\" alt=\"\" class=\"wp-image-145760\" style=\"width:732px;height:auto\" srcset=\"https:\/\/www.elsindical.com.ar\/notas\/var\/www\/html\/notas\/wp-content\/uploads\/2026\/07\/Orlando-Eduardo-Canido.jpeg 600w, https:\/\/www.elsindical.com.ar\/notas\/var\/www\/html\/notas\/wp-content\/uploads\/2026\/07\/Orlando-Eduardo-Canido-300x200.jpeg 300w\" sizes=\"auto, (max-width: 600px) 100vw, 600px\" \/><\/a><\/figure>\n<\/div>\n\n\n<p class=\"wp-block-paragraph\">La Justicia Federal de Mor\u00f3n proces\u00f3 sin prisi\u00f3n preventiva a Orlando Canido por una presunta evasi\u00f3n del Impuesto a las Ganancias correspondiente al per\u00edodo fiscal 2020. Tambi\u00e9n qued\u00f3 procesada la empresa Refres Now S.A<\/p>\n\n\n\n<p class=\"wp-block-paragraph\">La Justicia Federal proces\u00f3 sin prisi\u00f3n preventiva al empresario Orlando Eduardo Canido, propietario de la marca de gaseosas Manaos, por el presunto delito de evasi\u00f3n tributaria simple vinculado al Impuesto a las Ganancias del per\u00edodo fiscal 2020.<\/p>\n\n\n\n<p class=\"wp-block-paragraph\">La medida fue dispuesta por el juez federal Jorge Rodr\u00edguez, a cargo del Juzgado Federal N\u00b0 2 de Mor\u00f3n, en el marco del expediente N\u00b0 5439\/2024. En la misma resoluci\u00f3n tambi\u00e9n fue procesada la firma Refres Now S.A. por el mismo hecho investigado.<\/p>\n\n\n\n<p class=\"wp-block-paragraph\">Adem\u00e1s, el magistrado resolvi\u00f3 mantener la libertad de Canido durante el proceso y orden\u00f3 un embargo preventivo de 250 millones de pesos sobre sus bienes. La misma medida cautelar fue impuesta sobre los bienes de Refres Now S.A., hasta cubrir id\u00e9ntico monto.<\/p>\n\n\n\n<p class=\"wp-block-paragraph\">De acuerdo con la resoluci\u00f3n judicial, la investigaci\u00f3n apunta a un presunto incumplimiento de las obligaciones tributarias relacionadas con la liquidaci\u00f3n del Impuesto a las Ganancias correspondiente al ejercicio fiscal 2020.<\/p>\n\n\n\n<p class=\"wp-block-paragraph\">La causa se inici\u00f3 a partir de una denuncia presentada por la Agencia de Recaudaci\u00f3n y Control Aduanero (ARCA) y contin\u00faa su tr\u00e1mite en el Juzgado Federal N\u00b0 2 de Mor\u00f3n, donde seguir\u00e1 el proceso para determinar la eventual responsabilidad penal de los imputados.<\/p>\n\n\n\n<p class=\"wp-block-paragraph\">Canido es uno de los empresarios m\u00e1s conocidos de la industria de las bebidas y, en distintas entrevistas p\u00fablicas, ha contado que durante a\u00f1os acostumbr\u00f3 a manejar gran parte de las operaciones de su empresa en efectivo, una modalidad que \u00e9l mismo describi\u00f3 al relatar el crecimiento de su compa\u00f1\u00eda.<\/p>\n\n\n\n<p class=\"wp-block-paragraph\">Cabe destacar que el procesamiento no implica una condena, sino que representa una resoluci\u00f3n judicial mediante la cual el juez considera que existen elementos suficientes para avanzar con la investigaci\u00f3n hacia una eventual instancia de juicio.<\/p>\n\n\n\n<p class=\"wp-block-paragraph\"><\/p>\n","protected":false},"excerpt":{"rendered":"<p>La Justicia Federal de Mor\u00f3n proces\u00f3 sin prisi\u00f3n preventiva a Orlando Canido por una presunta evasi\u00f3n del Impuesto a las Ganancias correspondiente al per\u00edodo fiscal 2020. Tambi\u00e9n qued\u00f3 procesada la empresa Refres Now S.A La Justicia Federal proces\u00f3 sin prisi\u00f3n preventiva al empresario Orlando Eduardo Canido, propietario de la marca de gaseosas Manaos, por el&hellip;<\/p>\n","protected":false},"author":1,"featured_media":145760,"comment_status":"open","ping_status":"open","sticky":false,"template":"","format":"standard","meta":{"footnotes":""},"categories":[20],"tags":[43924,2450,944,28623,35778,47875,32113,47874,32114],"class_list":["post-145759","post","type-post","status-publish","format-standard","has-post-thumbnail","hentry","category-judiciales","tag-arca","tag-diario-el-sindical","tag-empresario","tag-evasion-fiscal","tag-juez-federal-jorge-rodriguez","tag-juzgado-federal-2-de-moron","tag-manaos","tag-orlando-eduardo-canido","tag-refres-now"],"_links":{"self":[{"href":"https:\/\/www.elsindical.com.ar\/notas\/wp-json\/wp\/v2\/posts\/145759","targetHints":{"allow":["GET"]}}],"collection":[{"href":"https:\/\/www.elsindical.com.ar\/notas\/wp-json\/wp\/v2\/posts"}],"about":[{"href":"https:\/\/www.elsindical.com.ar\/notas\/wp-json\/wp\/v2\/types\/post"}],"author":[{"embeddable":true,"href":"https:\/\/www.elsindical.com.ar\/notas\/wp-json\/wp\/v2\/users\/1"}],"replies":[{"embeddable":true,"href":"https:\/\/www.elsindical.com.ar\/notas\/wp-json\/wp\/v2\/comments?post=145759"}],"version-history":[{"count":1,"href":"https:\/\/www.elsindical.com.ar\/notas\/wp-json\/wp\/v2\/posts\/145759\/revisions"}],"predecessor-version":[{"id":145761,"href":"https:\/\/www.elsindical.com.ar\/notas\/wp-json\/wp\/v2\/posts\/145759\/revisions\/145761"}],"wp:featuredmedia":[{"embeddable":true,"href":"https:\/\/www.elsindical.com.ar\/notas\/wp-json\/wp\/v2\/media\/145760"}],"wp:attachment":[{"href":"https:\/\/www.elsindical.com.ar\/notas\/wp-json\/wp\/v2\/media?parent=145759"}],"wp:term":[{"taxonomy":"category","embeddable":true,"href":"https:\/\/www.elsindical.com.ar\/notas\/wp-json\/wp\/v2\/categories?post=145759"},{"taxonomy":"post_tag","embeddable":true,"href":"https:\/\/www.elsindical.com.ar\/notas\/wp-json\/wp\/v2\/tags?post=145759"}],"curies":[{"name":"wp","href":"https:\/\/api.w.org\/{rel}","templated":true}]}}