{"id":145738,"date":"2026-07-06T20:54:53","date_gmt":"2026-07-06T23:54:53","guid":{"rendered":"https:\/\/www.elsindical.com.ar\/notas\/?p=145738"},"modified":"2026-07-06T21:35:15","modified_gmt":"2026-07-07T00:35:15","slug":"informe-nacional-de-la-fja-analisis-salarial-junio-2026","status":"publish","type":"post","link":"https:\/\/www.elsindical.com.ar\/notas\/informe-nacional-de-la-fja-analisis-salarial-junio-2026\/","title":{"rendered":"Informe nacional de la FJA, an\u00e1lisis salarial junio 2026"},"content":{"rendered":"<div class=\"wp-block-image\">\n<figure class=\"aligncenter size-full\"><a href=\"https:\/\/www.elsindical.com.ar\/notas\/var\/www\/html\/notas\/wp-content\/uploads\/2026\/07\/FJA-analisis-sueldos-junio-2026.jpg\"><img loading=\"lazy\" decoding=\"async\" width=\"500\" height=\"625\" src=\"https:\/\/www.elsindical.com.ar\/notas\/var\/www\/html\/notas\/wp-content\/uploads\/2026\/07\/FJA-analisis-sueldos-junio-2026.jpg\" alt=\"\" class=\"wp-image-145739\" srcset=\"https:\/\/www.elsindical.com.ar\/notas\/var\/www\/html\/notas\/wp-content\/uploads\/2026\/07\/FJA-analisis-sueldos-junio-2026.jpg 500w, https:\/\/www.elsindical.com.ar\/notas\/var\/www\/html\/notas\/wp-content\/uploads\/2026\/07\/FJA-analisis-sueldos-junio-2026-240x300.jpg 240w\" sizes=\"auto, (max-width: 500px) 100vw, 500px\" \/><\/a><\/figure>\n<\/div>\n\n\n<p class=\"wp-block-paragraph\">En el marco de un nuevo relevamiento nacional, la Federaci\u00f3n Judicial Argentina (FJA) advierte sobre un panorama salarial alarmante que afecta a la mayor\u00eda de las jurisdicciones del pa\u00eds. Los datos recolectados al cierre de junio de 2026 confirman un deterioro significativo del poder adquisitivo en los Poderes Judiciales provinciales y el de la Naci\u00f3n. <\/p>\n\n\n\n<p class=\"wp-block-paragraph\">En 16 provincias lxs judiciales ingresantes no superan la L\u00ednea de la Pobreza. <\/p>\n\n\n\n<p class=\"wp-block-paragraph\">Existe una brecha abismal entre los extremos salariales dentro del Poder Judicial. El sueldo de un presidente de la Corte Suprema de Justicia con la antig\u00fcedad m\u00ednima es 16 veces superior al que percibe el ingresante que menos cobra. Esta desigualdad despoja al sistema de cualquier l\u00f3gica de equidad. <\/p>\n\n\n\n<p class=\"wp-block-paragraph\">A su vez, se observa que en la jurisdicci\u00f3n con mejor \u00edndice salarial, un trabajador cobra 3,25 veces m\u00e1s que aquel que se encuentra en la de menor \u00edndice, a pesar de realizar la misma tarea.<\/p>\n\n\n\n<p class=\"wp-block-paragraph\">Por eso, la FJA demanda una Paritaria Nacional y Convenios Colectivos en cada jurisdicci\u00f3n judicial para evitar las diferencias existentes en los diferentes distritos en que se organiza el pa\u00eds y los poderes judiciales.<\/p>\n\n\n\n<figure class=\"wp-block-embed is-type-video is-provider-youtube wp-block-embed-youtube wp-embed-aspect-16-9 wp-has-aspect-ratio\"><div class=\"wp-block-embed__wrapper\">\n<iframe loading=\"lazy\" title=\"FJA an\u00e1lisis salarial junio 2026\" width=\"700\" height=\"394\" src=\"https:\/\/www.youtube.com\/embed\/JOkeSgCTbrA?feature=oembed\" frameborder=\"0\" allow=\"accelerometer; autoplay; clipboard-write; encrypted-media; gyroscope; picture-in-picture; web-share\" referrerpolicy=\"strict-origin-when-cross-origin\" allowfullscreen><\/iframe>\n<\/div><\/figure>\n","protected":false},"excerpt":{"rendered":"<p>En el marco de un nuevo relevamiento nacional, la Federaci\u00f3n Judicial Argentina (FJA) advierte sobre un panorama salarial alarmante que afecta a la mayor\u00eda de las jurisdicciones del pa\u00eds. Los datos recolectados al cierre de junio de 2026 confirman un deterioro significativo del poder adquisitivo en los Poderes Judiciales provinciales y el de la Naci\u00f3n.&hellip;<\/p>\n","protected":false},"author":1,"featured_media":145739,"comment_status":"open","ping_status":"open","sticky":false,"template":"","format":"standard","meta":{"footnotes":""},"categories":[9],"tags":[2450,3064,29195,47868,47867],"class_list":["post-145738","post","type-post","status-publish","format-standard","has-post-thumbnail","hentry","category-economia","tag-diario-el-sindical","tag-fja","tag-linea-de-pobreza","tag-poderes-judiciales-provinciales-y-de-la-nacion","tag-salarios-2026"],"_links":{"self":[{"href":"https:\/\/www.elsindical.com.ar\/notas\/wp-json\/wp\/v2\/posts\/145738","targetHints":{"allow":["GET"]}}],"collection":[{"href":"https:\/\/www.elsindical.com.ar\/notas\/wp-json\/wp\/v2\/posts"}],"about":[{"href":"https:\/\/www.elsindical.com.ar\/notas\/wp-json\/wp\/v2\/types\/post"}],"author":[{"embeddable":true,"href":"https:\/\/www.elsindical.com.ar\/notas\/wp-json\/wp\/v2\/users\/1"}],"replies":[{"embeddable":true,"href":"https:\/\/www.elsindical.com.ar\/notas\/wp-json\/wp\/v2\/comments?post=145738"}],"version-history":[{"count":2,"href":"https:\/\/www.elsindical.com.ar\/notas\/wp-json\/wp\/v2\/posts\/145738\/revisions"}],"predecessor-version":[{"id":145741,"href":"https:\/\/www.elsindical.com.ar\/notas\/wp-json\/wp\/v2\/posts\/145738\/revisions\/145741"}],"wp:featuredmedia":[{"embeddable":true,"href":"https:\/\/www.elsindical.com.ar\/notas\/wp-json\/wp\/v2\/media\/145739"}],"wp:attachment":[{"href":"https:\/\/www.elsindical.com.ar\/notas\/wp-json\/wp\/v2\/media?parent=145738"}],"wp:term":[{"taxonomy":"category","embeddable":true,"href":"https:\/\/www.elsindical.com.ar\/notas\/wp-json\/wp\/v2\/categories?post=145738"},{"taxonomy":"post_tag","embeddable":true,"href":"https:\/\/www.elsindical.com.ar\/notas\/wp-json\/wp\/v2\/tags?post=145738"}],"curies":[{"name":"wp","href":"https:\/\/api.w.org\/{rel}","templated":true}]}}