{"id":145729,"date":"2026-07-06T06:38:22","date_gmt":"2026-07-06T09:38:22","guid":{"rendered":"https:\/\/www.elsindical.com.ar\/notas\/?p=145729"},"modified":"2026-07-06T06:38:28","modified_gmt":"2026-07-06T09:38:28","slug":"junin-asuntos-internos-detecta-hechos-de-corrupcion-y-sanciona-a-jefes-policiales","status":"publish","type":"post","link":"https:\/\/www.elsindical.com.ar\/notas\/junin-asuntos-internos-detecta-hechos-de-corrupcion-y-sanciona-a-jefes-policiales\/","title":{"rendered":"Jun\u00edn: Asuntos Internos detecta hechos de corrupci\u00f3n y sanciona a Jefes policiales"},"content":{"rendered":"<div class=\"wp-block-image\">\n<figure class=\"aligncenter size-full is-resized\"><a href=\"https:\/\/www.elsindical.com.ar\/notas\/var\/www\/html\/notas\/wp-content\/uploads\/2026\/07\/Comisario-Pablo-Fernandez.jpg\"><img loading=\"lazy\" decoding=\"async\" width=\"516\" height=\"271\" src=\"https:\/\/www.elsindical.com.ar\/notas\/var\/www\/html\/notas\/wp-content\/uploads\/2026\/07\/Comisario-Pablo-Fernandez.jpg\" alt=\"\" class=\"wp-image-145730\" style=\"width:788px;height:auto\" srcset=\"https:\/\/www.elsindical.com.ar\/notas\/var\/www\/html\/notas\/wp-content\/uploads\/2026\/07\/Comisario-Pablo-Fernandez.jpg 516w, https:\/\/www.elsindical.com.ar\/notas\/var\/www\/html\/notas\/wp-content\/uploads\/2026\/07\/Comisario-Pablo-Fernandez-300x158.jpg 300w\" sizes=\"auto, (max-width: 516px) 100vw, 516px\" \/><\/a><\/figure>\n<\/div>\n\n\n<p class=\"wp-block-paragraph\">La tarea hab\u00eda sido encomendada a Asuntos Internos, que detect\u00f3 hechos de gravedad relacionados con el cobro de horas extras y adicionales, facturaci\u00f3n de combustibles, mal estado de las dependencias, personal que no concurr\u00eda a prestar servicios y otros \u00edtems que terminaron con la purga.<\/p>\n\n\n\n<p class=\"wp-block-paragraph\">En marzo del a\u00f1o pasado la Direcci\u00f3n de Control Disciplinario de la polic\u00eda de la provincia de Buenos Aires llev\u00f3 a cabo una auditor\u00eda en Jun\u00edn y hall\u00f3 innumerables irregularidades, relacionadas particularmente con el exceso de horas extras, la cantidad de efectivos con \u201ccarpeta m\u00e9dica\u201d, sobrefacturaci\u00f3n de combustible y otras cuestiones que adem\u00e1s de ser sospechosas de corrupci\u00f3n quitaban eficacia al desenvolvimiento de la seguridad en el distrito.<\/p>\n\n\n\n<p class=\"wp-block-paragraph\">Por ese motivo Asuntos Internos de la polic\u00eda bonaerense imput\u00f3 a los altos mandos de la fuerza a nivel local, algunos de los cuales fueron ahora desplazados, debido a que se habr\u00eda probado la existencia de hechos que constituyen faltas graves al r\u00e9gimen disciplinario\u201d.<\/p>\n\n\n\n<p class=\"wp-block-paragraph\">En ese contexto se supo que entre los efectivos sancionados se encuentran el jefe de la oficina distrital comisario Pablo Fern\u00e1ndez y el subcomisario Roberto Oruza, jefe del Comando Patrullas Jun\u00edn, quienes ya tendr\u00edan reemplazo con el comisario Claudio Cabella y el subcomisario Juan Gimenez respectivamente.<\/p>\n\n\n\n<p class=\"wp-block-paragraph\">Las medidas se conocieron conjuntamente con el nombramiento del Comisario Mayor Tomaz Federico Dos Santos, a cargo de la Superintendencia de Seguridad Regional Interior Oeste II, dependiente de la Subjefatura de la Polic\u00eda de la Provincia de Buenos Aires y con asiento en Pehuaj\u00f3 que abarca un total de 17 distritos del oeste bonaerense, entre ellos el de Jun\u00edn.<\/p>\n\n\n\n<p class=\"wp-block-paragraph\">Justamente Dos Santos, para evitar que se repitan este tipo de situaciones, cre\u00f3 una coordinadora en Jun\u00edn ya que es el distrito m\u00e1s importante de su superintendencia aunque tenga la sede en Pehuaj\u00f3. De ese modo, sostienen desde su entorno, que nuestra ciudad tendr\u00e1 \u201ccontrol a distancia del superintendente 24\/7, a cargo del comisario Marcos Lescano..<\/p>\n\n\n\n<p class=\"wp-block-paragraph\">particularmente en perjuicio de las mujeres de la fuerza y que llev\u00f3 a un desgaste de los efectivos de menor rango que se ve\u00edan amenazados por sus superiores con traslados inveros\u00edmiles a poblados alejados que le hac\u00edan perder el contacto con sus afectos.<\/p>\n\n\n\n<p class=\"wp-block-paragraph\">La investigaci\u00f3n encabezada por Dom\u00ednguez que se aperson\u00f3 en las oficinas de Quintana 35, tambi\u00e9n destac\u00f3 que \u201ces dable advertir que todas las oficinas de la Estaci\u00f3n de Polic\u00eda Departamental de Seguridad se hallaban sin personal al arribo de la comitiva, con excepci\u00f3n de la oficina de CEPAID, como tambi\u00e9n, que se observ\u00f3 un total desconocimiento por parte de los efectivos en las funciones y responsabilidades que les compete\u201d.<\/p>\n\n\n\n<p class=\"wp-block-paragraph\">Al revisar las cuadr\u00edculas de patrullaje se advirtieron tareas defectuosas y m\u00f3viles que estaban parados en la dependencia sin recorrida. Se advirtieron irregularidades en los libros de presentismo.<\/p>\n\n\n\n<p class=\"wp-block-paragraph\">Como resultado de la recorrida del resto de las instalaciones y oficinas, llevada a cabo en marzo de 2025, tambi\u00e9n se advirti\u00f3 que \u201cposeen un mal estado de conservaci\u00f3n, mantenimiento y limpieza, ya que se pudo observar falta de aseo en todas las a\u00e9reas de la dependencia, en especial en el sector donde se encontraban los veh\u00edculos secuestrados por distintos delitos\u201d. Asimismo, se observ\u00f3 en el frente de la dependencia, \u201cm\u00f3viles sin salida a recorrer\u201d y que \u201clos cuales se encontraban ociosos por no posee personal disponible, seg\u00fan informo la oficial de servicio, y tampoco combustible municipal\u201d.<\/p>\n\n\n\n<p class=\"wp-block-paragraph\">Por otra parte, llam\u00f3 la atenci\u00f3n de los inspectores la falta de detalles respecto al pago de adicionales al personal de la fuerza, algo que hab\u00eda sido puesto en consideraci\u00f3n por los mismos efectivos que alud\u00edan estar cobrando mucho menos de lo que deb\u00edan percibir por la tarea, adem\u00e1s un sinn\u00famero de faltas de menor cuant\u00eda.<\/p>\n\n\n\n<p class=\"wp-block-paragraph\">Por m\u00e1s que los funcionarios municipales intenten quitarse responsabilidad acerca de este escandaloso informe, queda claro que la seguridad en Jun\u00edn era \u201cuna joda total\u201d como puntualiz\u00f3 un viejo jefe policial.<\/p>\n\n\n\n<p class=\"wp-block-paragraph\">Fuente: La Misiva Digital <\/p>\n","protected":false},"excerpt":{"rendered":"<p>La tarea hab\u00eda sido encomendada a Asuntos Internos, que detect\u00f3 hechos de gravedad relacionados con el cobro de horas extras y adicionales, facturaci\u00f3n de combustibles, mal estado de las dependencias, personal que no concurr\u00eda a prestar servicios y otros \u00edtems que terminaron con la purga. En marzo del a\u00f1o pasado la Direcci\u00f3n de Control Disciplinario&hellip;<\/p>\n","protected":false},"author":1,"featured_media":145730,"comment_status":"open","ping_status":"open","sticky":false,"template":"","format":"standard","meta":{"footnotes":""},"categories":[22],"tags":[1476,47859,1451,2450,7748,749,3056,47861,47860],"class_list":["post-145729","post","type-post","status-publish","format-standard","has-post-thumbnail","hentry","category-policiales","tag-asuntos-internos","tag-comisario-pablo-fernandez","tag-corrupcion","tag-diario-el-sindical","tag-junin","tag-policia-bonaerense","tag-sanciones","tag-subjefatura-de-policia","tag-superintendencia-de-seguridad-regional-interior-oeste-ii"],"_links":{"self":[{"href":"https:\/\/www.elsindical.com.ar\/notas\/wp-json\/wp\/v2\/posts\/145729","targetHints":{"allow":["GET"]}}],"collection":[{"href":"https:\/\/www.elsindical.com.ar\/notas\/wp-json\/wp\/v2\/posts"}],"about":[{"href":"https:\/\/www.elsindical.com.ar\/notas\/wp-json\/wp\/v2\/types\/post"}],"author":[{"embeddable":true,"href":"https:\/\/www.elsindical.com.ar\/notas\/wp-json\/wp\/v2\/users\/1"}],"replies":[{"embeddable":true,"href":"https:\/\/www.elsindical.com.ar\/notas\/wp-json\/wp\/v2\/comments?post=145729"}],"version-history":[{"count":1,"href":"https:\/\/www.elsindical.com.ar\/notas\/wp-json\/wp\/v2\/posts\/145729\/revisions"}],"predecessor-version":[{"id":145731,"href":"https:\/\/www.elsindical.com.ar\/notas\/wp-json\/wp\/v2\/posts\/145729\/revisions\/145731"}],"wp:featuredmedia":[{"embeddable":true,"href":"https:\/\/www.elsindical.com.ar\/notas\/wp-json\/wp\/v2\/media\/145730"}],"wp:attachment":[{"href":"https:\/\/www.elsindical.com.ar\/notas\/wp-json\/wp\/v2\/media?parent=145729"}],"wp:term":[{"taxonomy":"category","embeddable":true,"href":"https:\/\/www.elsindical.com.ar\/notas\/wp-json\/wp\/v2\/categories?post=145729"},{"taxonomy":"post_tag","embeddable":true,"href":"https:\/\/www.elsindical.com.ar\/notas\/wp-json\/wp\/v2\/tags?post=145729"}],"curies":[{"name":"wp","href":"https:\/\/api.w.org\/{rel}","templated":true}]}}