{"id":145699,"date":"2026-07-04T15:09:06","date_gmt":"2026-07-04T18:09:06","guid":{"rendered":"https:\/\/www.elsindical.com.ar\/notas\/?p=145699"},"modified":"2026-07-04T15:09:17","modified_gmt":"2026-07-04T18:09:17","slug":"la-justicia-le-prohibio-salir-del-pais-a-manuel-adorni","status":"publish","type":"post","link":"https:\/\/www.elsindical.com.ar\/notas\/la-justicia-le-prohibio-salir-del-pais-a-manuel-adorni\/","title":{"rendered":"La Justicia le prohibi\u00f3 salir del pa\u00eds a Manuel Adorni"},"content":{"rendered":"<div class=\"wp-block-image\">\n<figure class=\"aligncenter size-full\"><a href=\"https:\/\/www.elsindical.com.ar\/notas\/var\/www\/html\/notas\/wp-content\/uploads\/2026\/07\/Adorni-vacaciones-Bariloche.jpg\"><img loading=\"lazy\" decoding=\"async\" width=\"524\" height=\"566\" src=\"https:\/\/www.elsindical.com.ar\/notas\/var\/www\/html\/notas\/wp-content\/uploads\/2026\/07\/Adorni-vacaciones-Bariloche.jpg\" alt=\"\" class=\"wp-image-145700\" srcset=\"https:\/\/www.elsindical.com.ar\/notas\/var\/www\/html\/notas\/wp-content\/uploads\/2026\/07\/Adorni-vacaciones-Bariloche.jpg 524w, https:\/\/www.elsindical.com.ar\/notas\/var\/www\/html\/notas\/wp-content\/uploads\/2026\/07\/Adorni-vacaciones-Bariloche-278x300.jpg 278w\" sizes=\"auto, (max-width: 524px) 100vw, 524px\" \/><\/a><\/figure>\n<\/div>\n\n\n<p class=\"wp-block-paragraph\">La prohibici\u00f3n es por riesgo de fuga. La indagatoria de Manuel Adorni es inminente.<\/p>\n\n\n\n<p class=\"wp-block-paragraph\"><strong>La Justicia le prohibi\u00f3 la salida del pa\u00eds al ex jefe de Gabinete y ex vocero, Manuel Adorni<\/strong>, ante el creciente riesgo de fuga a Uruguay y en el marco de la investigaci\u00f3n penal que se le sigue por el presunto delito de enriquecimiento il\u00edcito.<\/p>\n\n\n\n<p class=\"wp-block-paragraph\"><strong>La medida restrictiva fue dispuesta durante la noche del viernes por el juez federal Ariel Lijo<\/strong>, a instancias del dictamen presentado por el fiscal Gerardo Pollicita, se\u00f1alando que el ex funcionario deber\u00e1 requerir una autorizaci\u00f3n expresa si tiene intenciones de realizar un viaje al exterior del territorio nacional.<\/p>\n\n\n\n<p class=\"wp-block-paragraph\"><strong>Esta restricci\u00f3n representa el paso previo a un llamado a declaraci\u00f3n indagatoria en los tribunales de Comodoro Py<\/strong>, el cual resulta inminente debido a las inconsistencias halladas en su contra.<\/p>\n\n\n\n<p class=\"wp-block-paragraph\">El foco de la investigaci\u00f3n judicial sobre el patrimonio de Manuel Adorni se centra de forma pormenorizada en diversos gastos corrientes efectuados mientras se desempe\u00f1aba en la funci\u00f3n p\u00fablica, algunos de ellos realizados con tarjetas de cr\u00e9dito de sus secretarias.<\/p>\n\n\n\n<p class=\"wp-block-paragraph\">Se eval\u00faan adem\u00e1s los constantes viajes dentro y fuera de la Argentina, la <strong>compra de propiedades, las refacciones realizadas en un country del barrio privado Indio Cu\u00e1, as\u00ed como las marcadas diferencias patrimoniales <\/strong>que quedaron registradas en sus \u00faltimas declaraciones juradas.<\/p>\n\n\n\n<p class=\"wp-block-paragraph\">El constructor Mat\u00edas Tabar, quien estuvo formalmente a cargo de las reformas estructurales en la vivienda del ex funcionario, <strong>asegur\u00f3 ante las autoridades judiciales haber percibido la suma de 245 mil d\u00f3lares en negro<\/strong>. La prensa difundi\u00f3 una serie de mensajes en los que le ofrece asistencia.<\/p>\n","protected":false},"excerpt":{"rendered":"<p>La prohibici\u00f3n es por riesgo de fuga. La indagatoria de Manuel Adorni es inminente. La Justicia le prohibi\u00f3 la salida del pa\u00eds al ex jefe de Gabinete y ex vocero, Manuel Adorni, ante el creciente riesgo de fuga a Uruguay y en el marco de la investigaci\u00f3n penal que se le sigue por el presunto&hellip;<\/p>\n","protected":false},"author":1,"featured_media":145700,"comment_status":"open","ping_status":"open","sticky":false,"template":"","format":"standard","meta":{"footnotes":""},"categories":[20],"tags":[2450,24169,7140,41770,47848],"class_list":["post-145699","post","type-post","status-publish","format-standard","has-post-thumbnail","hentry","category-judiciales","tag-diario-el-sindical","tag-fiscal-federal-gerardo-pollicita","tag-juez-federal-ariel-lijo","tag-manuel-adorni","tag-prohibicion-de-salida-del-pais"],"_links":{"self":[{"href":"https:\/\/www.elsindical.com.ar\/notas\/wp-json\/wp\/v2\/posts\/145699","targetHints":{"allow":["GET"]}}],"collection":[{"href":"https:\/\/www.elsindical.com.ar\/notas\/wp-json\/wp\/v2\/posts"}],"about":[{"href":"https:\/\/www.elsindical.com.ar\/notas\/wp-json\/wp\/v2\/types\/post"}],"author":[{"embeddable":true,"href":"https:\/\/www.elsindical.com.ar\/notas\/wp-json\/wp\/v2\/users\/1"}],"replies":[{"embeddable":true,"href":"https:\/\/www.elsindical.com.ar\/notas\/wp-json\/wp\/v2\/comments?post=145699"}],"version-history":[{"count":1,"href":"https:\/\/www.elsindical.com.ar\/notas\/wp-json\/wp\/v2\/posts\/145699\/revisions"}],"predecessor-version":[{"id":145701,"href":"https:\/\/www.elsindical.com.ar\/notas\/wp-json\/wp\/v2\/posts\/145699\/revisions\/145701"}],"wp:featuredmedia":[{"embeddable":true,"href":"https:\/\/www.elsindical.com.ar\/notas\/wp-json\/wp\/v2\/media\/145700"}],"wp:attachment":[{"href":"https:\/\/www.elsindical.com.ar\/notas\/wp-json\/wp\/v2\/media?parent=145699"}],"wp:term":[{"taxonomy":"category","embeddable":true,"href":"https:\/\/www.elsindical.com.ar\/notas\/wp-json\/wp\/v2\/categories?post=145699"},{"taxonomy":"post_tag","embeddable":true,"href":"https:\/\/www.elsindical.com.ar\/notas\/wp-json\/wp\/v2\/tags?post=145699"}],"curies":[{"name":"wp","href":"https:\/\/api.w.org\/{rel}","templated":true}]}}