{"id":144942,"date":"2026-05-26T12:30:09","date_gmt":"2026-05-26T15:30:09","guid":{"rendered":"https:\/\/www.elsindical.com.ar\/notas\/?p=144942"},"modified":"2026-05-26T12:30:15","modified_gmt":"2026-05-26T15:30:15","slug":"el-gobierno-elimino-subsidios-al-transporte-para-personas-con-discapacidad","status":"publish","type":"post","link":"https:\/\/www.elsindical.com.ar\/notas\/el-gobierno-elimino-subsidios-al-transporte-para-personas-con-discapacidad\/","title":{"rendered":"El Gobierno elimin\u00f3 subsidios al transporte para personas con discapacidad"},"content":{"rendered":"<div class=\"wp-block-image\">\n<figure class=\"aligncenter size-full\"><a href=\"https:\/\/www.elsindical.com.ar\/notas\/var\/www\/html\/notas\/wp-content\/uploads\/2025\/11\/CUD-app.jpg\"><img loading=\"lazy\" decoding=\"async\" width=\"700\" height=\"397\" src=\"https:\/\/www.elsindical.com.ar\/notas\/var\/www\/html\/notas\/wp-content\/uploads\/2025\/11\/CUD-app.jpg\" alt=\"\" class=\"wp-image-141082\" srcset=\"https:\/\/www.elsindical.com.ar\/notas\/var\/www\/html\/notas\/wp-content\/uploads\/2025\/11\/CUD-app.jpg 700w, https:\/\/www.elsindical.com.ar\/notas\/var\/www\/html\/notas\/wp-content\/uploads\/2025\/11\/CUD-app-300x170.jpg 300w, https:\/\/www.elsindical.com.ar\/notas\/var\/www\/html\/notas\/wp-content\/uploads\/2025\/11\/CUD-app-220x126.jpg 220w, https:\/\/www.elsindical.com.ar\/notas\/var\/www\/html\/notas\/wp-content\/uploads\/2025\/11\/CUD-app-460x260.jpg 460w\" sizes=\"auto, (max-width: 700px) 100vw, 700px\" \/><\/a><\/figure>\n<\/div>\n\n\n<p class=\"wp-block-paragraph\"><strong>El Gobierno elimin\u00f3 los subsidios al transporte para costear el viaje gratuito de personas con discapacidad<\/strong>. La <a href=\"https:\/\/www.boletinoficial.gob.ar\/detalleAviso\/primera\/342349\/20260526\">Resoluci\u00f3n 28\/2026<\/a>, que lleva la firma de Mariano Ignacio Plencovich, publicada hoy en el Bolet\u00f3n Oficial.<\/p>\n\n\n\n<p class=\"wp-block-paragraph\">La Secretar\u00eda de Transporte, dependiente del Ministerio de Econom\u00eda, deroga las resoluciones 717 del 14 de agosto de 2018, 567 del 13 de septiembre de 2019, 536 del 8 de agosto de 2022 y 549 del 3 de octubre de 2023.<\/p>\n\n\n\n<p class=\"wp-block-paragraph\"><strong>\u201cD\u00e9jase sin efecto el r\u00e9gimen de compensaciones econ\u00f3micas destinadas a las empresas de transporte automotor de pasajeros de car\u00e1cter interjurisdiccional por los pasajes gratuitos otorgados en el marco de las leyes 22.431, 26.928 y 27.674\u201d<\/strong>, indica el texto.<\/p>\n\n\n\n<p class=\"wp-block-paragraph\">El texto indica que el r\u00e9gimen de compensaciones fue objeto de sucesivas adecuaciones administrativas a lo largo del tiempo, todas ellas enmarcadas en un modelo regulatorio caracterizado por la intervenci\u00f3n estatal en la determinaci\u00f3n y contenci\u00f3n de tarifas. <strong>\u201cLa continuidad de las compensaciones previstas en las resoluciones carece en la actualidad de sustento en el nuevo marco normativo\u201d<\/strong>, apunta.<\/p>\n\n\n\n<p class=\"wp-block-paragraph\">Aclara que \u201cla introducci\u00f3n de la <strong>libertad tarifaria<\/strong> implica una reconfiguraci\u00f3n sustancial de la ecuaci\u00f3n econ\u00f3mico-financiera del sector, otorgando a los operadores capacidad para internalizar dentro de su estructura de costos las obligaciones legales inherentes a la actividad\u201d.<\/p>\n\n\n\n<p class=\"wp-block-paragraph\">\u201cLa causa estructural que oportunamente justific\u00f3 la implementaci\u00f3n del esquema compensatorio ha sido superada, lo que <strong>torna innecesaria su continuidad<\/strong> en los t\u00e9rminos originalmente previstos\u201d, plantea la resoluci\u00f3n.<\/p>\n\n\n\n<p class=\"wp-block-paragraph\">Esta medida se entiende como un nuevo ataque al sector, que sali\u00f3 a la calle para pedir la Emergencia en Discapacidad, que el Gobierno intenta suspender, y sigue afrontando recortes que hacen imposible la vida cotidiana.<\/p>\n","protected":false},"excerpt":{"rendered":"<p>El Gobierno elimin\u00f3 los subsidios al transporte para costear el viaje gratuito de personas con discapacidad. La Resoluci\u00f3n 28\/2026, que lleva la firma de Mariano Ignacio Plencovich, publicada hoy en el Bolet\u00f3n Oficial. La Secretar\u00eda de Transporte, dependiente del Ministerio de Econom\u00eda, deroga las resoluciones 717 del 14 de agosto de 2018, 567 del 13&hellip;<\/p>\n","protected":false},"author":1,"featured_media":141082,"comment_status":"open","ping_status":"open","sticky":false,"template":"","format":"standard","meta":{"footnotes":""},"categories":[13],"tags":[18415,2450,47562,4016,3467,47561],"class_list":["post-144942","post","type-post","status-publish","format-standard","has-post-thumbnail","hentry","category-politica","tag-cud","tag-diario-el-sindical","tag-mariano-ignacio-plenovich","tag-subsidios","tag-transporte-publico","tag-viaje-gratuito-discapacitados"],"_links":{"self":[{"href":"https:\/\/www.elsindical.com.ar\/notas\/wp-json\/wp\/v2\/posts\/144942","targetHints":{"allow":["GET"]}}],"collection":[{"href":"https:\/\/www.elsindical.com.ar\/notas\/wp-json\/wp\/v2\/posts"}],"about":[{"href":"https:\/\/www.elsindical.com.ar\/notas\/wp-json\/wp\/v2\/types\/post"}],"author":[{"embeddable":true,"href":"https:\/\/www.elsindical.com.ar\/notas\/wp-json\/wp\/v2\/users\/1"}],"replies":[{"embeddable":true,"href":"https:\/\/www.elsindical.com.ar\/notas\/wp-json\/wp\/v2\/comments?post=144942"}],"version-history":[{"count":1,"href":"https:\/\/www.elsindical.com.ar\/notas\/wp-json\/wp\/v2\/posts\/144942\/revisions"}],"predecessor-version":[{"id":144943,"href":"https:\/\/www.elsindical.com.ar\/notas\/wp-json\/wp\/v2\/posts\/144942\/revisions\/144943"}],"wp:featuredmedia":[{"embeddable":true,"href":"https:\/\/www.elsindical.com.ar\/notas\/wp-json\/wp\/v2\/media\/141082"}],"wp:attachment":[{"href":"https:\/\/www.elsindical.com.ar\/notas\/wp-json\/wp\/v2\/media?parent=144942"}],"wp:term":[{"taxonomy":"category","embeddable":true,"href":"https:\/\/www.elsindical.com.ar\/notas\/wp-json\/wp\/v2\/categories?post=144942"},{"taxonomy":"post_tag","embeddable":true,"href":"https:\/\/www.elsindical.com.ar\/notas\/wp-json\/wp\/v2\/tags?post=144942"}],"curies":[{"name":"wp","href":"https:\/\/api.w.org\/{rel}","templated":true}]}}