{"id":144920,"date":"2026-05-25T15:08:24","date_gmt":"2026-05-25T18:08:24","guid":{"rendered":"https:\/\/www.elsindical.com.ar\/notas\/?p=144920"},"modified":"2026-05-25T15:41:28","modified_gmt":"2026-05-25T18:41:28","slug":"mas-de-un-millon-de-bonaerenses-sufriran-aumentos-de-hasta-el-100-en-el-gas","status":"publish","type":"post","link":"https:\/\/www.elsindical.com.ar\/notas\/mas-de-un-millon-de-bonaerenses-sufriran-aumentos-de-hasta-el-100-en-el-gas\/","title":{"rendered":"M\u00e1s de un mill\u00f3n de bonaerenses sufrir\u00e1n aumentos de hasta el 100% en el gas"},"content":{"rendered":"\n<figure class=\"wp-block-image size-full\"><a href=\"https:\/\/www.elsindical.com.ar\/notas\/var\/www\/html\/notas\/wp-content\/uploads\/2018\/10\/hornalla-gas.jpg\"><img loading=\"lazy\" decoding=\"async\" width=\"930\" height=\"525\" src=\"https:\/\/www.elsindical.com.ar\/notas\/var\/www\/html\/notas\/wp-content\/uploads\/2018\/10\/hornalla-gas.jpg\" alt=\"\" class=\"wp-image-81640\" srcset=\"https:\/\/www.elsindical.com.ar\/notas\/var\/www\/html\/notas\/wp-content\/uploads\/2018\/10\/hornalla-gas.jpg 930w, https:\/\/www.elsindical.com.ar\/notas\/var\/www\/html\/notas\/wp-content\/uploads\/2018\/10\/hornalla-gas-300x169.jpg 300w, https:\/\/www.elsindical.com.ar\/notas\/var\/www\/html\/notas\/wp-content\/uploads\/2018\/10\/hornalla-gas-768x434.jpg 768w, https:\/\/www.elsindical.com.ar\/notas\/var\/www\/html\/notas\/wp-content\/uploads\/2018\/10\/hornalla-gas-500x282.jpg 500w, https:\/\/www.elsindical.com.ar\/notas\/var\/www\/html\/notas\/wp-content\/uploads\/2018\/10\/hornalla-gas-460x260.jpg 460w\" sizes=\"auto, (max-width: 930px) 100vw, 930px\" \/><\/a><\/figure>\n\n\n\n<p class=\"wp-block-paragraph\">La <strong>Defensor\u00eda del Pueblo de la provincia de Buenos Aires <\/strong>rechaz\u00f3 que se elimine al territorio del r\u00e9gimen de Zonas Fr\u00edas, proyecto que tiene media sanci\u00f3n, y alert\u00f3 que \u201c1.300.000 bonaerenses en 94 municipios podr\u00edan perder el descuento en su factura de gas\u201d.<\/p>\n\n\n\n<p class=\"wp-block-paragraph\">Destaca que <strong>la Ley 27.637 incorpor\u00f3 en 2021 a 94 localidades del frente mar\u00edtimo y sur de la PBA al beneficio de zona fr\u00eda<\/strong>. \u201cEl criterio fue t\u00e9cnico: zonas bio-ambientales seg\u00fan norma IRAM 11603\/2012, avalado por informes del ENARGAS\u201d, aclar\u00f3.<\/p>\n\n\n\n<p class=\"wp-block-paragraph\">En este marco, precis\u00f3 que \u201cno es lo mismo\u201d porque un usuario en zona fr\u00eda usa gas de red entre 6 y 8 meses al a\u00f1o, mientras que un usuario en la Ciudad de Buenos Aires, s\u00f3lo 3 meses.<\/p>\n\n\n\n<p class=\"wp-block-paragraph\">\u201cEl Gobierno dice que la ampliaci\u00f3n benefici\u00f3 zonas que no lo necesitan. Eso contradice los informes t\u00e9cnicos del propio ENARGAS. <strong>El beneficio busca igualar el impacto del gasto en gas entre zonas con climas distintos. No es un privilegio<\/strong>\u201c, precis\u00f3.<\/p>\n\n\n\n<p class=\"wp-block-paragraph\">La Defensor\u00eda alert\u00f3 que \u201c<strong>las facturas subir\u00edan entre un 50% y un 100% de forma autom\u00e1tica<\/strong>\u201c. \u201cFamilias que restringen calefacci\u00f3n aumentan el riesgo de enfermedades respiratorias, especialmente en hogares con personas con discapacidad\u201d, complet\u00f3.<\/p>\n\n\n\n<p class=\"wp-block-paragraph\">\u201cLa reforma mantiene el criterio geogr\u00e1fico por temperatura para Patagonia, Malarg\u00fce y la Puna. Pero aplica criterio socioecon\u00f3mico solo para las zonas de la PBA incorporadas en 2021. <strong>El mismo fr\u00edo, distinto trato<\/strong>\u201c, cuestion\u00f3.<br><br>El comunicado concluye: \u201cDesde la Defensor\u00eda del Pueblo defendemos el derecho de 1.300.000 bonaerenses al acceso justo al gas. <strong>El fr\u00edo no distingue criterios econ\u00f3micos ni pol\u00edticos. y la ley tampoco deber\u00eda hacerlo<\/strong>\u201c.<\/p>\n\n\n\n<figure class=\"wp-block-embed is-type-video is-provider-youtube wp-block-embed-youtube wp-embed-aspect-16-9 wp-has-aspect-ratio\"><div class=\"wp-block-embed__wrapper\">\n<iframe loading=\"lazy\" title=\"M\u00e1s de un mill\u00f3n de bonaerenses tendr\u00e1n aumentos del gas\" width=\"700\" height=\"394\" src=\"https:\/\/www.youtube.com\/embed\/IDi4eYxXvLQ?feature=oembed\" frameborder=\"0\" allow=\"accelerometer; autoplay; clipboard-write; encrypted-media; gyroscope; picture-in-picture; web-share\" referrerpolicy=\"strict-origin-when-cross-origin\" allowfullscreen><\/iframe>\n<\/div><\/figure>\n","protected":false},"excerpt":{"rendered":"<p>La Defensor\u00eda del Pueblo de la provincia de Buenos Aires rechaz\u00f3 que se elimine al territorio del r\u00e9gimen de Zonas Fr\u00edas, proyecto que tiene media sanci\u00f3n, y alert\u00f3 que \u201c1.300.000 bonaerenses en 94 municipios podr\u00edan perder el descuento en su factura de gas\u201d. Destaca que la Ley 27.637 incorpor\u00f3 en 2021 a 94 localidades del&hellip;<\/p>\n","protected":false},"author":1,"featured_media":81640,"comment_status":"open","ping_status":"open","sticky":false,"template":"","format":"standard","meta":{"footnotes":""},"categories":[9,13,25],"tags":[28079,494,22285,2450,17980,3551,28812,16396,41788],"class_list":["post-144920","post","type-post","status-publish","format-standard","has-post-thumbnail","hentry","category-economia","category-politica","category-sociedad","tag-aumento-de-tarifas","tag-bonaerenses","tag-defensoria-del-pubelo-de-la-provincia-de-buenos-aires","tag-diario-el-sindical","tag-enargas","tag-gas","tag-javier-milei","tag-pba","tag-quita-de-subsidios"],"_links":{"self":[{"href":"https:\/\/www.elsindical.com.ar\/notas\/wp-json\/wp\/v2\/posts\/144920","targetHints":{"allow":["GET"]}}],"collection":[{"href":"https:\/\/www.elsindical.com.ar\/notas\/wp-json\/wp\/v2\/posts"}],"about":[{"href":"https:\/\/www.elsindical.com.ar\/notas\/wp-json\/wp\/v2\/types\/post"}],"author":[{"embeddable":true,"href":"https:\/\/www.elsindical.com.ar\/notas\/wp-json\/wp\/v2\/users\/1"}],"replies":[{"embeddable":true,"href":"https:\/\/www.elsindical.com.ar\/notas\/wp-json\/wp\/v2\/comments?post=144920"}],"version-history":[{"count":2,"href":"https:\/\/www.elsindical.com.ar\/notas\/wp-json\/wp\/v2\/posts\/144920\/revisions"}],"predecessor-version":[{"id":144922,"href":"https:\/\/www.elsindical.com.ar\/notas\/wp-json\/wp\/v2\/posts\/144920\/revisions\/144922"}],"wp:featuredmedia":[{"embeddable":true,"href":"https:\/\/www.elsindical.com.ar\/notas\/wp-json\/wp\/v2\/media\/81640"}],"wp:attachment":[{"href":"https:\/\/www.elsindical.com.ar\/notas\/wp-json\/wp\/v2\/media?parent=144920"}],"wp:term":[{"taxonomy":"category","embeddable":true,"href":"https:\/\/www.elsindical.com.ar\/notas\/wp-json\/wp\/v2\/categories?post=144920"},{"taxonomy":"post_tag","embeddable":true,"href":"https:\/\/www.elsindical.com.ar\/notas\/wp-json\/wp\/v2\/tags?post=144920"}],"curies":[{"name":"wp","href":"https:\/\/api.w.org\/{rel}","templated":true}]}}