{"id":144898,"date":"2026-05-24T21:41:07","date_gmt":"2026-05-25T00:41:07","guid":{"rendered":"https:\/\/www.elsindical.com.ar\/notas\/?p=144898"},"modified":"2026-05-24T21:41:14","modified_gmt":"2026-05-25T00:41:14","slug":"manuel-adorni-cada-vez-mas-complicado-en-la-justicia-ariel-lijo-analiza-citarlo-a-indagatoria","status":"publish","type":"post","link":"https:\/\/www.elsindical.com.ar\/notas\/manuel-adorni-cada-vez-mas-complicado-en-la-justicia-ariel-lijo-analiza-citarlo-a-indagatoria\/","title":{"rendered":"Manuel Adorni, cada vez m\u00e1s complicado en la Justicia: Ariel Lijo analiza citarlo a indagatoria"},"content":{"rendered":"<div class=\"wp-block-image\">\n<figure class=\"aligncenter size-full\"><a href=\"https:\/\/www.elsindical.com.ar\/notas\/var\/www\/html\/notas\/wp-content\/uploads\/2026\/05\/Los-Milei-y-Adorni.jpg\"><img loading=\"lazy\" decoding=\"async\" width=\"750\" height=\"390\" src=\"https:\/\/www.elsindical.com.ar\/notas\/var\/www\/html\/notas\/wp-content\/uploads\/2026\/05\/Los-Milei-y-Adorni.jpg\" alt=\"\" class=\"wp-image-144899\" srcset=\"https:\/\/www.elsindical.com.ar\/notas\/var\/www\/html\/notas\/wp-content\/uploads\/2026\/05\/Los-Milei-y-Adorni.jpg 750w, https:\/\/www.elsindical.com.ar\/notas\/var\/www\/html\/notas\/wp-content\/uploads\/2026\/05\/Los-Milei-y-Adorni-300x156.jpg 300w\" sizes=\"auto, (max-width: 750px) 100vw, 750px\" \/><\/a><\/figure>\n<\/div>\n\n\n<p class=\"wp-block-paragraph\">La Justicia intenta determinar si Grandio financi\u00f3 el viaje que Adorni realiz\u00f3 junto a su familia a Punta del Este durante el fin de semana largo de Carnaval, a bordo de un avi\u00f3n privado.<\/p>\n\n\n\n<p class=\"wp-block-paragraph\">La situaci\u00f3n judicial de Manuel Adorni podr\u00eda agravarse en las pr\u00f3ximas semanas luego de que el juez federal <strong>Ariel Lijo analizara convocarlo a declaraci\u00f3n indagatoria antes del inicio de la feria judicial de invierno. <\/strong>La causa investiga presunto enriquecimiento il\u00edcito y posibles irregularidades vinculadas a contratos de la TV P\u00fablica con la productora Imhouse.<\/p>\n\n\n\n<p class=\"wp-block-paragraph\">La investigaci\u00f3n, impulsada junto al fiscal Gerardo Pollicita, se concentra principalmente en la relaci\u00f3n entre Adorni y el productor televisivo Marcelo Grandio, propietario de Imhouse y se\u00f1alado como un amigo cercano del funcionario. La Justicia intenta determinar si Grandio financi\u00f3 el viaje que Adorni realiz\u00f3 junto a su familia a Punta del Este durante el fin de semana largo de Carnaval, a bordo de un avi\u00f3n privado.<\/p>\n\n\n\n<p class=\"wp-block-paragraph\">Aunque el jefe de Gabinete asegur\u00f3 p\u00fablicamente que el traslado fue abonado con fondos propios, distintos elementos incorporados al expediente contradicen esa versi\u00f3n. El broker aeron\u00e1utico Agust\u00edn Issin Hansen declar\u00f3 ante la Justicia que el vuelo fue reservado y pagado por Grandio y que la facturaci\u00f3n fue emitida a nombre de Imhouse. Seg\u00fan consta en la causa, la empresa Alpha Centauri factur\u00f3 el tramo de ida directamente a la productora, mientras que el regreso fue posteriormente facturado por 3000 d\u00f3lares a Grandio. \u201cEl vuelo lo reserv\u00f3 y pag\u00f3 Marcelo Grandio\u201d, sostuvo el intermediario ante la Justicia.<\/p>\n\n\n\n<p class=\"wp-block-paragraph\">En paralelo, el juzgado orden\u00f3 una serie de cruces telef\u00f3nicos entre Grandio, Adorni y Horacio Silva para reconstruir posibles contactos relacionados con contratos firmados entre Imhouse y la TV P\u00fablica. Bajo sospecha aparecen producciones televisivas, programas radiales y ciclos de streaming emitidos por medios estatales, entre ellos \u201cLa caja de Pandora\u201d, \u201cGiros en L\u00ednea Recta\u201d, \u201cEnredados\u201d, \u201cLa Sala\u201d y \u201cGritalo Mundial\u201d, este \u00faltimo conducido por el propio Grandio.<\/p>\n\n\n\n<p class=\"wp-block-paragraph\">Otro de los ejes centrales de la causa apunta al patrimonio personal del funcionario. La Justicia investiga la compra de una propiedad en el country Indio Cu\u00e1, ubicado en Exaltaci\u00f3n de la Cruz, cuya adquisici\u00f3n y posterior remodelaci\u00f3n despertaron sospechas sobre el origen de los fondos utilizados.<\/p>\n\n\n\n<p class=\"wp-block-paragraph\">Seg\u00fan el expediente, la vivienda habr\u00eda sido escriturada por unos 120.000 d\u00f3lares y luego sometida a remodelaciones integrales y compra de mobiliario por aproximadamente 245.000 d\u00f3lares, parte de ellas sin facturaci\u00f3n formal.<\/p>\n\n\n\n<p class=\"wp-block-paragraph\">Los investigadores consideran que los ingresos declarados por Adorni no ser\u00edan compatibles con el volumen de gastos detectados, especialmente teniendo en cuenta compromisos hipotecarios asumidos en operaciones inmobiliarias previas. Adem\u00e1s, se analiza la presunta utilizaci\u00f3n de efectivos de la Gendarmer\u00eda Nacional Argentina para custodiar el ingreso al barrio privado donde reside el funcionario, lo que podr\u00eda derivar en una acusaci\u00f3n por peculado si se comprobara el uso indebido de recursos p\u00fablicos.<\/p>\n\n\n\n<p class=\"wp-block-paragraph\">Mientras tanto, en los tribunales de Comodoro Py crece la expectativa por la decisi\u00f3n de Lijo, quien deber\u00e1 resolver si avanza formalmente con la citaci\u00f3n a indagatoria de uno de los funcionarios m\u00e1s cercanos al presidente Javier Milei.<\/p>\n","protected":false},"excerpt":{"rendered":"<p>La Justicia intenta determinar si Grandio financi\u00f3 el viaje que Adorni realiz\u00f3 junto a su familia a Punta del Este durante el fin de semana largo de Carnaval, a bordo de un avi\u00f3n privado. La situaci\u00f3n judicial de Manuel Adorni podr\u00eda agravarse en las pr\u00f3ximas semanas luego de que el juez federal Ariel Lijo analizara&hellip;<\/p>\n","protected":false},"author":1,"featured_media":144899,"comment_status":"open","ping_status":"open","sticky":false,"template":"","format":"standard","meta":{"footnotes":""},"categories":[20],"tags":[47548,2450,1983,28812,7140,40428,41770,47029],"class_list":["post-144898","post","type-post","status-publish","format-standard","has-post-thumbnail","hentry","category-judiciales","tag-agustin-issin-hansen","tag-diario-el-sindical","tag-indagatoria","tag-javier-milei","tag-juez-federal-ariel-lijo","tag-karina-milei","tag-manuel-adorni","tag-marcelo-grandio"],"_links":{"self":[{"href":"https:\/\/www.elsindical.com.ar\/notas\/wp-json\/wp\/v2\/posts\/144898","targetHints":{"allow":["GET"]}}],"collection":[{"href":"https:\/\/www.elsindical.com.ar\/notas\/wp-json\/wp\/v2\/posts"}],"about":[{"href":"https:\/\/www.elsindical.com.ar\/notas\/wp-json\/wp\/v2\/types\/post"}],"author":[{"embeddable":true,"href":"https:\/\/www.elsindical.com.ar\/notas\/wp-json\/wp\/v2\/users\/1"}],"replies":[{"embeddable":true,"href":"https:\/\/www.elsindical.com.ar\/notas\/wp-json\/wp\/v2\/comments?post=144898"}],"version-history":[{"count":1,"href":"https:\/\/www.elsindical.com.ar\/notas\/wp-json\/wp\/v2\/posts\/144898\/revisions"}],"predecessor-version":[{"id":144900,"href":"https:\/\/www.elsindical.com.ar\/notas\/wp-json\/wp\/v2\/posts\/144898\/revisions\/144900"}],"wp:featuredmedia":[{"embeddable":true,"href":"https:\/\/www.elsindical.com.ar\/notas\/wp-json\/wp\/v2\/media\/144899"}],"wp:attachment":[{"href":"https:\/\/www.elsindical.com.ar\/notas\/wp-json\/wp\/v2\/media?parent=144898"}],"wp:term":[{"taxonomy":"category","embeddable":true,"href":"https:\/\/www.elsindical.com.ar\/notas\/wp-json\/wp\/v2\/categories?post=144898"},{"taxonomy":"post_tag","embeddable":true,"href":"https:\/\/www.elsindical.com.ar\/notas\/wp-json\/wp\/v2\/tags?post=144898"}],"curies":[{"name":"wp","href":"https:\/\/api.w.org\/{rel}","templated":true}]}}