{"id":14469,"date":"2011-05-26T11:04:03","date_gmt":"2011-05-26T14:04:03","guid":{"rendered":"http:\/\/www.elsindical.com.ar\/notas\/?p=14469"},"modified":"2011-05-26T11:04:03","modified_gmt":"2011-05-26T14:04:03","slug":"lomas-de-zamoraescandalo-jueces-facilitaban-salideras-segun-una-denuncia-penal","status":"publish","type":"post","link":"https:\/\/www.elsindical.com.ar\/notas\/lomas-de-zamoraescandalo-jueces-facilitaban-salideras-segun-una-denuncia-penal\/","title":{"rendered":"Lomas de Zamora:Esc\u00e1ndalo, jueces facilitaban salideras seg\u00fan una denuncia penal"},"content":{"rendered":"<p style=\"text-align: justify;\"><em><a href=\"http:\/\/www.elsindical.com.ar\/notas\/var\/www\/html\/notas\/wp-content\/uploads\/2010\/08\/Tribunales-de-Lomas-de-Zamo.jpg\"><img loading=\"lazy\" decoding=\"async\" class=\"alignleft size-medium wp-image-9102\" title=\"Tribunales-de-Lomas-de-Zamo\" src=\"http:\/\/www.elsindical.com.ar\/notas\/var\/www\/html\/notas\/wp-content\/uploads\/2010\/08\/Tribunales-de-Lomas-de-Zamo-300x172.jpg\" alt=\"\" width=\"300\" height=\"172\" srcset=\"https:\/\/www.elsindical.com.ar\/notas\/var\/www\/html\/notas\/wp-content\/uploads\/2010\/08\/Tribunales-de-Lomas-de-Zamo-300x172.jpg 300w, https:\/\/www.elsindical.com.ar\/notas\/var\/www\/html\/notas\/wp-content\/uploads\/2010\/08\/Tribunales-de-Lomas-de-Zamo.jpg 413w\" sizes=\"auto, (max-width: 300px) 100vw, 300px\" \/><\/a>Los magistrados, de Lomas de Zamora, son investigados por la Suprema Corte de Justicia bonaerense.El periodista Gustavo Carabajal dijo que se los relaciona con hechos delictivos en los que las v\u00edctimas fueron asaltadas despu\u00e9s de que cobraron en el juzgado indemnizaciones por despidos.Los montos estimados de las maniobras alcanzar\u00eda a los 500 mil pesos.<\/em><\/p>\n<p style=\"text-align: justify;\">Los jueces son investigados por la Suprema Corte de Justicia y por una fiscal. Los magistrados, fueron denunciados por un auxiliar el juzgado porque supuestamente ordenaban pagar cheques de juicios con remanentes de subastas o expedientes paralizados a falsos beneficiarios, que cobraban los cheques con DNI ap\u00f3crifos y luego dejaban el dinero en un sobre en un escritorio del juzgado.<\/p>\n<p>En total habr\u00edan cobrado 74 cheques por un valor total de 500.000 pesos y la investigaci\u00f3n ya llevar\u00eda cerca de cinco a\u00f1os.<\/p>\n<p>El periodista Gustavo Carabajal destac\u00f3 que los esc\u00e1ndalos en el Departamento Judicial Lomas de Zamora no son nuevos, ya que en los \u00faltimos d\u00edas, la Suprema Corte de Justicia acus\u00f3 al juez en lo Civil y Comercial, Julio C\u00e9sar Palacios, por una serie de irregularidades cometidas en su juzgado con el sorteo de expedientes y el favorecimiento de expedientes a abogados y a peritos que ten\u00edan relaci\u00f3n con ese magistrado.<\/p>\n<p>El dato dice que ambos jueces \u00abestar\u00edan involucrados en una serie de hechos delictivos.<\/p>\n<p style=\"text-align: justify;\">\u00abDurante los \u00faltimos meses de 2010 se han producido \u201csalideras judiciales\u201d en el Tribunal de Trabajo N\u00b0 1, de Lomas de Zamora. He tomado conocimiento de que ciertos demandantes han sido v\u00edctimas de robo de dinero cobrado en expedientes que tramitan ante dicho \u00f3rgano jurisdiccional, ya sea por audiencia de pago, como por libranzas judiciales. Cuando llegaban a su domicilios, esas personas que cobraron el dinero en el juzgado fueron interceptadas\u00bb, expres\u00f3 Walter Bogado, quien se desempe\u00f1aba como auxiliar letrado en el juzgado que estaba a cargo de los magistrados Fernando Galigniana y Guillermo Baloira.<\/p>\n<p>Un colaborador de los magistrados explic\u00f3 que la presentaci\u00f3n de Bogado podr\u00eda haber sido motivada como represalia contra los jueces Galigniana y Baloira porque lo denunciaron por una supuesta defraudaci\u00f3n con 74 cheques que se habr\u00edan cobrado en una maniobra que incluy\u00f3 la falsificaci\u00f3n de firmas y de DNI para cobrar dinero de expedientes en los que hab\u00eda remanentes de subastas y que estaban paralizadas.<\/p>\n<p>Bogado estuvo preso durante nueve meses por la denuncia que le hicieron los dos magistrados y fue procesado con una cauci\u00f3n de 200.000 pesos.<\/p>\n<p>Cuando sali\u00f3 de la c\u00e1rcel, denunci\u00f3 a los jueces por su presunta vinculaci\u00f3n con las denominadas salideras judiciales. Ni Devoto, ni el fiscal que lo reemplaz\u00f3: Jos\u00e9 Luis Ju\u00e1rez, habr\u00edan revisado si lo que dijo Bogado en su declaraci\u00f3n sobre los jueces era cierto.<\/p>\n<p>En la resoluci\u00f3n de la C\u00e1mara de Casaci\u00f3n Penal bonaerense, que dispuso la cauci\u00f3n juratoria para Bogado en lugar de la fianza de 200.000 pesos fijada por la C\u00e1mara de Apelaciones y Garant\u00edas de Lomas de Zamora, los camaristas dijeron que existir\u00edan otros sospechosos.<\/p>\n","protected":false},"excerpt":{"rendered":"<p>Los magistrados, de Lomas de Zamora, son investigados por la Suprema Corte de Justicia bonaerense.El periodista Gustavo Carabajal dijo que se los relaciona con hechos delictivos en los que las v\u00edctimas fueron asaltadas despu\u00e9s de que cobraron en el juzgado indemnizaciones por despidos.Los montos estimados de las maniobras alcanzar\u00eda a los 500 mil pesos. Los&hellip;<\/p>\n","protected":false},"author":1,"featured_media":0,"comment_status":"open","ping_status":"open","sticky":false,"template":"","format":"standard","meta":{"footnotes":""},"categories":[20],"tags":[4621,175,22024,1056,744,3415],"class_list":["post-14469","post","type-post","status-publish","format-standard","hentry","category-judiciales","tag-corte-bonaerense","tag-denuncia","tag-investigacion","tag-jueces","tag-lomas-de-zamora","tag-salideras"],"_links":{"self":[{"href":"https:\/\/www.elsindical.com.ar\/notas\/wp-json\/wp\/v2\/posts\/14469","targetHints":{"allow":["GET"]}}],"collection":[{"href":"https:\/\/www.elsindical.com.ar\/notas\/wp-json\/wp\/v2\/posts"}],"about":[{"href":"https:\/\/www.elsindical.com.ar\/notas\/wp-json\/wp\/v2\/types\/post"}],"author":[{"embeddable":true,"href":"https:\/\/www.elsindical.com.ar\/notas\/wp-json\/wp\/v2\/users\/1"}],"replies":[{"embeddable":true,"href":"https:\/\/www.elsindical.com.ar\/notas\/wp-json\/wp\/v2\/comments?post=14469"}],"version-history":[{"count":1,"href":"https:\/\/www.elsindical.com.ar\/notas\/wp-json\/wp\/v2\/posts\/14469\/revisions"}],"predecessor-version":[{"id":14470,"href":"https:\/\/www.elsindical.com.ar\/notas\/wp-json\/wp\/v2\/posts\/14469\/revisions\/14470"}],"wp:attachment":[{"href":"https:\/\/www.elsindical.com.ar\/notas\/wp-json\/wp\/v2\/media?parent=14469"}],"wp:term":[{"taxonomy":"category","embeddable":true,"href":"https:\/\/www.elsindical.com.ar\/notas\/wp-json\/wp\/v2\/categories?post=14469"},{"taxonomy":"post_tag","embeddable":true,"href":"https:\/\/www.elsindical.com.ar\/notas\/wp-json\/wp\/v2\/tags?post=14469"}],"curies":[{"name":"wp","href":"https:\/\/api.w.org\/{rel}","templated":true}]}}