{"id":14453,"date":"2011-05-25T01:03:04","date_gmt":"2011-05-25T04:03:04","guid":{"rendered":"http:\/\/www.elsindical.com.ar\/notas\/?p=14453"},"modified":"2011-05-25T01:03:04","modified_gmt":"2011-05-25T04:03:04","slug":"renuncio-el-vocero-del-ministro-montenegro","status":"publish","type":"post","link":"https:\/\/www.elsindical.com.ar\/notas\/renuncio-el-vocero-del-ministro-montenegro\/","title":{"rendered":"Renunci\u00f3 el vocero del ministro Montenegro"},"content":{"rendered":"<p style=\"text-align: justify;\"><em><a href=\"http:\/\/www.elsindical.com.ar\/notas\/var\/www\/html\/notas\/wp-content\/uploads\/2011\/05\/Jos\u00e9-Luis-Lamanna.jpg\"><img loading=\"lazy\" decoding=\"async\" class=\"alignleft size-medium wp-image-14454\" title=\"Jos\u00e9-Luis-Lamanna\" src=\"http:\/\/www.elsindical.com.ar\/notas\/var\/www\/html\/notas\/wp-content\/uploads\/2011\/05\/Jos\u00e9-Luis-Lamanna-300x225.jpg\" alt=\"\" width=\"300\" height=\"225\" srcset=\"https:\/\/www.elsindical.com.ar\/notas\/var\/www\/html\/notas\/wp-content\/uploads\/2011\/05\/Jos\u00e9-Luis-Lamanna-300x225.jpg 300w, https:\/\/www.elsindical.com.ar\/notas\/var\/www\/html\/notas\/wp-content\/uploads\/2011\/05\/Jos\u00e9-Luis-Lamanna.jpg 325w\" sizes=\"auto, (max-width: 300px) 100vw, 300px\" \/><\/a>El secretario general del gobierno porte\u00f1o, Marcos Pe\u00f1a, inform\u00f3\u00a0en su cuenta de Twitter que el ministro de Seguridad, Guillermo Montenegro, le pidi\u00f3 la renuncia a su vocero, Jos\u00e9 Luis Lamanna, por sus expresiones sobre la candidatura a legislador de Juan Cabandi\u00e9. En tanto, el secretario de Medios de la Ciudad, Miguel de Godoy, confirm\u00f3, tambi\u00e9n por esa red social, que \u00abse le pidi\u00f3 la renuncia (a Lamanna) y ya la present\u00f3\u00bb.<\/em><\/p>\n<p style=\"text-align: justify;\">\u00abMontenegro le pidi\u00f3 la renuncia a su vocero Lamanna por no compartir ni \u00e9l ni el Pro sus expresiones sobre Cabandi\u00e9 y los DD.HH.\u00bb, hab\u00eda dicho Pe\u00f1a a trav\u00e9s de Twitter esta ma\u00f1ana. Agreg\u00f3 en otro posteo que Montenegro \u00abtambi\u00e9n se comunic\u00f3 con Cabandi\u00e9 para pedirle disculpas\u00bb.<\/p>\n<p style=\"text-align: justify;\">Esta ma\u00f1ana, el jefe de Gabinete, An\u00edbal Fern\u00e1ndez, repudi\u00f3 las expresiones de Lamanna sobre la candidatura de Cabandi\u00e9 y su condici\u00f3n de hijo de desaparecidos, y sostuvo que \u00abel PRO ha sido coherente al designar a fascistas, antisemitas y personeros del terrorismo de Estado\u00bb. \u00abHorribles declaraciones de JL Lamanna, vocero de Montenegro en la CABA, respecto de la candidatura a Diputado de la Ciudad, de Juan Cabandi\u00e9\u00bb, poste\u00f3 temprano Fern\u00e1ndez en su cuenta de Twitter.<\/p>\n<p style=\"text-align: justify;\">De esta forma, se refiri\u00f3 a Jos\u00e9 Luis Lamanna, portavoz del ministro de Seguridad, Guillermo Montenegro, quien el s\u00e1bado twitte\u00f3: \u00abCABANDIE&#8230;\u00bf\u00bf\u00bfCUANDO MILITASTE???&#8230;CUANTOS CARTELES PEGASTE&#8230;\u00bfBUEN NEGICIO TRABAJAR DE NIETO RECUPERADO, NO?\u00bb (sic). \u00abEs un buen negocio trabajar de nieto recuperado. Adem\u00e1s sostuvo que los juicios por Derechos Humanos son una `industria\u00b4 y un `negocio\u00b4\u00bb, record\u00f3 esta ma\u00f1ana An\u00edbal Fern\u00e1ndez sobre lo publicado por el vocero del funcionario del gobierno macrista.<\/p>\n<p style=\"text-align: justify;\">En su \u00faltimo posteo sobre el tema, el ministro coordinador concluy\u00f3: \u00abIncre\u00edble pero el PRO, ha sido coherente al designar a fascistas, antisemitas y personeros del terrorismo de Estado\u00bb.<\/p>\n<p style=\"text-align: justify;\">Ayer, la vicepresidenta del Instituto Nacional contra la Discriminaci\u00f3n, la Xenofobia y el Racismo (INADI), Mar\u00eda Rachid, consider\u00f3 \u00abgraves\u00bb y \u00abpreocupantes\u00bb las declaraciones de Lamanna. \u201cEn el contexto del fin de la impunidad, a trav\u00e9s el enjuiciamiento de los responsables intelectuales y materiales de los delitos de lesa humanidad cometidos durante la \u00faltima dictadura, las palabras de Lamanna constituyen un terrible agravio discriminatorio para Juan, para todas las v\u00edctimas de esa terrible etapa de nuestra historia y para la sociedad argentina\u00bb, se\u00f1al\u00f3.<\/p>\n<p style=\"text-align: justify;\">En ese marco, a trav\u00e9s de un comunicado, la funcionaria a\u00f1adi\u00f3: \u00abReferirse a las causas por desapariciones forzadas, torturas, robo de beb\u00e9s y asesinatos como \u2018un negocio\u2019 me parece aberrante y una falta de respeto a la heroica resistencia de las organizaciones de Derechos Humanos y del pueblo argentino\u201d.<\/p>\n<p style=\"text-align: justify;\">Tras sus pol\u00e9micas declaraciones y ante los cuestionamientos que recibi\u00f3 de inmediato en la red social, el mismo s\u00e1bado Lamanna public\u00f3: \u00abPido disculpas si alguno se sinti\u00f3 ofendido, no era la intenci\u00f3n, a veces me apasiono demasiado, como cualquiera\u00bb.<\/p>\n","protected":false},"excerpt":{"rendered":"<p>El secretario general del gobierno porte\u00f1o, Marcos Pe\u00f1a, inform\u00f3\u00a0en su cuenta de Twitter que el ministro de Seguridad, Guillermo Montenegro, le pidi\u00f3 la renuncia a su vocero, Jos\u00e9 Luis Lamanna, por sus expresiones sobre la candidatura a legislador de Juan Cabandi\u00e9. En tanto, el secretario de Medios de la Ciudad, Miguel de Godoy, confirm\u00f3, tambi\u00e9n&hellip;<\/p>\n","protected":false},"author":1,"featured_media":0,"comment_status":"open","ping_status":"open","sticky":false,"template":"","format":"standard","meta":{"footnotes":""},"categories":[13],"tags":[1765,476,673,763,6984,6983,4953,6985],"class_list":["post-14453","post","type-post","status-publish","format-standard","hentry","category-politica","tag-ddhh","tag-discriminacion","tag-guillermo-montenegro","tag-inadi","tag-jose-luis-lamanna","tag-juan-cabandie","tag-marcos-pena","tag-maria-rachid"],"_links":{"self":[{"href":"https:\/\/www.elsindical.com.ar\/notas\/wp-json\/wp\/v2\/posts\/14453","targetHints":{"allow":["GET"]}}],"collection":[{"href":"https:\/\/www.elsindical.com.ar\/notas\/wp-json\/wp\/v2\/posts"}],"about":[{"href":"https:\/\/www.elsindical.com.ar\/notas\/wp-json\/wp\/v2\/types\/post"}],"author":[{"embeddable":true,"href":"https:\/\/www.elsindical.com.ar\/notas\/wp-json\/wp\/v2\/users\/1"}],"replies":[{"embeddable":true,"href":"https:\/\/www.elsindical.com.ar\/notas\/wp-json\/wp\/v2\/comments?post=14453"}],"version-history":[{"count":1,"href":"https:\/\/www.elsindical.com.ar\/notas\/wp-json\/wp\/v2\/posts\/14453\/revisions"}],"predecessor-version":[{"id":14455,"href":"https:\/\/www.elsindical.com.ar\/notas\/wp-json\/wp\/v2\/posts\/14453\/revisions\/14455"}],"wp:attachment":[{"href":"https:\/\/www.elsindical.com.ar\/notas\/wp-json\/wp\/v2\/media?parent=14453"}],"wp:term":[{"taxonomy":"category","embeddable":true,"href":"https:\/\/www.elsindical.com.ar\/notas\/wp-json\/wp\/v2\/categories?post=14453"},{"taxonomy":"post_tag","embeddable":true,"href":"https:\/\/www.elsindical.com.ar\/notas\/wp-json\/wp\/v2\/tags?post=14453"}],"curies":[{"name":"wp","href":"https:\/\/api.w.org\/{rel}","templated":true}]}}