{"id":144444,"date":"2026-05-03T12:26:47","date_gmt":"2026-05-03T15:26:47","guid":{"rendered":"https:\/\/www.elsindical.com.ar\/notas\/?p=144444"},"modified":"2026-05-03T12:26:54","modified_gmt":"2026-05-03T15:26:54","slug":"bahia-blanca-representantes-de-lla-fueron-a-la-justicia-para-impedir-un-recital-de-chicas-nitro","status":"publish","type":"post","link":"https:\/\/www.elsindical.com.ar\/notas\/bahia-blanca-representantes-de-lla-fueron-a-la-justicia-para-impedir-un-recital-de-chicas-nitro\/","title":{"rendered":"Bah\u00eda Blanca: Representantes de LLA fueron a la justicia para impedir un recital de Chicas Nitro"},"content":{"rendered":"<div class=\"wp-block-image\">\n<figure class=\"aligncenter size-large is-resized\"><a href=\"https:\/\/www.elsindical.com.ar\/notas\/var\/www\/html\/notas\/wp-content\/uploads\/2026\/05\/Chicas-nitro-1.jpg\"><img loading=\"lazy\" decoding=\"async\" width=\"1024\" height=\"1024\" src=\"https:\/\/www.elsindical.com.ar\/notas\/var\/www\/html\/notas\/wp-content\/uploads\/2026\/05\/Chicas-nitro-1-1024x1024.jpg\" alt=\"\" class=\"wp-image-144445\" style=\"width:674px;height:auto\" srcset=\"https:\/\/www.elsindical.com.ar\/notas\/var\/www\/html\/notas\/wp-content\/uploads\/2026\/05\/Chicas-nitro-1-1024x1024.jpg 1024w, https:\/\/www.elsindical.com.ar\/notas\/var\/www\/html\/notas\/wp-content\/uploads\/2026\/05\/Chicas-nitro-1-300x300.jpg 300w, https:\/\/www.elsindical.com.ar\/notas\/var\/www\/html\/notas\/wp-content\/uploads\/2026\/05\/Chicas-nitro-1-150x150.jpg 150w, https:\/\/www.elsindical.com.ar\/notas\/var\/www\/html\/notas\/wp-content\/uploads\/2026\/05\/Chicas-nitro-1-768x768.jpg 768w, https:\/\/www.elsindical.com.ar\/notas\/var\/www\/html\/notas\/wp-content\/uploads\/2026\/05\/Chicas-nitro-1-50x50.jpg 50w, https:\/\/www.elsindical.com.ar\/notas\/var\/www\/html\/notas\/wp-content\/uploads\/2026\/05\/Chicas-nitro-1.jpg 1440w\" sizes=\"auto, (max-width: 1024px) 100vw, 1024px\" \/><\/a><\/figure>\n<\/div>\n\n\n<p>Representantes del gobierno nacional en Bah\u00eda Blanca presentaron una denuncia en la justicia por el flyer de la banda que anunciaba su fecha para este s\u00e1bado. En el mismo dec\u00eda <strong>\u00abqueremos la cabeza del presiden de la naci\u00f3n decapitada y colgada en la plaza Rivadavia\u00bb.<\/strong><\/p>\n\n\n\n<p>Est\u00e1 ma\u00f1ana la denuncia fue presetanda junto con la advertencia de pintadas en un local partidario de LLA.<\/p>\n\n\n\n<p>La banda fue notificada de la situaci\u00f3n y decidieron suspender la fecha prevista para el d\u00eda de hoy. En redes sociales comunicaron <strong>\u00aben Argentina no existe la libertad de expresi\u00f3n, es un mito y m\u00e1s a\u00fan en una ciudad como Bah\u00eda Blanca\u00bb<\/strong><\/p>\n\n\n\n<figure class=\"wp-block-image size-large\"><a href=\"https:\/\/www.elsindical.com.ar\/notas\/var\/www\/html\/notas\/wp-content\/uploads\/2026\/05\/Chicas-nitro-2.jpg\"><img loading=\"lazy\" decoding=\"async\" width=\"1024\" height=\"1024\" src=\"https:\/\/www.elsindical.com.ar\/notas\/var\/www\/html\/notas\/wp-content\/uploads\/2026\/05\/Chicas-nitro-2-1024x1024.jpg\" alt=\"\" class=\"wp-image-144446\" srcset=\"https:\/\/www.elsindical.com.ar\/notas\/var\/www\/html\/notas\/wp-content\/uploads\/2026\/05\/Chicas-nitro-2-1024x1024.jpg 1024w, https:\/\/www.elsindical.com.ar\/notas\/var\/www\/html\/notas\/wp-content\/uploads\/2026\/05\/Chicas-nitro-2-300x300.jpg 300w, https:\/\/www.elsindical.com.ar\/notas\/var\/www\/html\/notas\/wp-content\/uploads\/2026\/05\/Chicas-nitro-2-150x150.jpg 150w, https:\/\/www.elsindical.com.ar\/notas\/var\/www\/html\/notas\/wp-content\/uploads\/2026\/05\/Chicas-nitro-2-768x768.jpg 768w, https:\/\/www.elsindical.com.ar\/notas\/var\/www\/html\/notas\/wp-content\/uploads\/2026\/05\/Chicas-nitro-2-50x50.jpg 50w, https:\/\/www.elsindical.com.ar\/notas\/var\/www\/html\/notas\/wp-content\/uploads\/2026\/05\/Chicas-nitro-2.jpg 1440w\" sizes=\"auto, (max-width: 1024px) 100vw, 1024px\" \/><\/a><\/figure>\n\n\n\n<figure class=\"wp-block-image size-large\"><a href=\"https:\/\/www.elsindical.com.ar\/notas\/var\/www\/html\/notas\/wp-content\/uploads\/2026\/05\/LLA-Bahia-Blanca-1.jpg\"><img loading=\"lazy\" decoding=\"async\" width=\"1024\" height=\"1024\" src=\"https:\/\/www.elsindical.com.ar\/notas\/var\/www\/html\/notas\/wp-content\/uploads\/2026\/05\/LLA-Bahia-Blanca-1-1024x1024.jpg\" alt=\"\" class=\"wp-image-144447\" srcset=\"https:\/\/www.elsindical.com.ar\/notas\/var\/www\/html\/notas\/wp-content\/uploads\/2026\/05\/LLA-Bahia-Blanca-1-1024x1024.jpg 1024w, https:\/\/www.elsindical.com.ar\/notas\/var\/www\/html\/notas\/wp-content\/uploads\/2026\/05\/LLA-Bahia-Blanca-1-300x300.jpg 300w, https:\/\/www.elsindical.com.ar\/notas\/var\/www\/html\/notas\/wp-content\/uploads\/2026\/05\/LLA-Bahia-Blanca-1-150x150.jpg 150w, https:\/\/www.elsindical.com.ar\/notas\/var\/www\/html\/notas\/wp-content\/uploads\/2026\/05\/LLA-Bahia-Blanca-1-768x768.jpg 768w, https:\/\/www.elsindical.com.ar\/notas\/var\/www\/html\/notas\/wp-content\/uploads\/2026\/05\/LLA-Bahia-Blanca-1-50x50.jpg 50w, https:\/\/www.elsindical.com.ar\/notas\/var\/www\/html\/notas\/wp-content\/uploads\/2026\/05\/LLA-Bahia-Blanca-1.jpg 1440w\" sizes=\"auto, (max-width: 1024px) 100vw, 1024px\" \/><\/a><\/figure>\n\n\n\n<figure class=\"wp-block-embed is-type-video is-provider-youtube wp-block-embed-youtube wp-embed-aspect-16-9 wp-has-aspect-ratio\"><div class=\"wp-block-embed__wrapper\">\n<iframe loading=\"lazy\" title=\"chicas nitro - NEWGEN (regrabaci\u00f3n demo 2025)\" width=\"700\" height=\"394\" src=\"https:\/\/www.youtube.com\/embed\/1btYzzf8Ym4?feature=oembed\" frameborder=\"0\" allow=\"accelerometer; autoplay; clipboard-write; encrypted-media; gyroscope; picture-in-picture; web-share\" referrerpolicy=\"strict-origin-when-cross-origin\" allowfullscreen><\/iframe>\n<\/div><\/figure>\n","protected":false},"excerpt":{"rendered":"<p>Representantes del gobierno nacional en Bah\u00eda Blanca presentaron una denuncia en la justicia por el flyer de la banda que anunciaba su fecha para este s\u00e1bado. En el mismo dec\u00eda \u00abqueremos la cabeza del presiden de la naci\u00f3n decapitada y colgada en la plaza Rivadavia\u00bb. Est\u00e1 ma\u00f1ana la denuncia fue presetanda junto con la advertencia&hellip;<\/p>\n","protected":false},"author":1,"featured_media":144445,"comment_status":"open","ping_status":"open","sticky":false,"template":"","format":"standard","meta":{"footnotes":""},"categories":[15,13,25],"tags":[365,47369,28812,40628,719],"class_list":["post-144444","post","type-post","status-publish","format-standard","has-post-thumbnail","hentry","category-espectaculos","category-politica","category-sociedad","tag-bahia-blanca","tag-chicas-nitro","tag-javier-milei","tag-lla","tag-recital"],"_links":{"self":[{"href":"https:\/\/www.elsindical.com.ar\/notas\/wp-json\/wp\/v2\/posts\/144444","targetHints":{"allow":["GET"]}}],"collection":[{"href":"https:\/\/www.elsindical.com.ar\/notas\/wp-json\/wp\/v2\/posts"}],"about":[{"href":"https:\/\/www.elsindical.com.ar\/notas\/wp-json\/wp\/v2\/types\/post"}],"author":[{"embeddable":true,"href":"https:\/\/www.elsindical.com.ar\/notas\/wp-json\/wp\/v2\/users\/1"}],"replies":[{"embeddable":true,"href":"https:\/\/www.elsindical.com.ar\/notas\/wp-json\/wp\/v2\/comments?post=144444"}],"version-history":[{"count":1,"href":"https:\/\/www.elsindical.com.ar\/notas\/wp-json\/wp\/v2\/posts\/144444\/revisions"}],"predecessor-version":[{"id":144448,"href":"https:\/\/www.elsindical.com.ar\/notas\/wp-json\/wp\/v2\/posts\/144444\/revisions\/144448"}],"wp:featuredmedia":[{"embeddable":true,"href":"https:\/\/www.elsindical.com.ar\/notas\/wp-json\/wp\/v2\/media\/144445"}],"wp:attachment":[{"href":"https:\/\/www.elsindical.com.ar\/notas\/wp-json\/wp\/v2\/media?parent=144444"}],"wp:term":[{"taxonomy":"category","embeddable":true,"href":"https:\/\/www.elsindical.com.ar\/notas\/wp-json\/wp\/v2\/categories?post=144444"},{"taxonomy":"post_tag","embeddable":true,"href":"https:\/\/www.elsindical.com.ar\/notas\/wp-json\/wp\/v2\/tags?post=144444"}],"curies":[{"name":"wp","href":"https:\/\/api.w.org\/{rel}","templated":true}]}}