{"id":144427,"date":"2026-05-02T00:24:59","date_gmt":"2026-05-02T03:24:59","guid":{"rendered":"https:\/\/www.elsindical.com.ar\/notas\/?p=144427"},"modified":"2026-05-02T00:25:06","modified_gmt":"2026-05-02T03:25:06","slug":"la-critica-situacion-del-cottolengo-don-orione-pide-donaciones","status":"publish","type":"post","link":"https:\/\/www.elsindical.com.ar\/notas\/la-critica-situacion-del-cottolengo-don-orione-pide-donaciones\/","title":{"rendered":"La cr\u00edtica situaci\u00f3n del Cottolengo Don Orione: pide donaciones"},"content":{"rendered":"<div class=\"wp-block-image\">\n<figure class=\"aligncenter size-full\"><a href=\"https:\/\/www.elsindical.com.ar\/notas\/var\/www\/html\/notas\/wp-content\/uploads\/2026\/05\/donaciones-Cotolengo-Don-Orione-Claypole.jpg\"><img loading=\"lazy\" decoding=\"async\" width=\"700\" height=\"394\" src=\"https:\/\/www.elsindical.com.ar\/notas\/var\/www\/html\/notas\/wp-content\/uploads\/2026\/05\/donaciones-Cotolengo-Don-Orione-Claypole.jpg\" alt=\"\" class=\"wp-image-144428\" srcset=\"https:\/\/www.elsindical.com.ar\/notas\/var\/www\/html\/notas\/wp-content\/uploads\/2026\/05\/donaciones-Cotolengo-Don-Orione-Claypole.jpg 700w, https:\/\/www.elsindical.com.ar\/notas\/var\/www\/html\/notas\/wp-content\/uploads\/2026\/05\/donaciones-Cotolengo-Don-Orione-Claypole-300x169.jpg 300w, https:\/\/www.elsindical.com.ar\/notas\/var\/www\/html\/notas\/wp-content\/uploads\/2026\/05\/donaciones-Cotolengo-Don-Orione-Claypole-460x260.jpg 460w\" sizes=\"auto, (max-width: 700px) 100vw, 700px\" \/><\/a><\/figure>\n<\/div>\n\n\n<p>\u00abEmergencia en discapacidad\u00bb. El llamado del Cottolengo Don Orione de Claypole frente al brutal ajuste del Gobierno.<\/p>\n\n\n\n<p><strong>El Cottolengo Don Orione de Claypole, en el que residen y al que asisten personas con discapacidad en situaci\u00f3n de extrema vulnerabilidad, atraviesa una situaci\u00f3n cr\u00edtica<\/strong> y lanz\u00f3 una campa\u00f1a de donaciones para seguir adelante.<\/p>\n\n\n\n<p>Ubicado en la avenida Lacaze 3963 de Claypole, partido de Almirante Brown, el Cottolengo advirti\u00f3 que sobre la \u201cemergencia en discapacidad\u201d. <strong>\u201cSi deseas y pod\u00e9s sumarte a nuestra familia del Peque\u00f1o Cottolengo, ayudarnos a seguir brindando Dignidad y Amor\u201d<\/strong>, convoca.<\/p>\n\n\n\n<p>\u201c<strong>Tu aporte ser\u00e1 destinado a continuar brindando las necesidades b\u00e1sicas y apoyos necesarios de nuestros residentes de los hogares (410 PcD) y concurrentes externos (140 PcD), recibidos en el Centro Educativo Terap\u00e9utico y la Escuela Especial<\/strong>\u201c, informa la insituci\u00f3n.<\/p>\n\n\n\n<p>Desde la organizaci\u00f3n recuerdan que \u201cDon Orione concibi\u00f3 la obra del Peque\u00f1o Cottolengo como un aut\u00e9ntico proyecto de inclusi\u00f3n social, con la profunda convicci\u00f3n que <strong>no pod\u00eda haber personas desechables, ni vidas sobrantes\u201d.&nbsp;<\/strong><\/p>\n\n\n<div class=\"wp-block-image\">\n<figure class=\"aligncenter size-full\"><a href=\"https:\/\/www.elsindical.com.ar\/notas\/var\/www\/html\/notas\/wp-content\/uploads\/2026\/05\/campala-solidaria-Cotolendo-Don-Orione-Claypole.jpg\"><img loading=\"lazy\" decoding=\"async\" width=\"768\" height=\"960\" src=\"https:\/\/www.elsindical.com.ar\/notas\/var\/www\/html\/notas\/wp-content\/uploads\/2026\/05\/campala-solidaria-Cotolendo-Don-Orione-Claypole.jpg\" alt=\"\" class=\"wp-image-144429\" srcset=\"https:\/\/www.elsindical.com.ar\/notas\/var\/www\/html\/notas\/wp-content\/uploads\/2026\/05\/campala-solidaria-Cotolendo-Don-Orione-Claypole.jpg 768w, https:\/\/www.elsindical.com.ar\/notas\/var\/www\/html\/notas\/wp-content\/uploads\/2026\/05\/campala-solidaria-Cotolendo-Don-Orione-Claypole-240x300.jpg 240w\" sizes=\"auto, (max-width: 768px) 100vw, 768px\" \/><\/a><\/figure>\n<\/div>","protected":false},"excerpt":{"rendered":"<p>\u00abEmergencia en discapacidad\u00bb. El llamado del Cottolengo Don Orione de Claypole frente al brutal ajuste del Gobierno. El Cottolengo Don Orione de Claypole, en el que residen y al que asisten personas con discapacidad en situaci\u00f3n de extrema vulnerabilidad, atraviesa una situaci\u00f3n cr\u00edtica y lanz\u00f3 una campa\u00f1a de donaciones para seguir adelante. Ubicado en la&hellip;<\/p>\n","protected":false},"author":1,"featured_media":144428,"comment_status":"open","ping_status":"open","sticky":false,"template":"","format":"standard","meta":{"footnotes":""},"categories":[25,26],"tags":[18888,47362,2450,12580,21028,4758],"class_list":["post-144427","post","type-post","status-publish","format-standard","has-post-thumbnail","hentry","category-sociedad","category-solidaridad","tag-claypole","tag-cotolengo-don-orione","tag-diario-el-sindical","tag-donaciones","tag-jornada-solidaria","tag-solidaridad-2"],"_links":{"self":[{"href":"https:\/\/www.elsindical.com.ar\/notas\/wp-json\/wp\/v2\/posts\/144427","targetHints":{"allow":["GET"]}}],"collection":[{"href":"https:\/\/www.elsindical.com.ar\/notas\/wp-json\/wp\/v2\/posts"}],"about":[{"href":"https:\/\/www.elsindical.com.ar\/notas\/wp-json\/wp\/v2\/types\/post"}],"author":[{"embeddable":true,"href":"https:\/\/www.elsindical.com.ar\/notas\/wp-json\/wp\/v2\/users\/1"}],"replies":[{"embeddable":true,"href":"https:\/\/www.elsindical.com.ar\/notas\/wp-json\/wp\/v2\/comments?post=144427"}],"version-history":[{"count":1,"href":"https:\/\/www.elsindical.com.ar\/notas\/wp-json\/wp\/v2\/posts\/144427\/revisions"}],"predecessor-version":[{"id":144430,"href":"https:\/\/www.elsindical.com.ar\/notas\/wp-json\/wp\/v2\/posts\/144427\/revisions\/144430"}],"wp:featuredmedia":[{"embeddable":true,"href":"https:\/\/www.elsindical.com.ar\/notas\/wp-json\/wp\/v2\/media\/144428"}],"wp:attachment":[{"href":"https:\/\/www.elsindical.com.ar\/notas\/wp-json\/wp\/v2\/media?parent=144427"}],"wp:term":[{"taxonomy":"category","embeddable":true,"href":"https:\/\/www.elsindical.com.ar\/notas\/wp-json\/wp\/v2\/categories?post=144427"},{"taxonomy":"post_tag","embeddable":true,"href":"https:\/\/www.elsindical.com.ar\/notas\/wp-json\/wp\/v2\/tags?post=144427"}],"curies":[{"name":"wp","href":"https:\/\/api.w.org\/{rel}","templated":true}]}}