{"id":144418,"date":"2026-05-01T17:52:57","date_gmt":"2026-05-01T20:52:57","guid":{"rendered":"https:\/\/www.elsindical.com.ar\/notas\/?p=144418"},"modified":"2026-05-01T18:12:44","modified_gmt":"2026-05-01T21:12:44","slug":"ofelia-fernandez-celebro-la-victoria-judicial-contra-el-tuitero-que-la-amenazo-de-muerte-el-que-las-hace-las-paga","status":"publish","type":"post","link":"https:\/\/www.elsindical.com.ar\/notas\/ofelia-fernandez-celebro-la-victoria-judicial-contra-el-tuitero-que-la-amenazo-de-muerte-el-que-las-hace-las-paga\/","title":{"rendered":"Ofelia Fern\u00e1ndez celebr\u00f3 la victoria judicial contra el tuitero que la amenaz\u00f3 de muerte: \u00abEl que las hace las paga\u00bb"},"content":{"rendered":"<div class=\"wp-block-image\">\n<figure class=\"aligncenter size-full\"><a href=\"https:\/\/www.elsindical.com.ar\/notas\/var\/www\/html\/notas\/wp-content\/uploads\/2026\/05\/Ofelia-Fernandez.webp\"><img loading=\"lazy\" decoding=\"async\" width=\"610\" height=\"441\" src=\"https:\/\/www.elsindical.com.ar\/notas\/var\/www\/html\/notas\/wp-content\/uploads\/2026\/05\/Ofelia-Fernandez.webp\" alt=\"\" class=\"wp-image-144419\" srcset=\"https:\/\/www.elsindical.com.ar\/notas\/var\/www\/html\/notas\/wp-content\/uploads\/2026\/05\/Ofelia-Fernandez.webp 610w, https:\/\/www.elsindical.com.ar\/notas\/var\/www\/html\/notas\/wp-content\/uploads\/2026\/05\/Ofelia-Fernandez-300x217.webp 300w\" sizes=\"auto, (max-width: 610px) 100vw, 610px\" \/><\/a><\/figure>\n<\/div>\n\n\n<p>La exlegisladora porte\u00f1a denunci\u00f3 a un joven libertario que intent\u00f3 amedrentarla v\u00eda X, y este jueves anunci\u00f3 qu\u00e9 pasar\u00e1 con \u00e9l y c\u00f3mo se cobrar\u00e1 sus disculpas.<\/p>\n\n\n\n<p id=\"p-1777589208074-75640\"><strong>Ofelia Fern\u00e1ndez nunca dej\u00f3 de ser un personaje controvertido<\/strong> dentro del mundillo pol\u00edtico desde que irrumpi\u00f3 en escena durante la toma de su colegio, el Pellegrini, hace unos 10 a\u00f1os. Pero detr\u00e1s de la imagen p\u00fablica hay una persona, y hasta la fecha la exlegisladora porte\u00f1a tiene que lidiar con amenazas de muerte como la que profiri\u00f3 un joven a trav\u00e9s de X.<\/p>\n\n\n\n<p id=\"p-1777589208074-43530\">\u00abLas cuento algo:<strong> hace un tiempo un libertario me amenaz\u00f3 de muerte en Twitter. Primero me asust\u00e9 e hice la denuncia con el equipo de abogados de Argentina Humana, y hoy eso se resolvi\u00f3<\/strong>\u00ab, anunci\u00f3 Fern\u00e1ndez, de 26 a\u00f1os, al compartir un video del tema a trav\u00e9s de su perfil en X con el t\u00edtulo \u00abEl que las hace las paga\u00bb, emulando a Patricia Bullrich.<\/p>\n\n\n\n<p>\u00abA este pendejo que se ha hecho llamar Thor-dorni, como una mezcla de Thor y Adorni, lo cual ya es pat\u00e9tico, <strong>no tuve \u00e1nimos de meterlo preso, y todo el deseo de disculparlo lo disculp\u00e9 a cambio de unos detalles<\/strong>\u00ab, revel\u00f3 Ofelia Fern\u00e1ndez antes de exponer en qu\u00e9 consiste su versi\u00f3n de la \u00abmano dura\u00bb contra la delincuencia.<\/p>\n\n\n\n<p id=\"p-1777589208074-62838\">\u00abEste muchacho<strong> va a pedir disculpas en una cuenta que tenga su nombre y su apellido<\/strong>. Va a tener que hacer un curso, una capacitaci\u00f3n en discursos de odio, y <strong>va a tener que poner una buena cantidad de guita en el Hospital Garrahan y otra buena cantidad de guita en un comedor comunitario<\/strong>\u00ab, enumer\u00f3.<\/p>\n\n\n\n<p id=\"p-1777589208074-38513\">La activista medi\u00e1tica comparti\u00f3 la \u00abmoraleja\u00bb del caso tras lograr que la Justicia respondiera a su favor en la causa por amenazas de muerte que le profiri\u00f3 el joven, de quien s\u00f3lo se sabe que se llamaba \u00abThordorni\u00bb en X y que es un tuitero libertario.<\/p>\n\n\n\n<p id=\"p-1777589208074-2423\"><strong>\u00abMoraleja: idealmente, no seas un violento pelot&#8230; porque si no pod\u00e9s con eso, sab\u00e9 que eso tiene un precio y el precio en este caso es que le devuelvas vos a los ni\u00f1os y ni\u00f1as de la Argentina la salud y la comida que les est\u00e1n sacando. Fin<\/strong>\u00ab, cerr\u00f3 Fern\u00e1ndez, haciendo uso de otra muletilla libertaria, la de Manuel Adorni.<\/p>\n\n\n\n<figure class=\"wp-block-embed is-type-video is-provider-youtube wp-block-embed-youtube wp-embed-aspect-16-9 wp-has-aspect-ratio\"><div class=\"wp-block-embed__wrapper\">\n<iframe loading=\"lazy\" title=\"Ofelia Fern\u00e1ndez celebro la condena al tuitero libertario que la amenaz\u00f3\" width=\"700\" height=\"394\" src=\"https:\/\/www.youtube.com\/embed\/l4cxinBBstI?feature=oembed\" frameborder=\"0\" allow=\"accelerometer; autoplay; clipboard-write; encrypted-media; gyroscope; picture-in-picture; web-share\" referrerpolicy=\"strict-origin-when-cross-origin\" allowfullscreen><\/iframe>\n<\/div><\/figure>\n","protected":false},"excerpt":{"rendered":"<p>La exlegisladora porte\u00f1a denunci\u00f3 a un joven libertario que intent\u00f3 amedrentarla v\u00eda X, y este jueves anunci\u00f3 qu\u00e9 pasar\u00e1 con \u00e9l y c\u00f3mo se cobrar\u00e1 sus disculpas. Ofelia Fern\u00e1ndez nunca dej\u00f3 de ser un personaje controvertido dentro del mundillo pol\u00edtico desde que irrumpi\u00f3 en escena durante la toma de su colegio, el Pellegrini, hace unos&hellip;<\/p>\n","protected":false},"author":1,"featured_media":144419,"comment_status":"open","ping_status":"open","sticky":false,"template":"","format":"standard","meta":{"footnotes":""},"categories":[20,13,25],"tags":[760,19212,47357,2450,47356,37978,47355,47358],"class_list":["post-144418","post","type-post","status-publish","format-standard","has-post-thumbnail","hentry","category-judiciales","category-politica","category-sociedad","tag-abogados","tag-amenazas-de-muerte","tag-argentina-humana","tag-diario-el-sindical","tag-libertario-tuitero","tag-ofelia-fernandez","tag-perfil-en-x","tag-thor-dorni"],"_links":{"self":[{"href":"https:\/\/www.elsindical.com.ar\/notas\/wp-json\/wp\/v2\/posts\/144418","targetHints":{"allow":["GET"]}}],"collection":[{"href":"https:\/\/www.elsindical.com.ar\/notas\/wp-json\/wp\/v2\/posts"}],"about":[{"href":"https:\/\/www.elsindical.com.ar\/notas\/wp-json\/wp\/v2\/types\/post"}],"author":[{"embeddable":true,"href":"https:\/\/www.elsindical.com.ar\/notas\/wp-json\/wp\/v2\/users\/1"}],"replies":[{"embeddable":true,"href":"https:\/\/www.elsindical.com.ar\/notas\/wp-json\/wp\/v2\/comments?post=144418"}],"version-history":[{"count":2,"href":"https:\/\/www.elsindical.com.ar\/notas\/wp-json\/wp\/v2\/posts\/144418\/revisions"}],"predecessor-version":[{"id":144421,"href":"https:\/\/www.elsindical.com.ar\/notas\/wp-json\/wp\/v2\/posts\/144418\/revisions\/144421"}],"wp:featuredmedia":[{"embeddable":true,"href":"https:\/\/www.elsindical.com.ar\/notas\/wp-json\/wp\/v2\/media\/144419"}],"wp:attachment":[{"href":"https:\/\/www.elsindical.com.ar\/notas\/wp-json\/wp\/v2\/media?parent=144418"}],"wp:term":[{"taxonomy":"category","embeddable":true,"href":"https:\/\/www.elsindical.com.ar\/notas\/wp-json\/wp\/v2\/categories?post=144418"},{"taxonomy":"post_tag","embeddable":true,"href":"https:\/\/www.elsindical.com.ar\/notas\/wp-json\/wp\/v2\/tags?post=144418"}],"curies":[{"name":"wp","href":"https:\/\/api.w.org\/{rel}","templated":true}]}}