{"id":144404,"date":"2026-05-01T00:29:28","date_gmt":"2026-05-01T03:29:28","guid":{"rendered":"https:\/\/www.elsindical.com.ar\/notas\/?p=144404"},"modified":"2026-05-01T00:29:35","modified_gmt":"2026-05-01T03:29:35","slug":"la-deuda-externa-argentina-es-la-mas-alta-de-la-historia-supero-los-483-830-millones-de-dolares-a-marzo-de-2026","status":"publish","type":"post","link":"https:\/\/www.elsindical.com.ar\/notas\/la-deuda-externa-argentina-es-la-mas-alta-de-la-historia-supero-los-483-830-millones-de-dolares-a-marzo-de-2026\/","title":{"rendered":"La deuda externa argentina es la m\u00e1s alta de la historia: Super\u00f3 los 483.830 millones de d\u00f3lares a marzo de 2026"},"content":{"rendered":"<div class=\"wp-block-image\">\n<figure class=\"aligncenter size-full\"><a href=\"https:\/\/www.elsindical.com.ar\/notas\/var\/www\/html\/notas\/wp-content\/uploads\/2025\/10\/Luis-Caputo-y-Javier-Milei-festejo-deuda.jpg\"><img loading=\"lazy\" decoding=\"async\" width=\"700\" height=\"394\" src=\"https:\/\/www.elsindical.com.ar\/notas\/var\/www\/html\/notas\/wp-content\/uploads\/2025\/10\/Luis-Caputo-y-Javier-Milei-festejo-deuda.jpg\" alt=\"\" class=\"wp-image-140542\" srcset=\"https:\/\/www.elsindical.com.ar\/notas\/var\/www\/html\/notas\/wp-content\/uploads\/2025\/10\/Luis-Caputo-y-Javier-Milei-festejo-deuda.jpg 700w, https:\/\/www.elsindical.com.ar\/notas\/var\/www\/html\/notas\/wp-content\/uploads\/2025\/10\/Luis-Caputo-y-Javier-Milei-festejo-deuda-300x169.jpg 300w, https:\/\/www.elsindical.com.ar\/notas\/var\/www\/html\/notas\/wp-content\/uploads\/2025\/10\/Luis-Caputo-y-Javier-Milei-festejo-deuda-460x260.jpg 460w\" sizes=\"auto, (max-width: 700px) 100vw, 700px\" \/><\/a><\/figure>\n<\/div>\n\n\n<p><strong>La deuda p\u00fablica super\u00f3 los 483.830 millones de d\u00f3lares. La deuda de corto plazo pas\u00f3 del 3,5% del total al 14%.<\/strong><\/p>\n\n\n\n<p>La deuda p\u00fablica volvi\u00f3 a marcar un r\u00e9cord y super\u00f3 los 483.830 millones de d\u00f3lares a marzo de 2026, lo que implica un incremento cercano al 30 por ciento desde diciembre de 2023, pese al discurso oficial que insiste en que la deuda no creci\u00f3. De acuerdo con el balance cambiario del Banco Central, durante esta gesti\u00f3n se registr\u00f3 un ingreso significativo de d\u00f3lares por deuda externa que no se tradujo en acumulaci\u00f3n de reservas ni en fortalecimiento de la econom\u00eda real.<\/p>\n\n\n\n<p>El economista Mart\u00edn Burgos, director de la consultora Lado B, se\u00f1ala que el eje del problema est\u00e1 en el destino de esos fondos, que lejos de apuntalar la econom\u00eda terminan alimentando la salida de divisas. \u00abEl Gobierno afirma que no tom\u00f3 deuda, pero los datos muestran que s\u00ed hubo ingreso de financiamiento externo, que se utiliz\u00f3 principalmente para cubrir compromisos financieros y fuga de capitales\u00bb, explica.<\/p>\n\n\n\n<p>De acuerdo con los datos actualizados a marzo de 2026, desde diciembre de 2023 ingresaron 47.000 millones de d\u00f3lares netos en concepto de deuda externa, incluyendo desembolsos de organismos internacionales, el Fondo Monetario Internacional y pr\u00e9stamos financieros.<\/p>\n\n\n\n<p>Pero en paralelo se registr\u00f3 una fuerte salida de divisas. La formaci\u00f3n de activos externos alcanz\u00f3 los 36.000 millones de d\u00f3lares, un proceso que se intensific\u00f3 tras la flexibilizaci\u00f3n de las restricciones cambiarias en abril de 2025, lo que refleja una creciente dolarizaci\u00f3n de carteras.<\/p>\n\n\n\n<p>A este esquema se suman los pagos de intereses de la deuda, en gran parte asociados a compromisos contra\u00eddos durante el gobierno de Mauricio Macri, y la reciente habilitaci\u00f3n de la remisi\u00f3n de utilidades al exterior. De este modo, los d\u00f3lares que ingresan por endeudamiento tienden a salir r\u00e1pidamente del sistema.<\/p>\n\n\n\n<p>El resultado es un circuito en el que el endeudamiento financia la fuga de capitales: los d\u00f3lares entran por una ventanilla y salen por la otra. Lejos de fortalecer la posici\u00f3n externa, el ingreso de divisas se convierte en un puente para financiar la salida, reproduciendo un esquema ya conocido en la econom\u00eda argentina.<\/p>\n\n\n\n<p>Este funcionamiento tiene un impacto directo sobre las reservas internacionales. A pesar del buen desempe\u00f1o exportador, las reservas brutas muestran una evoluci\u00f3n acotada y las reservas netas pr\u00e1cticamente no logran despegar.<\/p>\n\n\n\n<p>Uno de los factores que explica esta limitaci\u00f3n es la relaci\u00f3n entre dep\u00f3sitos en d\u00f3lares y reservas. La diferencia entre ambos se mantiene por debajo de los 8.000 millones de d\u00f3lares, un nivel similar al de 2023, lo que evidencia la dificultad estructural para acumular divisas genuinas.<\/p>\n\n\n\n<p>Los dep\u00f3sitos en d\u00f3lares, por su parte, tuvieron un fuerte impulso en 2024 a partir del blanqueo, que aport\u00f3 m\u00e1s de 20.000 millones de d\u00f3lares al sistema financiero. Sin embargo, parte de esos fondos se retir\u00f3 hacia fines de ese a\u00f1o, mostrando la fragilidad de ese crecimiento.<\/p>\n\n\n\n<p>Desde la flexibilizaci\u00f3n cambiaria de abril de 2025, los dep\u00f3sitos volvieron a crecer hasta ubicarse en torno a los 38.000 millones de d\u00f3lares. No obstante, ese aumento fue de aproximadamente 10.000 millones, muy por debajo de los 36.000 millones que se canalizaron hacia la formaci\u00f3n de activos externos.<\/p>\n\n\n\n<p>En paralelo, tambi\u00e9n se observa un cambio relevante en la composici\u00f3n de la deuda. El peso de los compromisos de corto plazo creci\u00f3 con fuerza: pas\u00f3 del 3,5 por ciento del total en diciembre de 2023 al 14 por ciento en marzo de 2026, lo que implica una fuerte concentraci\u00f3n de vencimientos en el corto plazo y un aumento del riesgo de refinanciamiento.<\/p>\n\n\n\n<p>La brecha entre el ingreso de deuda y la salida de capitales configura un escenario de mayor vulnerabilidad externa. En este marco, la econom\u00eda se sostiene sobre un esquema en el que la deuda crece al mismo tiempo que los d\u00f3lares se fugan, sin lograr consolidar una base s\u00f3lida de reservas ni reducir la vulnerabilidad externa, en un esquema que vuelve a mostrar l\u00edmites conocidos.<\/p>\n","protected":false},"excerpt":{"rendered":"<p>La deuda p\u00fablica super\u00f3 los 483.830 millones de d\u00f3lares. La deuda de corto plazo pas\u00f3 del 3,5% del total al 14%. La deuda p\u00fablica volvi\u00f3 a marcar un r\u00e9cord y super\u00f3 los 483.830 millones de d\u00f3lares a marzo de 2026, lo que implica un incremento cercano al 30 por ciento desde diciembre de 2023, pese&hellip;<\/p>\n","protected":false},"author":1,"featured_media":140542,"comment_status":"open","ping_status":"open","sticky":false,"template":"","format":"standard","meta":{"footnotes":""},"categories":[9,13],"tags":[25755,2450,22023,28812,24979,76],"class_list":["post-144404","post","type-post","status-publish","format-standard","has-post-thumbnail","hentry","category-economia","category-politica","tag-deuda-externa","tag-diario-el-sindical","tag-economia","tag-javier-milei","tag-luis-caputo","tag-mauricio-macri"],"_links":{"self":[{"href":"https:\/\/www.elsindical.com.ar\/notas\/wp-json\/wp\/v2\/posts\/144404","targetHints":{"allow":["GET"]}}],"collection":[{"href":"https:\/\/www.elsindical.com.ar\/notas\/wp-json\/wp\/v2\/posts"}],"about":[{"href":"https:\/\/www.elsindical.com.ar\/notas\/wp-json\/wp\/v2\/types\/post"}],"author":[{"embeddable":true,"href":"https:\/\/www.elsindical.com.ar\/notas\/wp-json\/wp\/v2\/users\/1"}],"replies":[{"embeddable":true,"href":"https:\/\/www.elsindical.com.ar\/notas\/wp-json\/wp\/v2\/comments?post=144404"}],"version-history":[{"count":1,"href":"https:\/\/www.elsindical.com.ar\/notas\/wp-json\/wp\/v2\/posts\/144404\/revisions"}],"predecessor-version":[{"id":144405,"href":"https:\/\/www.elsindical.com.ar\/notas\/wp-json\/wp\/v2\/posts\/144404\/revisions\/144405"}],"wp:featuredmedia":[{"embeddable":true,"href":"https:\/\/www.elsindical.com.ar\/notas\/wp-json\/wp\/v2\/media\/140542"}],"wp:attachment":[{"href":"https:\/\/www.elsindical.com.ar\/notas\/wp-json\/wp\/v2\/media?parent=144404"}],"wp:term":[{"taxonomy":"category","embeddable":true,"href":"https:\/\/www.elsindical.com.ar\/notas\/wp-json\/wp\/v2\/categories?post=144404"},{"taxonomy":"post_tag","embeddable":true,"href":"https:\/\/www.elsindical.com.ar\/notas\/wp-json\/wp\/v2\/tags?post=144404"}],"curies":[{"name":"wp","href":"https:\/\/api.w.org\/{rel}","templated":true}]}}