{"id":144401,"date":"2026-05-01T00:18:06","date_gmt":"2026-05-01T03:18:06","guid":{"rendered":"https:\/\/www.elsindical.com.ar\/notas\/?p=144401"},"modified":"2026-05-01T00:18:14","modified_gmt":"2026-05-01T03:18:14","slug":"una-senadora-propone-crear-por-ley-salas-de-periodistas-permanentes-en-los-tres-poderes-del-estado","status":"publish","type":"post","link":"https:\/\/www.elsindical.com.ar\/notas\/una-senadora-propone-crear-por-ley-salas-de-periodistas-permanentes-en-los-tres-poderes-del-estado\/","title":{"rendered":"Una senadora propone crear por ley salas de periodistas permanentes en los tres poderes del Estado"},"content":{"rendered":"<div class=\"wp-block-image\">\n<figure class=\"aligncenter size-full\"><a href=\"https:\/\/www.elsindical.com.ar\/notas\/var\/www\/html\/notas\/wp-content\/uploads\/2026\/05\/Sala-de-prensa-Casa-Rosada.jpg\"><img loading=\"lazy\" decoding=\"async\" width=\"696\" height=\"464\" src=\"https:\/\/www.elsindical.com.ar\/notas\/var\/www\/html\/notas\/wp-content\/uploads\/2026\/05\/Sala-de-prensa-Casa-Rosada.jpg\" alt=\"\" class=\"wp-image-144402\" srcset=\"https:\/\/www.elsindical.com.ar\/notas\/var\/www\/html\/notas\/wp-content\/uploads\/2026\/05\/Sala-de-prensa-Casa-Rosada.jpg 696w, https:\/\/www.elsindical.com.ar\/notas\/var\/www\/html\/notas\/wp-content\/uploads\/2026\/05\/Sala-de-prensa-Casa-Rosada-300x200.jpg 300w\" sizes=\"auto, (max-width: 696px) 100vw, 696px\" \/><\/a><\/figure>\n<\/div>\n\n\n<p>La propuesta surge al cumplirse una semana de que el gobierno nacional dictara la orden de impedir el acceso de la prensa acreditada a la Casa Rosada.<\/p>\n\n\n\n<p>La<strong> senadora nacional<\/strong> de Jujuy <strong>Carolina Mois\u00e9s <\/strong>present\u00f3 un proyecto de ley que establece la obligaci\u00f3n de crear \u201csalas de prensa institucionales\u201d permanentes en los tres poderes del Estado. En este sentido, la parlamentaria afirm\u00f3 que <strong>\u00abno puede haber democracia con periodistas afuera y gobiernos a puertas cerradas\u00bb<\/strong>.<\/p>\n\n\n\n<p>La iniciativa naci\u00f3 tras cumplirse una semana de que el <strong>Ejecutivo dictara la orden de impedir el acceso de la prensa acreditada a la Casa Rosada. <\/strong>En este sentido, el proyecto busca \u201cgarantizar el acceso a la informaci\u00f3n p\u00fablica y la libertad de expresi\u00f3n\u201d y obliga a mantener <strong>salas de periodistas en el Poder Ejecutivo, el Congreso Nacional y la Corte Suprema de Justicia. <\/strong>Asimismo, contempla que estos espacios funcionen de manera permanente sin ser reemplazados por modalidades virtuales ni sedes alternativas.<\/p>\n\n\n\n<p>La legisladora juje\u00f1a, presidenta de la comisi\u00f3n de Sistemas, Medios de Comunicaci\u00f3n y Libertad de Expresi\u00f3n, present\u00f3 la iniciativa junto a los senadores Guillermo Andrada y Sandra Mendoza, todos de Convicci\u00f3n Federal.<strong> \u00abLas salas de prensa deben ser una obligaci\u00f3n del Estado, no una concesi\u00f3n del poder de turno\u201d, asegur\u00f3 Mois\u00e9s.<\/strong><\/p>\n\n\n\n<p>Tambi\u00e9n <strong>proh\u00edbe la revocaci\u00f3n masiva o arbitraria de acreditaciones<\/strong>, garantizando que cualquier restricci\u00f3n sea individual, fundada y con posibilidad de <strong>revisi\u00f3n judicial.<\/strong><\/p>\n\n\n\n<p>\u201cCuando el poder decide qui\u00e9n puede preguntar y qui\u00e9n no, deja de informar y empieza a ocultar. Este proyecto viene a <strong>poner un l\u00edmite claro a la discrecionalidad<\/strong>\u00ab, indic\u00f3 Mois\u00e9s.<\/p>\n\n\n\n<p>Tras rechazar el cierre de la sala de acreditados de la Casa Rosada, la senadora afirm\u00f3: \u201cNo vamos a naturalizar ni debemos permitir que se instale este modo de censura. Sin salas de periodistas dentro del Estado no hay acceso real a la informaci\u00f3n. <strong>Y sin informaci\u00f3n p\u00fablica no hay democracia posible\u201d.<\/strong><\/p>\n\n\n\n<h2 class=\"wp-block-heading\" id=\"p-1777584116442-3240\">Milei contra los periodistas<\/h2>\n\n\n\n<p id=\"p-1777584124223-12011\">La cruzada del presidente <strong>Javier Milei<\/strong> contra los medios de comunicaci\u00f3n se intensific\u00f3 en los \u00faltimos d\u00edas, en particular luego de que dictara la orden de impedir el acceso de la prensa acreditada a la <strong>Casa Rosada<\/strong>. La determinaci\u00f3n, que fue comunicada de manera informal, cumpli\u00f3 este jueves una semana de vigencia y no hay novedades respecto a una pronta resoluci\u00f3n.<\/p>\n\n\n\n<p id=\"p-1777584124223-28557\">\u201cTodav\u00eda no hay nada\u201d, sostiene desde el entorno del secretario de Prensa, <strong>Javier Lanari<\/strong>, un experiodista que intenta hacer equilibrio entre las voluntades del mandatario y su v\u00ednculo con los medios.<\/p>\n\n\n\n<p id=\"p-1777584124223-55240\">\u201cEl caso est\u00e1 cerrado, chorros, corruptos\u201d, vocifer\u00f3 el propio libertario por los pasillos del Congreso Nacional en referencia a la investigaci\u00f3n abierta al jefe de Gabinete, <strong>Manuel Adorni<\/strong>, por presunto enriquecimiento il\u00edcito.<\/p>\n\n\n\n<p id=\"p-1777584186543-33631\">No fueron los \u00fanicos cuestionamientos de la semana. De las tres exposiciones que marcaron estos \u00faltimos d\u00edas de abril, Milei arremeti\u00f3 contra los medios de comunicaci\u00f3n en sus tres discursos. Adem\u00e1s, combin\u00f3 con una serie de mensajes en X como para reforzar su postura.<\/p>\n\n\n\n<p id=\"p-1777584186543-83960\">\u201cHan dicho de todo sobre m\u00ed. Me han acusado de incestuoso, zoof\u00edlico, y ped\u00f3filo. Creo que tengo derecho de defenderme. \u00bfQu\u00e9 creen que es el principio de no agresi\u00f3n? <strong>Los periodistas pueden pegar, pero tambi\u00e9n se puede responder. Eso no afecta a la libertad de expresi\u00f3n<\/strong>. Si creen que hay asimetr\u00eda, les pregunto: \u00bfen qu\u00e9 momento ejerc\u00ed violencia? Esto es para todos los llorones\u201d, sentenci\u00f3 el mi\u00e9rcoles por la tarde durante el cierre de la ExpoEFI en el Centro de Convenciones.<\/p>\n\n\n\n<p><\/p>\n","protected":false},"excerpt":{"rendered":"<p>La propuesta surge al cumplirse una semana de que el gobierno nacional dictara la orden de impedir el acceso de la prensa acreditada a la Casa Rosada. La senadora nacional de Jujuy Carolina Mois\u00e9s present\u00f3 un proyecto de ley que establece la obligaci\u00f3n de crear \u201csalas de prensa institucionales\u201d permanentes en los tres poderes del&hellip;<\/p>\n","protected":false},"author":1,"featured_media":144402,"comment_status":"open","ping_status":"open","sticky":false,"template":"","format":"standard","meta":{"footnotes":""},"categories":[13],"tags":[979,2450,28812,2997,47345,47347,47346],"class_list":["post-144401","post","type-post","status-publish","format-standard","has-post-thumbnail","hentry","category-politica","tag-casa-rosada","tag-diario-el-sindical","tag-javier-milei","tag-proyecto-de-ley","tag-salas-de-prensa","tag-senadora-carolina-moises","tag-tres-poderes"],"_links":{"self":[{"href":"https:\/\/www.elsindical.com.ar\/notas\/wp-json\/wp\/v2\/posts\/144401","targetHints":{"allow":["GET"]}}],"collection":[{"href":"https:\/\/www.elsindical.com.ar\/notas\/wp-json\/wp\/v2\/posts"}],"about":[{"href":"https:\/\/www.elsindical.com.ar\/notas\/wp-json\/wp\/v2\/types\/post"}],"author":[{"embeddable":true,"href":"https:\/\/www.elsindical.com.ar\/notas\/wp-json\/wp\/v2\/users\/1"}],"replies":[{"embeddable":true,"href":"https:\/\/www.elsindical.com.ar\/notas\/wp-json\/wp\/v2\/comments?post=144401"}],"version-history":[{"count":1,"href":"https:\/\/www.elsindical.com.ar\/notas\/wp-json\/wp\/v2\/posts\/144401\/revisions"}],"predecessor-version":[{"id":144403,"href":"https:\/\/www.elsindical.com.ar\/notas\/wp-json\/wp\/v2\/posts\/144401\/revisions\/144403"}],"wp:featuredmedia":[{"embeddable":true,"href":"https:\/\/www.elsindical.com.ar\/notas\/wp-json\/wp\/v2\/media\/144402"}],"wp:attachment":[{"href":"https:\/\/www.elsindical.com.ar\/notas\/wp-json\/wp\/v2\/media?parent=144401"}],"wp:term":[{"taxonomy":"category","embeddable":true,"href":"https:\/\/www.elsindical.com.ar\/notas\/wp-json\/wp\/v2\/categories?post=144401"},{"taxonomy":"post_tag","embeddable":true,"href":"https:\/\/www.elsindical.com.ar\/notas\/wp-json\/wp\/v2\/tags?post=144401"}],"curies":[{"name":"wp","href":"https:\/\/api.w.org\/{rel}","templated":true}]}}