{"id":144396,"date":"2026-04-30T21:48:01","date_gmt":"2026-05-01T00:48:01","guid":{"rendered":"https:\/\/www.elsindical.com.ar\/notas\/?p=144396"},"modified":"2026-04-30T21:48:07","modified_gmt":"2026-05-01T00:48:07","slug":"el-gobierno-ira-a-la-corte-suprema-para-intentar-suspender-la-emergencia-en-discapacidad","status":"publish","type":"post","link":"https:\/\/www.elsindical.com.ar\/notas\/el-gobierno-ira-a-la-corte-suprema-para-intentar-suspender-la-emergencia-en-discapacidad\/","title":{"rendered":"El Gobierno ir\u00e1 a la Corte Suprema para intentar suspender la Emergencia en Discapacidad"},"content":{"rendered":"<div class=\"wp-block-image\">\n<figure class=\"aligncenter size-full\"><a href=\"https:\/\/www.elsindical.com.ar\/notas\/var\/www\/html\/notas\/wp-content\/uploads\/2026\/04\/reclamo-emergencia-en-discapacidad.jpg\"><img loading=\"lazy\" decoding=\"async\" width=\"1003\" height=\"564\" src=\"https:\/\/www.elsindical.com.ar\/notas\/var\/www\/html\/notas\/wp-content\/uploads\/2026\/04\/reclamo-emergencia-en-discapacidad.jpg\" alt=\"\" class=\"wp-image-144397\" srcset=\"https:\/\/www.elsindical.com.ar\/notas\/var\/www\/html\/notas\/wp-content\/uploads\/2026\/04\/reclamo-emergencia-en-discapacidad.jpg 1003w, https:\/\/www.elsindical.com.ar\/notas\/var\/www\/html\/notas\/wp-content\/uploads\/2026\/04\/reclamo-emergencia-en-discapacidad-300x169.jpg 300w, https:\/\/www.elsindical.com.ar\/notas\/var\/www\/html\/notas\/wp-content\/uploads\/2026\/04\/reclamo-emergencia-en-discapacidad-768x432.jpg 768w, https:\/\/www.elsindical.com.ar\/notas\/var\/www\/html\/notas\/wp-content\/uploads\/2026\/04\/reclamo-emergencia-en-discapacidad-460x260.jpg 460w\" sizes=\"auto, (max-width: 1003px) 100vw, 1003px\" \/><\/a><\/figure>\n<\/div>\n\n\n<p>El Gobierno ir\u00e1 a la Corte Suprema para intentar suspender la Ley de Emergencia en Discapacidad. Present\u00f3 este jueves un recurso extraordinario federal por medio de la Procuraci\u00f3n del Tesoro de la Naci\u00f3n con el que<strong> intentar\u00e1 suspender la legislaci\u00f3n aprobada dos veces por el Congreso de la Naci\u00f3n. <\/strong>Entre los argumentos esbozados manifiestan que la legislaci\u00f3n \u201cda\u00f1a la sostenibilidad fiscal y la finanzas p\u00fablicas\u201d.<\/p>\n\n\n\n<p>En el recurso extraordinario presentado detalla que \u201cla sentencia recurrida genera <strong>una situaci\u00f3n de gravedad institucional, dado que -al declarar abstracta la cuesti\u00f3n- ratifica declaraci\u00f3n de inconstitucionalidad del Decreto N\u00b0 681\/2025 obliga al Estado Nacional a realizar enormes erogaciones presupuestarias <\/strong>sin que se hayan previsto las fuentes de financiamiento -tal como ordena el art\u00edculo 5 de la Ley N\u00b0 24.629-\u201c.<\/p>\n\n\n\n<p>Para el Gobierno, \u201cello produce <strong>consecuencias irreparables para el conjunto de la sociedad al comprometer las finanzas p\u00fablicas y la sostenibilidad fiscal,<\/strong> dada la extensi\u00f3n dada al proceso (colectivo con alcance nacional) y el impacto fiscal de la implementaci\u00f3n de la Ley N\u00b0 27.793 en las condiciones actuales, que pone en riesgo el sostenimiento del sistema de seguridad social y el financiamiento de \u00e1reas cr\u00edticas\u201d.<\/p>\n\n\n\n<h2 class=\"wp-block-heading\">Qu\u00e9 plantea la nueva Ley de Discapacidad impulsada por el Gobierno<\/h2>\n\n\n\n<p>El Gobierno envi\u00f3 al Congreso el proyecto \u201cContra el fraude de pensiones por invalidez\u201d que modifica la Ley de Emergencia Nacional en Discapacidad N\u00b027.793 para <strong>establecer un reempadronamiento obligatorio<\/strong>, modificar el financiamiento de las prestaciones y eliminar derechos de trabajadores con discapacidad.<\/p>\n\n\n\n<p>El eje central de la ley est\u00e1 en el empadronamiento obligatorio de todos los titulares de pensiones por discapacidad. Los destinatarios deber\u00e1n <strong>acreditar nuevamente su condici\u00f3n m\u00e9dica, situaci\u00f3n socioecon\u00f3mica y antecedentes laborales<\/strong>. De no hacerlo, la pensi\u00f3n ser\u00eda suspendida de forma autom\u00e1tica.<\/p>\n\n\n\n<p>La norma contempla que <strong>\u201cel incumplimiento de los plazos y requisitos del reempadronamiento dar\u00e1 lugar a la suspensi\u00f3n y posterior baja del beneficio\u201d.<\/strong><\/p>\n\n\n\n<p>A\u00fan cumpliendo ese paso, la informaci\u00f3n proporcionada ser\u00e1 <strong>fiscalizada a partir de un cruce de datos con ANSES, ARCA, SINTyS y otros organismos<\/strong> p\u00fablicos. Ante casos dudosos, suspender\u00e1n igual la pensi\u00f3n de forma \u201cpreventiva\u201d.<\/p>\n\n\n\n<p>A su vez, <strong>la derogaci\u00f3n de los art\u00edculos 5, 8, 9, 14 y 20 de la Ley Emergencia Nacional en Discapacidad N\u00b027.793 la dejar\u00eda sin efecto<\/strong> y retrotraer\u00eda la situaci\u00f3n a meses atr\u00e1s. El Gobierno ya no tendr\u00eda la obligaci\u00f3n de aplicarla y cumplirla.<\/p>\n\n\n\n<p>El nuevo sistema fija el <strong>monto de la pensi\u00f3n no contributiva en el 70% del haber m\u00ednimo jubilatorio, <\/strong>pero elimina la posibilidad que tiene el Ejecutivo para otorgar aumentos en concepto de invalidez laboral y de zona geogr\u00e1fica desfavorable.<\/p>\n\n\n\n<p>En cuanto a los montos, ata su evoluci\u00f3n al haber m\u00ednimo jubilatorio y, <strong>en el caso de los aranceles de las prestaciones, se ajustan trimestralmente o por IPC en caso de demoras<\/strong>, y se incorpora una compensaci\u00f3n de emergencia vinculada tambi\u00e9n al IPC para prestadores. Con la ley todav\u00eda vigente, la actualizaci\u00f3n estaba atada al IPC y se realizaba de forma mensual.<\/p>\n\n\n\n<p>De forma regresiva, el proyecto establece la \u201cincompatibilidad absoluta\u201d de las pensiones con cualquier trabajo formal o inscripci\u00f3n en reg\u00edmenes laborales. <strong>As\u00ed que las personas con discapacidad que trabajen de forma registrada perder\u00e1n su pensi\u00f3n. <\/strong>Adem\u00e1s de eliminar los programas de inclusi\u00f3n de las personas con discapacidad como a la promoci\u00f3n de programas de reconocimiento de empresas.<\/p>\n\n\n\n<p>Adem\u00e1s, el texto autoriza convenios entre la Naci\u00f3n, las provincias y la Ciudad Aut\u00f3noma de Buenos Aires <strong>para la administraci\u00f3n y distribuci\u00f3n de fondos<\/strong>. De esta manera, elimina virtualmente el nomenclador y desregula la negociaci\u00f3n por obra social o prepaga.<\/p>\n\n\n\n<p><\/p>\n","protected":false},"excerpt":{"rendered":"<p>El Gobierno ir\u00e1 a la Corte Suprema para intentar suspender la Ley de Emergencia en Discapacidad. Present\u00f3 este jueves un recurso extraordinario federal por medio de la Procuraci\u00f3n del Tesoro de la Naci\u00f3n con el que intentar\u00e1 suspender la legislaci\u00f3n aprobada dos veces por el Congreso de la Naci\u00f3n. Entre los argumentos esbozados manifiestan que&hellip;<\/p>\n","protected":false},"author":1,"featured_media":144397,"comment_status":"open","ping_status":"open","sticky":false,"template":"","format":"standard","meta":{"footnotes":""},"categories":[20,13,25],"tags":[2450,761,45295,13318],"class_list":["post-144396","post","type-post","status-publish","format-standard","has-post-thumbnail","hentry","category-judiciales","category-politica","category-sociedad","tag-diario-el-sindical","tag-gobierno-nacional","tag-ley-de-emergencia-en-discapacidad","tag-procuracion-del-tesoro-de-la-nacion"],"_links":{"self":[{"href":"https:\/\/www.elsindical.com.ar\/notas\/wp-json\/wp\/v2\/posts\/144396","targetHints":{"allow":["GET"]}}],"collection":[{"href":"https:\/\/www.elsindical.com.ar\/notas\/wp-json\/wp\/v2\/posts"}],"about":[{"href":"https:\/\/www.elsindical.com.ar\/notas\/wp-json\/wp\/v2\/types\/post"}],"author":[{"embeddable":true,"href":"https:\/\/www.elsindical.com.ar\/notas\/wp-json\/wp\/v2\/users\/1"}],"replies":[{"embeddable":true,"href":"https:\/\/www.elsindical.com.ar\/notas\/wp-json\/wp\/v2\/comments?post=144396"}],"version-history":[{"count":1,"href":"https:\/\/www.elsindical.com.ar\/notas\/wp-json\/wp\/v2\/posts\/144396\/revisions"}],"predecessor-version":[{"id":144398,"href":"https:\/\/www.elsindical.com.ar\/notas\/wp-json\/wp\/v2\/posts\/144396\/revisions\/144398"}],"wp:featuredmedia":[{"embeddable":true,"href":"https:\/\/www.elsindical.com.ar\/notas\/wp-json\/wp\/v2\/media\/144397"}],"wp:attachment":[{"href":"https:\/\/www.elsindical.com.ar\/notas\/wp-json\/wp\/v2\/media?parent=144396"}],"wp:term":[{"taxonomy":"category","embeddable":true,"href":"https:\/\/www.elsindical.com.ar\/notas\/wp-json\/wp\/v2\/categories?post=144396"},{"taxonomy":"post_tag","embeddable":true,"href":"https:\/\/www.elsindical.com.ar\/notas\/wp-json\/wp\/v2\/tags?post=144396"}],"curies":[{"name":"wp","href":"https:\/\/api.w.org\/{rel}","templated":true}]}}