{"id":144391,"date":"2026-04-30T14:14:37","date_gmt":"2026-04-30T17:14:37","guid":{"rendered":"https:\/\/www.elsindical.com.ar\/notas\/?p=144391"},"modified":"2026-04-30T14:14:42","modified_gmt":"2026-04-30T17:14:42","slug":"aumento-de-tarifas-de-gas-el-gobierno-oficializo-nuevos-cuadros-para-mayo","status":"publish","type":"post","link":"https:\/\/www.elsindical.com.ar\/notas\/aumento-de-tarifas-de-gas-el-gobierno-oficializo-nuevos-cuadros-para-mayo\/","title":{"rendered":"Aumento de tarifas de gas: el Gobierno oficializ\u00f3 nuevos cuadros para mayo"},"content":{"rendered":"\n<figure class=\"wp-block-image size-full\"><a href=\"https:\/\/www.elsindical.com.ar\/notas\/var\/www\/html\/notas\/wp-content\/uploads\/2018\/10\/hornalla-gas.jpg\"><img loading=\"lazy\" decoding=\"async\" width=\"930\" height=\"525\" src=\"https:\/\/www.elsindical.com.ar\/notas\/var\/www\/html\/notas\/wp-content\/uploads\/2018\/10\/hornalla-gas.jpg\" alt=\"\" class=\"wp-image-81640\" srcset=\"https:\/\/www.elsindical.com.ar\/notas\/var\/www\/html\/notas\/wp-content\/uploads\/2018\/10\/hornalla-gas.jpg 930w, https:\/\/www.elsindical.com.ar\/notas\/var\/www\/html\/notas\/wp-content\/uploads\/2018\/10\/hornalla-gas-300x169.jpg 300w, https:\/\/www.elsindical.com.ar\/notas\/var\/www\/html\/notas\/wp-content\/uploads\/2018\/10\/hornalla-gas-768x434.jpg 768w, https:\/\/www.elsindical.com.ar\/notas\/var\/www\/html\/notas\/wp-content\/uploads\/2018\/10\/hornalla-gas-500x282.jpg 500w, https:\/\/www.elsindical.com.ar\/notas\/var\/www\/html\/notas\/wp-content\/uploads\/2018\/10\/hornalla-gas-460x260.jpg 460w\" sizes=\"auto, (max-width: 930px) 100vw, 930px\" \/><\/a><\/figure>\n\n\n\n<p>El aumento de tarifas de gas fue aprobado por el Gobierno y comenzar\u00e1 a regir en mayo para usuarios de Metrogas y otras distribuidoras, en un contexto de restricciones de GNC por la baja de temperaturas.<\/p>\n\n\n\n<p>El<strong> aumento de tarifas de gas <\/strong>fue formalizado mediante la Resoluci\u00f3n 463\/2026 del<strong> Ente Nacional Regulador del Gas (Enargas<\/strong>), publicada este jueves en el Bolet\u00edn Oficial con la firma de su titular, Marcelo Nach\u00f3n. La medida establece nuevos cuadros tarifarios en el \u00c1rea Metropolitana de Buenos Aires (AMBA), en l\u00ednea con los lineamientos de la Secretar\u00eda de Energ\u00eda y el Ministerio de Econom\u00eda, en el marco de la emergencia energ\u00e9tica vigente desde 2023.<\/p>\n\n\n\n<p>En detalle, <strong>los usuarios residenciales sin subsidios tendr\u00e1n un cargo fijo mensual de $3976,22 en la categor\u00eda m\u00e1s baja (R1) en la Ciudad de Buenos Aires y de $4591,88 en la provincia. <\/strong>En los segmentos de mayor consumo (R4), los valores ascienden a $94.995,74 en Capital Federal y $51.624,44 en territorio bonaerense, mientras que el precio del metro c\u00fabico de gas se fij\u00f3 en $281,33 para la mayor\u00eda de los hogares.<\/p>\n\n\n\n<p>Asimismo, la resoluci\u00f3n incorpora el Precio Anual Uniforme (PAU), que define el costo del gas en el Punto de Ingreso al Sistema de Transporte (PIST), y mantiene el esquema de Subsidios Energ\u00e9ticos Focalizados (SEF) para usuarios vulnerables. En este escenario, el aumento de tarifas de gas previsto para mayo se ubicar\u00eda entre el 1% y el 3%, aunque el impacto final depender\u00e1 de variables como el tipo de cambio, los costos de distribuci\u00f3n y el nivel de subsidios aplicado en cada caso.<\/p>\n","protected":false},"excerpt":{"rendered":"<p>El aumento de tarifas de gas fue aprobado por el Gobierno y comenzar\u00e1 a regir en mayo para usuarios de Metrogas y otras distribuidoras, en un contexto de restricciones de GNC por la baja de temperaturas. El aumento de tarifas de gas fue formalizado mediante la Resoluci\u00f3n 463\/2026 del Ente Nacional Regulador del Gas (Enargas),&hellip;<\/p>\n","protected":false},"author":1,"featured_media":81640,"comment_status":"open","ping_status":"open","sticky":false,"template":"","format":"standard","meta":{"footnotes":""},"categories":[9],"tags":[3468,2450,22023,17980,47344,43591,46589],"class_list":["post-144391","post","type-post","status-publish","format-standard","has-post-thumbnail","hentry","category-economia","tag-amba","tag-diario-el-sindical","tag-economia","tag-enargas","tag-pau","tag-pist","tag-sef"],"_links":{"self":[{"href":"https:\/\/www.elsindical.com.ar\/notas\/wp-json\/wp\/v2\/posts\/144391","targetHints":{"allow":["GET"]}}],"collection":[{"href":"https:\/\/www.elsindical.com.ar\/notas\/wp-json\/wp\/v2\/posts"}],"about":[{"href":"https:\/\/www.elsindical.com.ar\/notas\/wp-json\/wp\/v2\/types\/post"}],"author":[{"embeddable":true,"href":"https:\/\/www.elsindical.com.ar\/notas\/wp-json\/wp\/v2\/users\/1"}],"replies":[{"embeddable":true,"href":"https:\/\/www.elsindical.com.ar\/notas\/wp-json\/wp\/v2\/comments?post=144391"}],"version-history":[{"count":1,"href":"https:\/\/www.elsindical.com.ar\/notas\/wp-json\/wp\/v2\/posts\/144391\/revisions"}],"predecessor-version":[{"id":144392,"href":"https:\/\/www.elsindical.com.ar\/notas\/wp-json\/wp\/v2\/posts\/144391\/revisions\/144392"}],"wp:featuredmedia":[{"embeddable":true,"href":"https:\/\/www.elsindical.com.ar\/notas\/wp-json\/wp\/v2\/media\/81640"}],"wp:attachment":[{"href":"https:\/\/www.elsindical.com.ar\/notas\/wp-json\/wp\/v2\/media?parent=144391"}],"wp:term":[{"taxonomy":"category","embeddable":true,"href":"https:\/\/www.elsindical.com.ar\/notas\/wp-json\/wp\/v2\/categories?post=144391"},{"taxonomy":"post_tag","embeddable":true,"href":"https:\/\/www.elsindical.com.ar\/notas\/wp-json\/wp\/v2\/tags?post=144391"}],"curies":[{"name":"wp","href":"https:\/\/api.w.org\/{rel}","templated":true}]}}