{"id":144389,"date":"2026-04-30T14:11:14","date_gmt":"2026-04-30T17:11:14","guid":{"rendered":"https:\/\/www.elsindical.com.ar\/notas\/?p=144389"},"modified":"2026-04-30T14:11:19","modified_gmt":"2026-04-30T17:11:19","slug":"combustibles-el-gobierno-aplico-un-aumento-parcial-del-05-en-mayo-y-postergo-el-resto-para-junio","status":"publish","type":"post","link":"https:\/\/www.elsindical.com.ar\/notas\/combustibles-el-gobierno-aplico-un-aumento-parcial-del-05-en-mayo-y-postergo-el-resto-para-junio\/","title":{"rendered":"Combustibles: El Gobierno aplic\u00f3 un aumento parcial del 0,5% en mayo y posterg\u00f3 el resto para junio"},"content":{"rendered":"<div class=\"wp-block-image\">\n<figure class=\"aligncenter size-full\"><a href=\"https:\/\/www.elsindical.com.ar\/notas\/var\/www\/html\/notas\/wp-content\/uploads\/2018\/06\/nafta-surtidor.jpg\"><img loading=\"lazy\" decoding=\"async\" width=\"630\" height=\"356\" src=\"https:\/\/www.elsindical.com.ar\/notas\/var\/www\/html\/notas\/wp-content\/uploads\/2018\/06\/nafta-surtidor.jpg\" alt=\"\" class=\"wp-image-78816\" srcset=\"https:\/\/www.elsindical.com.ar\/notas\/var\/www\/html\/notas\/wp-content\/uploads\/2018\/06\/nafta-surtidor.jpg 630w, https:\/\/www.elsindical.com.ar\/notas\/var\/www\/html\/notas\/wp-content\/uploads\/2018\/06\/nafta-surtidor-300x170.jpg 300w, https:\/\/www.elsindical.com.ar\/notas\/var\/www\/html\/notas\/wp-content\/uploads\/2018\/06\/nafta-surtidor-500x283.jpg 500w, https:\/\/www.elsindical.com.ar\/notas\/var\/www\/html\/notas\/wp-content\/uploads\/2018\/06\/nafta-surtidor-460x260.jpg 460w\" sizes=\"auto, (max-width: 630px) 100vw, 630px\" \/><\/a><\/figure>\n<\/div>\n\n\n<p>La actualizaci\u00f3n de impuestos a los combustibles impactar\u00e1 en los surtidores, aunque el Ejecutivo decidi\u00f3 diferir parte del ajuste para contener la inflaci\u00f3n y sostener la actividad econ\u00f3mica.<\/p>\n\n\n\n<p>El Gobierno nacional dispuso una actualizaci\u00f3n parcial de los <strong>impuestos a los combustibles del 0,5% para mayo<\/strong>, medida que impactar\u00e1 en los precios en surtidores, mientras que el resto del ajuste pendiente se trasladar\u00e1 a junio. La decisi\u00f3n fue oficializada mediante el Decreto 302\/2026 publicado este jueves en el Bolet\u00edn Oficial.<\/p>\n\n\n\n<p>La normativa establece un incremento en los impuestos sobre los Combustibles L\u00edquidos y al Di\u00f3xido de Carbono para las operaciones realizadas entre el 1\u00b0 y el 31 de mayo de 2026. <strong>En el caso de la nafta sin plomo y la nafta virgen, el impuesto a los combustibles l\u00edquidos sube $10,398 por litro<\/strong>, mientras que el tributo al di\u00f3xido de carbono aumenta $0,637. Para el gasoil, en tanto, el incremento es de $9,269 en el impuesto a los combustibles l\u00edquidos, $5,019 en tratamientos diferenciales y $1,056 en el gravamen ambiental.<\/p>\n\n\n\n<p>El ajuste rige en todo el pa\u00eds, aunque contempla un esquema diferencial para el gasoil en regiones espec\u00edficas como Neuqu\u00e9n, La Pampa, R\u00edo Negro, Chubut, Santa Cruz, Tierra del Fuego, el partido bonaerense de Patagones y el departamento mendocino de Malarg\u00fce. Adem\u00e1s, el decreto dispone que los aumentos remanentes correspondientes a las actualizaciones de 2024 y 2025 no se apliquen completamente en mayo, sino que se trasladen al mes siguiente.<\/p>\n\n\n\n<p>Desde el Ejecutivo argumentaron que la medida busca \u201ccontinuar estimulando el crecimiento de la econom\u00eda a trav\u00e9s de un sendero fiscal sostenible\u201d, en un contexto de presi\u00f3n sobre los precios energ\u00e9ticos a nivel internacional. En este escenario, la administraci\u00f3n de Javier Milei opt\u00f3 por desdoblar los incrementos impositivos para evitar un impacto mayor en los precios al p\u00fablico y en la inflaci\u00f3n, que viene mostrando se\u00f1ales de aceleraci\u00f3n. Seg\u00fan estimaciones de la consultora Econom\u00eda y Energ\u00eda, las postergaciones aplicadas en 2025 implicaron una resignaci\u00f3n fiscal de unos US$2.326 millones.<\/p>\n","protected":false},"excerpt":{"rendered":"<p>La actualizaci\u00f3n de impuestos a los combustibles impactar\u00e1 en los surtidores, aunque el Ejecutivo decidi\u00f3 diferir parte del ajuste para contener la inflaci\u00f3n y sostener la actividad econ\u00f3mica. El Gobierno nacional dispuso una actualizaci\u00f3n parcial de los impuestos a los combustibles del 0,5% para mayo, medida que impactar\u00e1 en los precios en surtidores, mientras que&hellip;<\/p>\n","protected":false},"author":1,"featured_media":78816,"comment_status":"open","ping_status":"open","sticky":false,"template":"","format":"standard","meta":{"footnotes":""},"categories":[9,13],"tags":[47343,2450,22023,761],"class_list":["post-144389","post","type-post","status-publish","format-standard","has-post-thumbnail","hentry","category-economia","category-politica","tag-aumentos-combustibles","tag-diario-el-sindical","tag-economia","tag-gobierno-nacional"],"_links":{"self":[{"href":"https:\/\/www.elsindical.com.ar\/notas\/wp-json\/wp\/v2\/posts\/144389","targetHints":{"allow":["GET"]}}],"collection":[{"href":"https:\/\/www.elsindical.com.ar\/notas\/wp-json\/wp\/v2\/posts"}],"about":[{"href":"https:\/\/www.elsindical.com.ar\/notas\/wp-json\/wp\/v2\/types\/post"}],"author":[{"embeddable":true,"href":"https:\/\/www.elsindical.com.ar\/notas\/wp-json\/wp\/v2\/users\/1"}],"replies":[{"embeddable":true,"href":"https:\/\/www.elsindical.com.ar\/notas\/wp-json\/wp\/v2\/comments?post=144389"}],"version-history":[{"count":1,"href":"https:\/\/www.elsindical.com.ar\/notas\/wp-json\/wp\/v2\/posts\/144389\/revisions"}],"predecessor-version":[{"id":144390,"href":"https:\/\/www.elsindical.com.ar\/notas\/wp-json\/wp\/v2\/posts\/144389\/revisions\/144390"}],"wp:featuredmedia":[{"embeddable":true,"href":"https:\/\/www.elsindical.com.ar\/notas\/wp-json\/wp\/v2\/media\/78816"}],"wp:attachment":[{"href":"https:\/\/www.elsindical.com.ar\/notas\/wp-json\/wp\/v2\/media?parent=144389"}],"wp:term":[{"taxonomy":"category","embeddable":true,"href":"https:\/\/www.elsindical.com.ar\/notas\/wp-json\/wp\/v2\/categories?post=144389"},{"taxonomy":"post_tag","embeddable":true,"href":"https:\/\/www.elsindical.com.ar\/notas\/wp-json\/wp\/v2\/tags?post=144389"}],"curies":[{"name":"wp","href":"https:\/\/api.w.org\/{rel}","templated":true}]}}