{"id":144378,"date":"2026-04-29T21:40:38","date_gmt":"2026-04-30T00:40:38","guid":{"rendered":"https:\/\/www.elsindical.com.ar\/notas\/?p=144378"},"modified":"2026-04-29T21:40:44","modified_gmt":"2026-04-30T00:40:44","slug":"se-mantiene-la-restriccion-a-estaciones-de-gnc-e-industrias-por-la-alta-demanda","status":"publish","type":"post","link":"https:\/\/www.elsindical.com.ar\/notas\/se-mantiene-la-restriccion-a-estaciones-de-gnc-e-industrias-por-la-alta-demanda\/","title":{"rendered":"Se mantiene la restricci\u00f3n a estaciones de GNC e industrias por la alta demanda"},"content":{"rendered":"<div class=\"wp-block-image\">\n<figure class=\"aligncenter size-full\"><a href=\"https:\/\/www.elsindical.com.ar\/notas\/var\/www\/html\/notas\/wp-content\/uploads\/2026\/04\/restriccion-GNC-2026.jpg\"><img loading=\"lazy\" decoding=\"async\" width=\"750\" height=\"418\" src=\"https:\/\/www.elsindical.com.ar\/notas\/var\/www\/html\/notas\/wp-content\/uploads\/2026\/04\/restriccion-GNC-2026.jpg\" alt=\"\" class=\"wp-image-144379\" srcset=\"https:\/\/www.elsindical.com.ar\/notas\/var\/www\/html\/notas\/wp-content\/uploads\/2026\/04\/restriccion-GNC-2026.jpg 750w, https:\/\/www.elsindical.com.ar\/notas\/var\/www\/html\/notas\/wp-content\/uploads\/2026\/04\/restriccion-GNC-2026-300x167.jpg 300w\" sizes=\"auto, (max-width: 750px) 100vw, 750px\" \/><\/a><\/figure>\n<\/div>\n\n\n<p>La medida afecta contratos interrumpibles y ya se extiende m\u00e1s all\u00e1 del AMBA. Crece la preocupaci\u00f3n entre usuarios y sectores productivos por la falta de certezas sobre la normalizaci\u00f3n del servicio.<\/p>\n\n\n\n<p>El <strong>corte de gas<\/strong> para contratos interrumpibles en estaciones de GNC e industrias se mantuvo este mi\u00e9rcoles debido a la fuerte demanda residencial impulsada por las bajas temperaturas. La restricci\u00f3n comenz\u00f3 el martes y contin\u00faa sin una fecha clara de finalizaci\u00f3n.<\/p>\n\n\n\n<p><strong>El escenario gener\u00f3 inquietud entre los conductores, especialmente en el \u00c1rea Metropolitana de Buenos Aires (AMBA),<\/strong> donde en las \u00faltimas horas se registr\u00f3 un incremento en la circulaci\u00f3n hacia estaciones de GNC ante el temor de desabastecimiento. <strong>La medida, en principio focalizada en esa regi\u00f3n, comenz\u00f3 a replicarse en distintas ciudades del interior del pa\u00eds.<\/strong><\/p>\n\n\n\n<p>Desde el sector energ\u00e9tico explicaron que la prioridad est\u00e1 puesta en garantizar el abastecimiento domiciliario frente a la ola de fr\u00edo, lo que obliga a interrumpir el suministro en contratos que contemplan este tipo de contingencias. Sin embargo, la prolongaci\u00f3n de los cortes empieza a impactar en la actividad industrial y en el transporte.<\/p>\n\n\n\n<p>En este contexto, la secretaria de Energ\u00eda, <strong>Mar\u00eda Tettamanti<\/strong>, reconoci\u00f3 que si bien Argentina avanza hacia la exportaci\u00f3n de gas, a\u00fan no cuenta con la infraestructura necesaria para responder a los picos de demanda interna, lo que vuelve a exponer la fragilidad del sistema en momentos cr\u00edticos.<\/p>\n\n\n\n<p><\/p>\n","protected":false},"excerpt":{"rendered":"<p>La medida afecta contratos interrumpibles y ya se extiende m\u00e1s all\u00e1 del AMBA. Crece la preocupaci\u00f3n entre usuarios y sectores productivos por la falta de certezas sobre la normalizaci\u00f3n del servicio. El corte de gas para contratos interrumpibles en estaciones de GNC e industrias se mantuvo este mi\u00e9rcoles debido a la fuerte demanda residencial impulsada&hellip;<\/p>\n","protected":false},"author":1,"featured_media":144379,"comment_status":"open","ping_status":"open","sticky":false,"template":"","format":"standard","meta":{"footnotes":""},"categories":[13,25],"tags":[3468,47337,2450,47338,25419,28812,47339,22032],"class_list":["post-144378","post","type-post","status-publish","format-standard","has-post-thumbnail","hentry","category-politica","category-sociedad","tag-amba","tag-cortes-de-gas","tag-diario-el-sindical","tag-estaciones-de-gnc","tag-industrias","tag-javier-milei","tag-maria-tettamanti","tag-sociedad"],"_links":{"self":[{"href":"https:\/\/www.elsindical.com.ar\/notas\/wp-json\/wp\/v2\/posts\/144378","targetHints":{"allow":["GET"]}}],"collection":[{"href":"https:\/\/www.elsindical.com.ar\/notas\/wp-json\/wp\/v2\/posts"}],"about":[{"href":"https:\/\/www.elsindical.com.ar\/notas\/wp-json\/wp\/v2\/types\/post"}],"author":[{"embeddable":true,"href":"https:\/\/www.elsindical.com.ar\/notas\/wp-json\/wp\/v2\/users\/1"}],"replies":[{"embeddable":true,"href":"https:\/\/www.elsindical.com.ar\/notas\/wp-json\/wp\/v2\/comments?post=144378"}],"version-history":[{"count":1,"href":"https:\/\/www.elsindical.com.ar\/notas\/wp-json\/wp\/v2\/posts\/144378\/revisions"}],"predecessor-version":[{"id":144380,"href":"https:\/\/www.elsindical.com.ar\/notas\/wp-json\/wp\/v2\/posts\/144378\/revisions\/144380"}],"wp:featuredmedia":[{"embeddable":true,"href":"https:\/\/www.elsindical.com.ar\/notas\/wp-json\/wp\/v2\/media\/144379"}],"wp:attachment":[{"href":"https:\/\/www.elsindical.com.ar\/notas\/wp-json\/wp\/v2\/media?parent=144378"}],"wp:term":[{"taxonomy":"category","embeddable":true,"href":"https:\/\/www.elsindical.com.ar\/notas\/wp-json\/wp\/v2\/categories?post=144378"},{"taxonomy":"post_tag","embeddable":true,"href":"https:\/\/www.elsindical.com.ar\/notas\/wp-json\/wp\/v2\/tags?post=144378"}],"curies":[{"name":"wp","href":"https:\/\/api.w.org\/{rel}","templated":true}]}}